{"id":4562,"date":"2017-11-17T16:28:00","date_gmt":"2017-11-17T14:28:00","guid":{"rendered":"https:\/\/casal.puntzero.cat\/noticies\/llet-nostra-collabora-amb-el-casal-dels-infants-de-salt-aportant-llet-tot-un-any\/"},"modified":"2023-03-24T11:01:45","modified_gmt":"2023-03-24T09:01:45","slug":"llet-nostra-collabora-amb-el-casal-dels-infants-de-salt-aportant-llet-tot-un-any","status":"publish","type":"post","link":"https:\/\/www.casaldelsinfants.org\/es\/actualidad\/llet-nostra-colabora-con-el-casal-de-salt-aportando-leche-para-todo-un-ano\/","title":{"rendered":"Llet Nostra colabora con el Casal de Salt aportando leche para todo un a\u00f1o"},"content":{"rendered":"<h4><img decoding=\"async\" class=\"alignnone size-full wp-image-3647\" src=\"https:\/\/casaldelsinfants.org\/wp-content\/uploads\/llet_nostra.jpg\" alt=\"\" width=\"2484\" height=\"2000\" srcset=\"https:\/\/www.casaldelsinfants.org\/wp-content\/uploads\/llet_nostra.jpg 2484w, https:\/\/www.casaldelsinfants.org\/wp-content\/uploads\/llet_nostra-768x618.jpg 768w, https:\/\/www.casaldelsinfants.org\/wp-content\/uploads\/llet_nostra-1536x1237.jpg 1536w, https:\/\/www.casaldelsinfants.org\/wp-content\/uploads\/llet_nostra-2048x1649.jpg 2048w, https:\/\/www.casaldelsinfants.org\/wp-content\/uploads\/llet_nostra-1080x870.jpg 1080w, https:\/\/www.casaldelsinfants.org\/wp-content\/uploads\/llet_nostra-1280x1031.jpg 1280w, https:\/\/www.casaldelsinfants.org\/wp-content\/uploads\/llet_nostra-980x789.jpg 980w, https:\/\/www.casaldelsinfants.org\/wp-content\/uploads\/llet_nostra-480x386.jpg 480w\" sizes=\"(max-width: 2484px) 100vw, 2484px\" \/><\/h4>\n<h4><span style=\"font-size: 1em; line-height: 1.3em;\"><span style=\"font-size: 1em; line-height: 1.3em;\">La entidad social considera la alimentaci\u00f3n sana y equilibrada como la base para que los ni\u00f1os y ni\u00f1as estudien y se relacionen con energ\u00eda y confianza<\/span><\/span><\/h4>\n<p>Llet Nostra, la leche de Cooperativas Catalanas, aportar\u00e1 la leche necesaria para los desayunos de todo un a\u00f1o de los ni\u00f1os, ni\u00f1as y j\u00f3venes del Casal de Salt (Giron\u00e8s). Esta aportaci\u00f3n forma parte de los m\u00e1s de 4 mil litros de leche que Llet Nostra dar\u00e1 a diferentes sedes de la entidad de acci\u00f3n social.<span style=\"font-size: 12.16px; line-height: 1.3em;\">\u00a0<\/span><\/p>\n<p>El Casal de Salt apoya cada d\u00eda a 240 ni\u00f1os y ni\u00f1as, adolescentes, j\u00f3venes y familias en riesgo de exclusi\u00f3n social, acompa\u00f1\u00e1ndolos, haci\u00e9ndolos lado con la educaci\u00f3n como la principal herramienta para que puedan salirse se. Por ello, seg\u00fan el director del Casal de Salt, Ferran L\u00f3pez: \u00abuna alimentaci\u00f3n sana y saludable es la base para que todos los ni\u00f1os puedan tener la energ\u00eda que necesitan cada d\u00eda para estudiar, para relacionarse, para tirar adelante en igualdad de oportunidades \u00ab. En este sentido, ha continuado, \u00abLa leche que aporta Llet Nostra es pieza clave de su alimentaci\u00f3n y, por tanto, la base para que crezcan sanos y con confianza\u00bb.<span style=\"font-size: 12.16px; line-height: 1.3em;\">\u00a0<\/span><\/p>\n<p>Por su parte, el presidente de Llet Nostra, Jordi Riembau, dijo: \u00abDesde Llet Nostra nos complace mucho ayudar al Casal a desarrollar su labor de apoyo a la infancia. Y lo hacemos de la mejor manera que sabemos hacer: dando leche de calidad de nuestras granjas para complementar la alimentaci\u00f3n de estos ni\u00f1os \u00bb.<span style=\"font-size: 12.16px; line-height: 1.3em;\">\u00a0<\/span><\/p>\n<p>Los representantes de ambas organizaciones han visitado el nuevo local que la entidad acaba de abrir en la calle Mayor de la localidad gerundense donde se concentrar\u00e1n los proyectos que ahora se encuentran dispersos en diferentes locales de la ciudad \u00abestamos muy contentos con el nuevo espacio \u00ab, explic\u00f3 Rosa Balaguer, directora general del Casal,\u00bb Frisia para poder inaugurarlo y abrirlo a los vecinos y vecinas, en todo Salt, para que lo hagan suyo, pues el Casal es una organizaci\u00f3n de la ciudadan\u00eda y para a la ciudadan\u00eda \u00ab.<span style=\"font-size: 12.16px; line-height: 1.3em;\">\u00a0<\/span><\/p>\n<p><strong>Proyecto Vincles<\/strong><span style=\"font-size: 12.16px; line-height: 1.3em;\">\u00a0<\/span><\/p>\n<p>El presidente de Llet Nostra, Jordi Riembau, y el jefe de Relaciones Institucionales de Llet Nostra, Xavier Tubert, han visitado tambi\u00e9n el proyecto Vincles del Casal que se desarrolla provisionalmente en la Factor\u00eda Cultural de la Coma Cros y que da apoyo a madres y beb\u00e9s de 0 a 3 a\u00f1os.<span style=\"font-size: 12.16px; line-height: 1.3em;\">\u00a0<\/span><\/p>\n<p>Durante la visita, Balaguer, ha explicado que el proyecto Vincles \u00abes un espacio para madres con dificultades con sus beb\u00e9s, que trabaja la relaci\u00f3n materno-filial y las acompa\u00f1a para que ganen confianza y autonom\u00eda y puedan salir adelante por s\u00ed solas\u00bb. En Salt, Vincles acoge semanalmente 60 madres y 60 beb\u00e9s, los mismos que asisten a los diferentes \u00abVincles\u00bb que el Casal tiene en Santa Coloma de Gramenet, Badalona y Barcelona.<\/p>\n","protected":false},"excerpt":{"rendered":"<p>La entidad social considera la alimentaci\u00f3n sana y equilibrada como la base para que los ni\u00f1os y ni\u00f1as estudien y se relacionen con energ\u00eda y confianza Llet Nostra, la leche de Cooperativas Catalanas, aportar\u00e1 la leche necesaria para los desayunos de todo un a\u00f1o de los ni\u00f1os, ni\u00f1as y j\u00f3venes del Casal de Salt (Giron\u00e8s). [&hellip;]<\/p>\n","protected":false},"author":1,"featured_media":3647,"comment_status":"open","ping_status":"open","sticky":false,"template":"","format":"standard","meta":{"_acf_changed":false,"_et_pb_use_builder":"","_et_pb_old_content":"","_et_gb_content_width":"","inline_featured_image":false,"footnotes":""},"categories":[125],"tags":[],"seus":[],"eixos":[],"class_list":["post-4562","post","type-post","status-publish","format-standard","has-post-thumbnail","hentry","category-noticias"],"acf":[],"yoast_head":"<!-- This site is optimized with the Yoast SEO plugin v27.4 - https:\/\/yoast.com\/product\/yoast-seo-wordpress\/ -->\n<title>Llet Nostra colabora con el Casal de Salt aportando leche para todo un a\u00f1o - Casal dels Infants<\/title>\n<meta name=\"robots\" content=\"index, follow, max-snippet:-1, max-image-preview:large, max-video-preview:-1\" \/>\n<link rel=\"canonical\" href=\"https:\/\/www.casaldelsinfants.org\/es\/actualidad\/llet-nostra-colabora-con-el-casal-de-salt-aportando-leche-para-todo-un-ano\/\" \/>\n<meta property=\"og:locale\" content=\"es_ES\" \/>\n<meta property=\"og:type\" content=\"article\" \/>\n<meta property=\"og:title\" content=\"Llet Nostra colabora con el Casal de Salt aportando leche para todo un a\u00f1o - Casal dels Infants\" \/>\n<meta property=\"og:description\" content=\"La entidad social considera la alimentaci\u00f3n sana y equilibrada como la base para que los ni\u00f1os y ni\u00f1as estudien y se relacionen con energ\u00eda y confianza Llet Nostra, la leche de Cooperativas Catalanas, aportar\u00e1 la leche necesaria para los desayunos de todo un a\u00f1o de los ni\u00f1os, ni\u00f1as y j\u00f3venes del Casal de Salt (Giron\u00e8s). [&hellip;]\" \/>\n<meta property=\"og:url\" content=\"https:\/\/www.casaldelsinfants.org\/es\/actualidad\/llet-nostra-colabora-con-el-casal-de-salt-aportando-leche-para-todo-un-ano\/\" \/>\n<meta property=\"og:site_name\" content=\"Casal dels Infants\" \/>\n<meta property=\"article:publisher\" content=\"https:\/\/www.facebook.com\/casalinfants\" \/>\n<meta property=\"article:published_time\" content=\"2017-11-17T14:28:00+00:00\" \/>\n<meta property=\"article:modified_time\" content=\"2023-03-24T09:01:45+00:00\" \/>\n<meta property=\"og:image\" content=\"https:\/\/www.casaldelsinfants.org\/wp-content\/uploads\/llet_nostra.jpg\" \/>\n\t<meta property=\"og:image:width\" content=\"2484\" \/>\n\t<meta property=\"og:image:height\" content=\"2000\" \/>\n\t<meta property=\"og:image:type\" content=\"image\/jpeg\" \/>\n<meta name=\"author\" content=\"cdiAdmin\" \/>\n<meta name=\"twitter:card\" content=\"summary_large_image\" \/>\n<meta name=\"twitter:creator\" content=\"@casalinfants\" \/>\n<meta name=\"twitter:site\" content=\"@casalinfants\" \/>\n<meta name=\"twitter:label1\" content=\"Escrito por\" \/>\n\t<meta name=\"twitter:data1\" content=\"cdiAdmin\" \/>\n\t<meta name=\"twitter:label2\" content=\"Tiempo de lectura\" \/>\n\t<meta name=\"twitter:data2\" content=\"3 minutos\" \/>\n<script type=\"application\/ld+json\" class=\"yoast-schema-graph\">{\"@context\":\"https:\\\/\\\/schema.org\",\"@graph\":[{\"@type\":\"Article\",\"@id\":\"https:\\\/\\\/www.casaldelsinfants.org\\\/es\\\/actualidad\\\/llet-nostra-colabora-con-el-casal-de-salt-aportando-leche-para-todo-un-ano\\\/#article\",\"isPartOf\":{\"@id\":\"https:\\\/\\\/www.casaldelsinfants.org\\\/es\\\/actualidad\\\/llet-nostra-colabora-con-el-casal-de-salt-aportando-leche-para-todo-un-ano\\\/\"},\"author\":{\"name\":\"cdiAdmin\",\"@id\":\"https:\\\/\\\/www.casaldelsinfants.org\\\/es\\\/#\\\/schema\\\/person\\\/97707fc8c64900cf36891127dbf9fba8\"},\"headline\":\"Llet Nostra colabora con el Casal de Salt aportando leche para todo un a\u00f1o\",\"datePublished\":\"2017-11-17T14:28:00+00:00\",\"dateModified\":\"2023-03-24T09:01:45+00:00\",\"mainEntityOfPage\":{\"@id\":\"https:\\\/\\\/www.casaldelsinfants.org\\\/es\\\/actualidad\\\/llet-nostra-colabora-con-el-casal-de-salt-aportando-leche-para-todo-un-ano\\\/\"},\"wordCount\":504,\"commentCount\":0,\"publisher\":{\"@id\":\"https:\\\/\\\/www.casaldelsinfants.org\\\/es\\\/#organization\"},\"image\":{\"@id\":\"https:\\\/\\\/www.casaldelsinfants.org\\\/es\\\/actualidad\\\/llet-nostra-colabora-con-el-casal-de-salt-aportando-leche-para-todo-un-ano\\\/#primaryimage\"},\"thumbnailUrl\":\"https:\\\/\\\/www.casaldelsinfants.org\\\/wp-content\\\/uploads\\\/llet_nostra.jpg\",\"articleSection\":[\"Noticia\"],\"inLanguage\":\"es\",\"potentialAction\":[{\"@type\":\"CommentAction\",\"name\":\"Comment\",\"target\":[\"https:\\\/\\\/www.casaldelsinfants.org\\\/es\\\/actualidad\\\/llet-nostra-colabora-con-el-casal-de-salt-aportando-leche-para-todo-un-ano\\\/#respond\"]}]},{\"@type\":\"WebPage\",\"@id\":\"https:\\\/\\\/www.casaldelsinfants.org\\\/es\\\/actualidad\\\/llet-nostra-colabora-con-el-casal-de-salt-aportando-leche-para-todo-un-ano\\\/\",\"url\":\"https:\\\/\\\/www.casaldelsinfants.org\\\/es\\\/actualidad\\\/llet-nostra-colabora-con-el-casal-de-salt-aportando-leche-para-todo-un-ano\\\/\",\"name\":\"Llet Nostra colabora con el Casal de Salt aportando leche para todo un a\u00f1o - Casal dels Infants\",\"isPartOf\":{\"@id\":\"https:\\\/\\\/www.casaldelsinfants.org\\\/es\\\/#website\"},\"primaryImageOfPage\":{\"@id\":\"https:\\\/\\\/www.casaldelsinfants.org\\\/es\\\/actualidad\\\/llet-nostra-colabora-con-el-casal-de-salt-aportando-leche-para-todo-un-ano\\\/#primaryimage\"},\"image\":{\"@id\":\"https:\\\/\\\/www.casaldelsinfants.org\\\/es\\\/actualidad\\\/llet-nostra-colabora-con-el-casal-de-salt-aportando-leche-para-todo-un-ano\\\/#primaryimage\"},\"thumbnailUrl\":\"https:\\\/\\\/www.casaldelsinfants.org\\\/wp-content\\\/uploads\\\/llet_nostra.jpg\",\"datePublished\":\"2017-11-17T14:28:00+00:00\",\"dateModified\":\"2023-03-24T09:01:45+00:00\",\"breadcrumb\":{\"@id\":\"https:\\\/\\\/www.casaldelsinfants.org\\\/es\\\/actualidad\\\/llet-nostra-colabora-con-el-casal-de-salt-aportando-leche-para-todo-un-ano\\\/#breadcrumb\"},\"inLanguage\":\"es\",\"potentialAction\":[{\"@type\":\"ReadAction\",\"target\":[\"https:\\\/\\\/www.casaldelsinfants.org\\\/es\\\/actualidad\\\/llet-nostra-colabora-con-el-casal-de-salt-aportando-leche-para-todo-un-ano\\\/\"]}]},{\"@type\":\"ImageObject\",\"inLanguage\":\"es\",\"@id\":\"https:\\\/\\\/www.casaldelsinfants.org\\\/es\\\/actualidad\\\/llet-nostra-colabora-con-el-casal-de-salt-aportando-leche-para-todo-un-ano\\\/#primaryimage\",\"url\":\"https:\\\/\\\/www.casaldelsinfants.org\\\/wp-content\\\/uploads\\\/llet_nostra.jpg\",\"contentUrl\":\"https:\\\/\\\/www.casaldelsinfants.org\\\/wp-content\\\/uploads\\\/llet_nostra.jpg\",\"width\":2484,\"height\":2000,\"caption\":\"Llet Nostra col\u00b7labora amb el Casal dels Infants de Salt aportant llet per a tot un any\"},{\"@type\":\"BreadcrumbList\",\"@id\":\"https:\\\/\\\/www.casaldelsinfants.org\\\/es\\\/actualidad\\\/llet-nostra-colabora-con-el-casal-de-salt-aportando-leche-para-todo-un-ano\\\/#breadcrumb\",\"itemListElement\":[{\"@type\":\"ListItem\",\"position\":1,\"name\":\"Inici\",\"item\":\"https:\\\/\\\/www.casaldelsinfants.org\\\/es\\\/\"},{\"@type\":\"ListItem\",\"position\":2,\"name\":\"Llet Nostra colabora con el Casal de Salt aportando leche para todo un a\u00f1o\"}]},{\"@type\":\"WebSite\",\"@id\":\"https:\\\/\\\/www.casaldelsinfants.org\\\/es\\\/#website\",\"url\":\"https:\\\/\\\/www.casaldelsinfants.org\\\/es\\\/\",\"name\":\"Casal dels Infants\",\"description\":\"\",\"publisher\":{\"@id\":\"https:\\\/\\\/www.casaldelsinfants.org\\\/es\\\/#organization\"},\"potentialAction\":[{\"@type\":\"SearchAction\",\"target\":{\"@type\":\"EntryPoint\",\"urlTemplate\":\"https:\\\/\\\/www.casaldelsinfants.org\\\/es\\\/?s={search_term_string}\"},\"query-input\":{\"@type\":\"PropertyValueSpecification\",\"valueRequired\":true,\"valueName\":\"search_term_string\"}}],\"inLanguage\":\"es\"},{\"@type\":\"Organization\",\"@id\":\"https:\\\/\\\/www.casaldelsinfants.org\\\/es\\\/#organization\",\"name\":\"Casal dels Infants\",\"url\":\"https:\\\/\\\/www.casaldelsinfants.org\\\/es\\\/\",\"logo\":{\"@type\":\"ImageObject\",\"inLanguage\":\"es\",\"@id\":\"https:\\\/\\\/www.casaldelsinfants.org\\\/es\\\/#\\\/schema\\\/logo\\\/image\\\/\",\"url\":\"https:\\\/\\\/www.casaldelsinfants.org\\\/wp-content\\\/uploads\\\/logo-mail.png\",\"contentUrl\":\"https:\\\/\\\/www.casaldelsinfants.org\\\/wp-content\\\/uploads\\\/logo-mail.png\",\"width\":380,\"height\":158,\"caption\":\"Casal dels Infants\"},\"image\":{\"@id\":\"https:\\\/\\\/www.casaldelsinfants.org\\\/es\\\/#\\\/schema\\\/logo\\\/image\\\/\"},\"sameAs\":[\"https:\\\/\\\/www.facebook.com\\\/casalinfants\",\"https:\\\/\\\/x.com\\\/casalinfants\",\"https:\\\/\\\/www.youtube.com\\\/user\\\/CasaldelsInfants1\",\"https:\\\/\\\/www.instagram.com\\\/casalinfants\\\/\",\"https:\\\/\\\/www.linkedin.com\\\/company\\\/casaldelsinfants?trk=organization-update_share-update_actor-text\"]},{\"@type\":\"Person\",\"@id\":\"https:\\\/\\\/www.casaldelsinfants.org\\\/es\\\/#\\\/schema\\\/person\\\/97707fc8c64900cf36891127dbf9fba8\",\"name\":\"cdiAdmin\",\"sameAs\":[\"https:\\\/\\\/casaldelsinfants.org\"]}]}<\/script>\n<!-- \/ Yoast SEO plugin. -->","yoast_head_json":{"title":"Llet Nostra colabora con el Casal de Salt aportando leche para todo un a\u00f1o - Casal dels Infants","robots":{"index":"index","follow":"follow","max-snippet":"max-snippet:-1","max-image-preview":"max-image-preview:large","max-video-preview":"max-video-preview:-1"},"canonical":"https:\/\/www.casaldelsinfants.org\/es\/actualidad\/llet-nostra-colabora-con-el-casal-de-salt-aportando-leche-para-todo-un-ano\/","og_locale":"es_ES","og_type":"article","og_title":"Llet Nostra colabora con el Casal de Salt aportando leche para todo un a\u00f1o - Casal dels Infants","og_description":"La entidad social considera la alimentaci\u00f3n sana y equilibrada como la base para que los ni\u00f1os y ni\u00f1as estudien y se relacionen con energ\u00eda y confianza Llet Nostra, la leche de Cooperativas Catalanas, aportar\u00e1 la leche necesaria para los desayunos de todo un a\u00f1o de los ni\u00f1os, ni\u00f1as y j\u00f3venes del Casal de Salt (Giron\u00e8s). [&hellip;]","og_url":"https:\/\/www.casaldelsinfants.org\/es\/actualidad\/llet-nostra-colabora-con-el-casal-de-salt-aportando-leche-para-todo-un-ano\/","og_site_name":"Casal dels Infants","article_publisher":"https:\/\/www.facebook.com\/casalinfants","article_published_time":"2017-11-17T14:28:00+00:00","article_modified_time":"2023-03-24T09:01:45+00:00","og_image":[{"width":2484,"height":2000,"url":"https:\/\/www.casaldelsinfants.org\/wp-content\/uploads\/llet_nostra.jpg","type":"image\/jpeg"}],"author":"cdiAdmin","twitter_card":"summary_large_image","twitter_creator":"@casalinfants","twitter_site":"@casalinfants","twitter_misc":{"Escrito por":"cdiAdmin","Tiempo de lectura":"3 minutos"},"schema":{"@context":"https:\/\/schema.org","@graph":[{"@type":"Article","@id":"https:\/\/www.casaldelsinfants.org\/es\/actualidad\/llet-nostra-colabora-con-el-casal-de-salt-aportando-leche-para-todo-un-ano\/#article","isPartOf":{"@id":"https:\/\/www.casaldelsinfants.org\/es\/actualidad\/llet-nostra-colabora-con-el-casal-de-salt-aportando-leche-para-todo-un-ano\/"},"author":{"name":"cdiAdmin","@id":"https:\/\/www.casaldelsinfants.org\/es\/#\/schema\/person\/97707fc8c64900cf36891127dbf9fba8"},"headline":"Llet Nostra colabora con el Casal de Salt aportando leche para todo un a\u00f1o","datePublished":"2017-11-17T14:28:00+00:00","dateModified":"2023-03-24T09:01:45+00:00","mainEntityOfPage":{"@id":"https:\/\/www.casaldelsinfants.org\/es\/actualidad\/llet-nostra-colabora-con-el-casal-de-salt-aportando-leche-para-todo-un-ano\/"},"wordCount":504,"commentCount":0,"publisher":{"@id":"https:\/\/www.casaldelsinfants.org\/es\/#organization"},"image":{"@id":"https:\/\/www.casaldelsinfants.org\/es\/actualidad\/llet-nostra-colabora-con-el-casal-de-salt-aportando-leche-para-todo-un-ano\/#primaryimage"},"thumbnailUrl":"https:\/\/www.casaldelsinfants.org\/wp-content\/uploads\/llet_nostra.jpg","articleSection":["Noticia"],"inLanguage":"es","potentialAction":[{"@type":"CommentAction","name":"Comment","target":["https:\/\/www.casaldelsinfants.org\/es\/actualidad\/llet-nostra-colabora-con-el-casal-de-salt-aportando-leche-para-todo-un-ano\/#respond"]}]},{"@type":"WebPage","@id":"https:\/\/www.casaldelsinfants.org\/es\/actualidad\/llet-nostra-colabora-con-el-casal-de-salt-aportando-leche-para-todo-un-ano\/","url":"https:\/\/www.casaldelsinfants.org\/es\/actualidad\/llet-nostra-colabora-con-el-casal-de-salt-aportando-leche-para-todo-un-ano\/","name":"Llet Nostra colabora con el Casal de Salt aportando leche para todo un a\u00f1o - Casal dels Infants","isPartOf":{"@id":"https:\/\/www.casaldelsinfants.org\/es\/#website"},"primaryImageOfPage":{"@id":"https:\/\/www.casaldelsinfants.org\/es\/actualidad\/llet-nostra-colabora-con-el-casal-de-salt-aportando-leche-para-todo-un-ano\/#primaryimage"},"image":{"@id":"https:\/\/www.casaldelsinfants.org\/es\/actualidad\/llet-nostra-colabora-con-el-casal-de-salt-aportando-leche-para-todo-un-ano\/#primaryimage"},"thumbnailUrl":"https:\/\/www.casaldelsinfants.org\/wp-content\/uploads\/llet_nostra.jpg","datePublished":"2017-11-17T14:28:00+00:00","dateModified":"2023-03-24T09:01:45+00:00","breadcrumb":{"@id":"https:\/\/www.casaldelsinfants.org\/es\/actualidad\/llet-nostra-colabora-con-el-casal-de-salt-aportando-leche-para-todo-un-ano\/#breadcrumb"},"inLanguage":"es","potentialAction":[{"@type":"ReadAction","target":["https:\/\/www.casaldelsinfants.org\/es\/actualidad\/llet-nostra-colabora-con-el-casal-de-salt-aportando-leche-para-todo-un-ano\/"]}]},{"@type":"ImageObject","inLanguage":"es","@id":"https:\/\/www.casaldelsinfants.org\/es\/actualidad\/llet-nostra-colabora-con-el-casal-de-salt-aportando-leche-para-todo-un-ano\/#primaryimage","url":"https:\/\/www.casaldelsinfants.org\/wp-content\/uploads\/llet_nostra.jpg","contentUrl":"https:\/\/www.casaldelsinfants.org\/wp-content\/uploads\/llet_nostra.jpg","width":2484,"height":2000,"caption":"Llet Nostra col\u00b7labora amb el Casal dels Infants de Salt aportant llet per a tot un any"},{"@type":"BreadcrumbList","@id":"https:\/\/www.casaldelsinfants.org\/es\/actualidad\/llet-nostra-colabora-con-el-casal-de-salt-aportando-leche-para-todo-un-ano\/#breadcrumb","itemListElement":[{"@type":"ListItem","position":1,"name":"Inici","item":"https:\/\/www.casaldelsinfants.org\/es\/"},{"@type":"ListItem","position":2,"name":"Llet Nostra colabora con el Casal de Salt aportando leche para todo un a\u00f1o"}]},{"@type":"WebSite","@id":"https:\/\/www.casaldelsinfants.org\/es\/#website","url":"https:\/\/www.casaldelsinfants.org\/es\/","name":"Casal dels Infants","description":"","publisher":{"@id":"https:\/\/www.casaldelsinfants.org\/es\/#organization"},"potentialAction":[{"@type":"SearchAction","target":{"@type":"EntryPoint","urlTemplate":"https:\/\/www.casaldelsinfants.org\/es\/?s={search_term_string}"},"query-input":{"@type":"PropertyValueSpecification","valueRequired":true,"valueName":"search_term_string"}}],"inLanguage":"es"},{"@type":"Organization","@id":"https:\/\/www.casaldelsinfants.org\/es\/#organization","name":"Casal dels Infants","url":"https:\/\/www.casaldelsinfants.org\/es\/","logo":{"@type":"ImageObject","inLanguage":"es","@id":"https:\/\/www.casaldelsinfants.org\/es\/#\/schema\/logo\/image\/","url":"https:\/\/www.casaldelsinfants.org\/wp-content\/uploads\/logo-mail.png","contentUrl":"https:\/\/www.casaldelsinfants.org\/wp-content\/uploads\/logo-mail.png","width":380,"height":158,"caption":"Casal dels Infants"},"image":{"@id":"https:\/\/www.casaldelsinfants.org\/es\/#\/schema\/logo\/image\/"},"sameAs":["https:\/\/www.facebook.com\/casalinfants","https:\/\/x.com\/casalinfants","https:\/\/www.youtube.com\/user\/CasaldelsInfants1","https:\/\/www.instagram.com\/casalinfants\/","https:\/\/www.linkedin.com\/company\/casaldelsinfants?trk=organization-update_share-update_actor-text"]},{"@type":"Person","@id":"https:\/\/www.casaldelsinfants.org\/es\/#\/schema\/person\/97707fc8c64900cf36891127dbf9fba8","name":"cdiAdmin","sameAs":["https:\/\/casaldelsinfants.org"]}]}},"publishpress_future_action":{"enabled":false,"date":"2026-05-08 00:08:04","action":"change-status","newStatus":"draft","terms":[],"taxonomy":"category","extraData":[]},"publishpress_future_workflow_manual_trigger":{"enabledWorkflows":[]},"_links":{"self":[{"href":"https:\/\/www.casaldelsinfants.org\/es\/wp-json\/wp\/v2\/posts\/4562","targetHints":{"allow":["GET"]}}],"collection":[{"href":"https:\/\/www.casaldelsinfants.org\/es\/wp-json\/wp\/v2\/posts"}],"about":[{"href":"https:\/\/www.casaldelsinfants.org\/es\/wp-json\/wp\/v2\/types\/post"}],"author":[{"embeddable":true,"href":"https:\/\/www.casaldelsinfants.org\/es\/wp-json\/wp\/v2\/users\/1"}],"replies":[{"embeddable":true,"href":"https:\/\/www.casaldelsinfants.org\/es\/wp-json\/wp\/v2\/comments?post=4562"}],"version-history":[{"count":2,"href":"https:\/\/www.casaldelsinfants.org\/es\/wp-json\/wp\/v2\/posts\/4562\/revisions"}],"predecessor-version":[{"id":9268,"href":"https:\/\/www.casaldelsinfants.org\/es\/wp-json\/wp\/v2\/posts\/4562\/revisions\/9268"}],"wp:featuredmedia":[{"embeddable":true,"href":"https:\/\/www.casaldelsinfants.org\/es\/wp-json\/wp\/v2\/media\/3647"}],"wp:attachment":[{"href":"https:\/\/www.casaldelsinfants.org\/es\/wp-json\/wp\/v2\/media?parent=4562"}],"wp:term":[{"taxonomy":"category","embeddable":true,"href":"https:\/\/www.casaldelsinfants.org\/es\/wp-json\/wp\/v2\/categories?post=4562"},{"taxonomy":"post_tag","embeddable":true,"href":"https:\/\/www.casaldelsinfants.org\/es\/wp-json\/wp\/v2\/tags?post=4562"},{"taxonomy":"seus","embeddable":true,"href":"https:\/\/www.casaldelsinfants.org\/es\/wp-json\/wp\/v2\/seus?post=4562"},{"taxonomy":"eixos","embeddable":true,"href":"https:\/\/www.casaldelsinfants.org\/es\/wp-json\/wp\/v2\/eixos?post=4562"}],"curies":[{"name":"wp","href":"https:\/\/api.w.org\/{rel}","templated":true}]}}