{"id":4563,"date":"2017-11-17T16:26:01","date_gmt":"2017-11-17T14:26:01","guid":{"rendered":"https:\/\/casal.puntzero.cat\/noticies\/el-casal-de-salt-treballa-la-interculturalitat-al-municipi\/"},"modified":"2023-05-01T19:10:21","modified_gmt":"2023-05-01T17:10:21","slug":"el-casal-de-salt-treballa-la-interculturalitat-al-municipi","status":"publish","type":"post","link":"https:\/\/www.casaldelsinfants.org\/es\/actualidad\/el-casal-de-salt-trabaja-para-la-interculturalidad-en-el-municipio\/","title":{"rendered":"El Casal de Salt trabaja para la interculturalidad en el municipio"},"content":{"rendered":"<h4><img decoding=\"async\" src=\"\/wp-content\/uploads\/09092014_Salt_PICI.jpg\" border=\"0\" style=\"float: left;\" \/>En Salt, el Casal suma esfuerzos para definir pol\u00edticas locales que permitan a los ni\u00f1os, las familias y los j\u00f3venes participar activamente en las decisiones que afectan a su ciudad. Con esta implicaci\u00f3n se quieren fomentar las relaciones interculturales y la autonom\u00eda de los habitantes de Salt. Esta iniciativa se canaliza en el Proyecto de Intervenci\u00f3n Comunitaria Intercultural (Proyecto ICI) del Casal, que ha renovado el convenio con el apoyo del Ayuntamiento de Salt, el consorcio de Bienestar Social Giron\u00e8s- Salt y la Fundaci\u00f3n Bancaria La Caixa.<\/h4>\n<p>El ICI est\u00e1 en marcha desde 2010 y este nuevo impulso permitir\u00e1 potenciar el Plan Comunitario de Ciudad de Infancia, Familias y J\u00f3venes de Salt. La renovaci\u00f3n del convenio, seg\u00fan M\u00f3nica Gibanel responsable del proyecto, \u00abes una muestra del compromiso de las administraciones para la tarea que se est\u00e1 haciendo y se har\u00e1 desde el Casal en materia de trabajo comunitario y demuestra la viabilidad del Plan Comunitario 2015- 2016. \u00ab<\/p>\n<p>El Plan tiene como objetivos implicar a la escuela dentro de la comunidad, evitar el abandono de los ni\u00f1os y j\u00f3venes en el proceso educativo y acompa\u00f1ar a las familias en su relaci\u00f3n con la escuela. En el \u00e1mbito de la salud, se promueven los h\u00e1bitos de vida saludables y en cuanto a la convivencia se trabajar\u00e1 tambi\u00e9n para impedir la exclusi\u00f3n de los j\u00f3venes y una red fuerte de entidades del municipio. Esto se har\u00e1 a trav\u00e9s de la Red Educativa para la Convivencia, que se pondr\u00e1 en marcha durante este curso.<\/p>\n<p>El proyecto ICI es el responsable de iniciativas como el Banco del Tiempo de la localidad gerundense, un proyecto de intercambio de servicios entre vecinos que ahora, seg\u00fan M\u00f3nica \u00abya funciona solo desde hace tiempo\u00bb, o \u00abNos vemos abajo \u00ab, un centro c\u00edvico m\u00f3vil que se ha paseado por diversos emplazamientos de la localidad y que ha dado la oportunidad a los vecinos y vecinas de acceder con m\u00e1s facilidad a los servicios y actividades culturales que ofrecen estos centros. Por otra parte, el ICI tambi\u00e9n es el responsable del impulso de la Mesa de Salud Comunitaria donde se han hecho talleres con las familias y se han promovido los h\u00e1bitos de vida saludables.<\/p>\n<p>Ahora, con la firma del convenio, la vida comunitaria en Salt seguir\u00e1 recibiendo el impulso necesario para que el municipio se convierta en una referencia de la inclusi\u00f3n, la participaci\u00f3n y el enriquecimiento mutuo entre vecinos de diferentes or\u00edgenes culturales.<\/p>\n","protected":false},"excerpt":{"rendered":"<p>En Salt, el Casal suma esfuerzos para definir pol\u00edticas locales que permitan a los ni\u00f1os, las familias y los j\u00f3venes participar activamente en las decisiones que afectan a su ciudad. Con esta implicaci\u00f3n se quieren fomentar las relaciones interculturales y la autonom\u00eda de los habitantes de Salt. Esta iniciativa se canaliza en el Proyecto de [&hellip;]<\/p>\n","protected":false},"author":1,"featured_media":3651,"comment_status":"open","ping_status":"open","sticky":false,"template":"","format":"standard","meta":{"_acf_changed":false,"_et_pb_use_builder":"","_et_pb_old_content":"","_et_gb_content_width":"","inline_featured_image":false,"footnotes":""},"categories":[125],"tags":[],"seus":[],"eixos":[],"class_list":["post-4563","post","type-post","status-publish","format-standard","has-post-thumbnail","hentry","category-noticias"],"acf":[],"yoast_head":"<!-- This site is optimized with the Yoast SEO plugin v27.4 - https:\/\/yoast.com\/product\/yoast-seo-wordpress\/ -->\n<title>El Casal de Salt trabaja para la interculturalidad en el municipio - Casal dels Infants<\/title>\n<meta name=\"robots\" content=\"index, follow, max-snippet:-1, max-image-preview:large, max-video-preview:-1\" \/>\n<link rel=\"canonical\" href=\"https:\/\/www.casaldelsinfants.org\/es\/actualidad\/el-casal-de-salt-trabaja-para-la-interculturalidad-en-el-municipio\/\" \/>\n<meta property=\"og:locale\" content=\"es_ES\" \/>\n<meta property=\"og:type\" content=\"article\" \/>\n<meta property=\"og:title\" content=\"El Casal de Salt trabaja para la interculturalidad en el municipio - Casal dels Infants\" \/>\n<meta property=\"og:description\" content=\"En Salt, el Casal suma esfuerzos para definir pol\u00edticas locales que permitan a los ni\u00f1os, las familias y los j\u00f3venes participar activamente en las decisiones que afectan a su ciudad. Con esta implicaci\u00f3n se quieren fomentar las relaciones interculturales y la autonom\u00eda de los habitantes de Salt. Esta iniciativa se canaliza en el Proyecto de [&hellip;]\" \/>\n<meta property=\"og:url\" content=\"https:\/\/www.casaldelsinfants.org\/es\/actualidad\/el-casal-de-salt-trabaja-para-la-interculturalidad-en-el-municipio\/\" \/>\n<meta property=\"og:site_name\" content=\"Casal dels Infants\" \/>\n<meta property=\"article:publisher\" content=\"https:\/\/www.facebook.com\/casalinfants\" \/>\n<meta property=\"article:published_time\" content=\"2017-11-17T14:26:01+00:00\" \/>\n<meta property=\"article:modified_time\" content=\"2023-05-01T17:10:21+00:00\" \/>\n<meta property=\"og:image\" content=\"https:\/\/www.casaldelsinfants.org\/wp-content\/uploads\/09092014_Salt_PICI.jpg\" \/>\n\t<meta property=\"og:image:width\" content=\"350\" \/>\n\t<meta property=\"og:image:height\" content=\"350\" \/>\n\t<meta property=\"og:image:type\" content=\"image\/jpeg\" \/>\n<meta name=\"author\" content=\"cdiAdmin\" \/>\n<meta name=\"twitter:card\" content=\"summary_large_image\" \/>\n<meta name=\"twitter:creator\" content=\"@casalinfants\" \/>\n<meta name=\"twitter:site\" content=\"@casalinfants\" \/>\n<meta name=\"twitter:label1\" content=\"Escrito por\" \/>\n\t<meta name=\"twitter:data1\" content=\"cdiAdmin\" \/>\n\t<meta name=\"twitter:label2\" content=\"Tiempo de lectura\" \/>\n\t<meta name=\"twitter:data2\" content=\"2 minutos\" \/>\n<script type=\"application\/ld+json\" class=\"yoast-schema-graph\">{\"@context\":\"https:\\\/\\\/schema.org\",\"@graph\":[{\"@type\":\"Article\",\"@id\":\"https:\\\/\\\/www.casaldelsinfants.org\\\/es\\\/actualidad\\\/el-casal-de-salt-trabaja-para-la-interculturalidad-en-el-municipio\\\/#article\",\"isPartOf\":{\"@id\":\"https:\\\/\\\/www.casaldelsinfants.org\\\/es\\\/actualidad\\\/el-casal-de-salt-trabaja-para-la-interculturalidad-en-el-municipio\\\/\"},\"author\":{\"name\":\"cdiAdmin\",\"@id\":\"https:\\\/\\\/www.casaldelsinfants.org\\\/es\\\/#\\\/schema\\\/person\\\/97707fc8c64900cf36891127dbf9fba8\"},\"headline\":\"El Casal de Salt trabaja para la interculturalidad en el municipio\",\"datePublished\":\"2017-11-17T14:26:01+00:00\",\"dateModified\":\"2023-05-01T17:10:21+00:00\",\"mainEntityOfPage\":{\"@id\":\"https:\\\/\\\/www.casaldelsinfants.org\\\/es\\\/actualidad\\\/el-casal-de-salt-trabaja-para-la-interculturalidad-en-el-municipio\\\/\"},\"wordCount\":443,\"commentCount\":0,\"publisher\":{\"@id\":\"https:\\\/\\\/www.casaldelsinfants.org\\\/es\\\/#organization\"},\"image\":{\"@id\":\"https:\\\/\\\/www.casaldelsinfants.org\\\/es\\\/actualidad\\\/el-casal-de-salt-trabaja-para-la-interculturalidad-en-el-municipio\\\/#primaryimage\"},\"thumbnailUrl\":\"https:\\\/\\\/www.casaldelsinfants.org\\\/wp-content\\\/uploads\\\/09092014_Salt_PICI.jpg\",\"articleSection\":[\"Noticia\"],\"inLanguage\":\"es\",\"potentialAction\":[{\"@type\":\"CommentAction\",\"name\":\"Comment\",\"target\":[\"https:\\\/\\\/www.casaldelsinfants.org\\\/es\\\/actualidad\\\/el-casal-de-salt-trabaja-para-la-interculturalidad-en-el-municipio\\\/#respond\"]}]},{\"@type\":\"WebPage\",\"@id\":\"https:\\\/\\\/www.casaldelsinfants.org\\\/es\\\/actualidad\\\/el-casal-de-salt-trabaja-para-la-interculturalidad-en-el-municipio\\\/\",\"url\":\"https:\\\/\\\/www.casaldelsinfants.org\\\/es\\\/actualidad\\\/el-casal-de-salt-trabaja-para-la-interculturalidad-en-el-municipio\\\/\",\"name\":\"El Casal de Salt trabaja para la interculturalidad en el municipio - Casal dels Infants\",\"isPartOf\":{\"@id\":\"https:\\\/\\\/www.casaldelsinfants.org\\\/es\\\/#website\"},\"primaryImageOfPage\":{\"@id\":\"https:\\\/\\\/www.casaldelsinfants.org\\\/es\\\/actualidad\\\/el-casal-de-salt-trabaja-para-la-interculturalidad-en-el-municipio\\\/#primaryimage\"},\"image\":{\"@id\":\"https:\\\/\\\/www.casaldelsinfants.org\\\/es\\\/actualidad\\\/el-casal-de-salt-trabaja-para-la-interculturalidad-en-el-municipio\\\/#primaryimage\"},\"thumbnailUrl\":\"https:\\\/\\\/www.casaldelsinfants.org\\\/wp-content\\\/uploads\\\/09092014_Salt_PICI.jpg\",\"datePublished\":\"2017-11-17T14:26:01+00:00\",\"dateModified\":\"2023-05-01T17:10:21+00:00\",\"breadcrumb\":{\"@id\":\"https:\\\/\\\/www.casaldelsinfants.org\\\/es\\\/actualidad\\\/el-casal-de-salt-trabaja-para-la-interculturalidad-en-el-municipio\\\/#breadcrumb\"},\"inLanguage\":\"es\",\"potentialAction\":[{\"@type\":\"ReadAction\",\"target\":[\"https:\\\/\\\/www.casaldelsinfants.org\\\/es\\\/actualidad\\\/el-casal-de-salt-trabaja-para-la-interculturalidad-en-el-municipio\\\/\"]}]},{\"@type\":\"ImageObject\",\"inLanguage\":\"es\",\"@id\":\"https:\\\/\\\/www.casaldelsinfants.org\\\/es\\\/actualidad\\\/el-casal-de-salt-trabaja-para-la-interculturalidad-en-el-municipio\\\/#primaryimage\",\"url\":\"https:\\\/\\\/www.casaldelsinfants.org\\\/wp-content\\\/uploads\\\/09092014_Salt_PICI.jpg\",\"contentUrl\":\"https:\\\/\\\/www.casaldelsinfants.org\\\/wp-content\\\/uploads\\\/09092014_Salt_PICI.jpg\",\"width\":350,\"height\":350,\"caption\":\"Membres i participants del Casal dels Infants de Salt\"},{\"@type\":\"BreadcrumbList\",\"@id\":\"https:\\\/\\\/www.casaldelsinfants.org\\\/es\\\/actualidad\\\/el-casal-de-salt-trabaja-para-la-interculturalidad-en-el-municipio\\\/#breadcrumb\",\"itemListElement\":[{\"@type\":\"ListItem\",\"position\":1,\"name\":\"Inici\",\"item\":\"https:\\\/\\\/www.casaldelsinfants.org\\\/es\\\/\"},{\"@type\":\"ListItem\",\"position\":2,\"name\":\"El Casal de Salt trabaja para la interculturalidad en el municipio\"}]},{\"@type\":\"WebSite\",\"@id\":\"https:\\\/\\\/www.casaldelsinfants.org\\\/es\\\/#website\",\"url\":\"https:\\\/\\\/www.casaldelsinfants.org\\\/es\\\/\",\"name\":\"Casal dels Infants\",\"description\":\"\",\"publisher\":{\"@id\":\"https:\\\/\\\/www.casaldelsinfants.org\\\/es\\\/#organization\"},\"potentialAction\":[{\"@type\":\"SearchAction\",\"target\":{\"@type\":\"EntryPoint\",\"urlTemplate\":\"https:\\\/\\\/www.casaldelsinfants.org\\\/es\\\/?s={search_term_string}\"},\"query-input\":{\"@type\":\"PropertyValueSpecification\",\"valueRequired\":true,\"valueName\":\"search_term_string\"}}],\"inLanguage\":\"es\"},{\"@type\":\"Organization\",\"@id\":\"https:\\\/\\\/www.casaldelsinfants.org\\\/es\\\/#organization\",\"name\":\"Casal dels Infants\",\"url\":\"https:\\\/\\\/www.casaldelsinfants.org\\\/es\\\/\",\"logo\":{\"@type\":\"ImageObject\",\"inLanguage\":\"es\",\"@id\":\"https:\\\/\\\/www.casaldelsinfants.org\\\/es\\\/#\\\/schema\\\/logo\\\/image\\\/\",\"url\":\"https:\\\/\\\/www.casaldelsinfants.org\\\/wp-content\\\/uploads\\\/logo-mail.png\",\"contentUrl\":\"https:\\\/\\\/www.casaldelsinfants.org\\\/wp-content\\\/uploads\\\/logo-mail.png\",\"width\":380,\"height\":158,\"caption\":\"Casal dels Infants\"},\"image\":{\"@id\":\"https:\\\/\\\/www.casaldelsinfants.org\\\/es\\\/#\\\/schema\\\/logo\\\/image\\\/\"},\"sameAs\":[\"https:\\\/\\\/www.facebook.com\\\/casalinfants\",\"https:\\\/\\\/x.com\\\/casalinfants\",\"https:\\\/\\\/www.youtube.com\\\/user\\\/CasaldelsInfants1\",\"https:\\\/\\\/www.instagram.com\\\/casalinfants\\\/\",\"https:\\\/\\\/www.linkedin.com\\\/company\\\/casaldelsinfants?trk=organization-update_share-update_actor-text\"]},{\"@type\":\"Person\",\"@id\":\"https:\\\/\\\/www.casaldelsinfants.org\\\/es\\\/#\\\/schema\\\/person\\\/97707fc8c64900cf36891127dbf9fba8\",\"name\":\"cdiAdmin\",\"sameAs\":[\"https:\\\/\\\/casaldelsinfants.org\"]}]}<\/script>\n<!-- \/ Yoast SEO plugin. -->","yoast_head_json":{"title":"El Casal de Salt trabaja para la interculturalidad en el municipio - Casal dels Infants","robots":{"index":"index","follow":"follow","max-snippet":"max-snippet:-1","max-image-preview":"max-image-preview:large","max-video-preview":"max-video-preview:-1"},"canonical":"https:\/\/www.casaldelsinfants.org\/es\/actualidad\/el-casal-de-salt-trabaja-para-la-interculturalidad-en-el-municipio\/","og_locale":"es_ES","og_type":"article","og_title":"El Casal de Salt trabaja para la interculturalidad en el municipio - Casal dels Infants","og_description":"En Salt, el Casal suma esfuerzos para definir pol\u00edticas locales que permitan a los ni\u00f1os, las familias y los j\u00f3venes participar activamente en las decisiones que afectan a su ciudad. Con esta implicaci\u00f3n se quieren fomentar las relaciones interculturales y la autonom\u00eda de los habitantes de Salt. Esta iniciativa se canaliza en el Proyecto de [&hellip;]","og_url":"https:\/\/www.casaldelsinfants.org\/es\/actualidad\/el-casal-de-salt-trabaja-para-la-interculturalidad-en-el-municipio\/","og_site_name":"Casal dels Infants","article_publisher":"https:\/\/www.facebook.com\/casalinfants","article_published_time":"2017-11-17T14:26:01+00:00","article_modified_time":"2023-05-01T17:10:21+00:00","og_image":[{"width":350,"height":350,"url":"https:\/\/www.casaldelsinfants.org\/wp-content\/uploads\/09092014_Salt_PICI.jpg","type":"image\/jpeg"}],"author":"cdiAdmin","twitter_card":"summary_large_image","twitter_creator":"@casalinfants","twitter_site":"@casalinfants","twitter_misc":{"Escrito por":"cdiAdmin","Tiempo de lectura":"2 minutos"},"schema":{"@context":"https:\/\/schema.org","@graph":[{"@type":"Article","@id":"https:\/\/www.casaldelsinfants.org\/es\/actualidad\/el-casal-de-salt-trabaja-para-la-interculturalidad-en-el-municipio\/#article","isPartOf":{"@id":"https:\/\/www.casaldelsinfants.org\/es\/actualidad\/el-casal-de-salt-trabaja-para-la-interculturalidad-en-el-municipio\/"},"author":{"name":"cdiAdmin","@id":"https:\/\/www.casaldelsinfants.org\/es\/#\/schema\/person\/97707fc8c64900cf36891127dbf9fba8"},"headline":"El Casal de Salt trabaja para la interculturalidad en el municipio","datePublished":"2017-11-17T14:26:01+00:00","dateModified":"2023-05-01T17:10:21+00:00","mainEntityOfPage":{"@id":"https:\/\/www.casaldelsinfants.org\/es\/actualidad\/el-casal-de-salt-trabaja-para-la-interculturalidad-en-el-municipio\/"},"wordCount":443,"commentCount":0,"publisher":{"@id":"https:\/\/www.casaldelsinfants.org\/es\/#organization"},"image":{"@id":"https:\/\/www.casaldelsinfants.org\/es\/actualidad\/el-casal-de-salt-trabaja-para-la-interculturalidad-en-el-municipio\/#primaryimage"},"thumbnailUrl":"https:\/\/www.casaldelsinfants.org\/wp-content\/uploads\/09092014_Salt_PICI.jpg","articleSection":["Noticia"],"inLanguage":"es","potentialAction":[{"@type":"CommentAction","name":"Comment","target":["https:\/\/www.casaldelsinfants.org\/es\/actualidad\/el-casal-de-salt-trabaja-para-la-interculturalidad-en-el-municipio\/#respond"]}]},{"@type":"WebPage","@id":"https:\/\/www.casaldelsinfants.org\/es\/actualidad\/el-casal-de-salt-trabaja-para-la-interculturalidad-en-el-municipio\/","url":"https:\/\/www.casaldelsinfants.org\/es\/actualidad\/el-casal-de-salt-trabaja-para-la-interculturalidad-en-el-municipio\/","name":"El Casal de Salt trabaja para la interculturalidad en el municipio - Casal dels Infants","isPartOf":{"@id":"https:\/\/www.casaldelsinfants.org\/es\/#website"},"primaryImageOfPage":{"@id":"https:\/\/www.casaldelsinfants.org\/es\/actualidad\/el-casal-de-salt-trabaja-para-la-interculturalidad-en-el-municipio\/#primaryimage"},"image":{"@id":"https:\/\/www.casaldelsinfants.org\/es\/actualidad\/el-casal-de-salt-trabaja-para-la-interculturalidad-en-el-municipio\/#primaryimage"},"thumbnailUrl":"https:\/\/www.casaldelsinfants.org\/wp-content\/uploads\/09092014_Salt_PICI.jpg","datePublished":"2017-11-17T14:26:01+00:00","dateModified":"2023-05-01T17:10:21+00:00","breadcrumb":{"@id":"https:\/\/www.casaldelsinfants.org\/es\/actualidad\/el-casal-de-salt-trabaja-para-la-interculturalidad-en-el-municipio\/#breadcrumb"},"inLanguage":"es","potentialAction":[{"@type":"ReadAction","target":["https:\/\/www.casaldelsinfants.org\/es\/actualidad\/el-casal-de-salt-trabaja-para-la-interculturalidad-en-el-municipio\/"]}]},{"@type":"ImageObject","inLanguage":"es","@id":"https:\/\/www.casaldelsinfants.org\/es\/actualidad\/el-casal-de-salt-trabaja-para-la-interculturalidad-en-el-municipio\/#primaryimage","url":"https:\/\/www.casaldelsinfants.org\/wp-content\/uploads\/09092014_Salt_PICI.jpg","contentUrl":"https:\/\/www.casaldelsinfants.org\/wp-content\/uploads\/09092014_Salt_PICI.jpg","width":350,"height":350,"caption":"Membres i participants del Casal dels Infants de Salt"},{"@type":"BreadcrumbList","@id":"https:\/\/www.casaldelsinfants.org\/es\/actualidad\/el-casal-de-salt-trabaja-para-la-interculturalidad-en-el-municipio\/#breadcrumb","itemListElement":[{"@type":"ListItem","position":1,"name":"Inici","item":"https:\/\/www.casaldelsinfants.org\/es\/"},{"@type":"ListItem","position":2,"name":"El Casal de Salt trabaja para la interculturalidad en el municipio"}]},{"@type":"WebSite","@id":"https:\/\/www.casaldelsinfants.org\/es\/#website","url":"https:\/\/www.casaldelsinfants.org\/es\/","name":"Casal dels Infants","description":"","publisher":{"@id":"https:\/\/www.casaldelsinfants.org\/es\/#organization"},"potentialAction":[{"@type":"SearchAction","target":{"@type":"EntryPoint","urlTemplate":"https:\/\/www.casaldelsinfants.org\/es\/?s={search_term_string}"},"query-input":{"@type":"PropertyValueSpecification","valueRequired":true,"valueName":"search_term_string"}}],"inLanguage":"es"},{"@type":"Organization","@id":"https:\/\/www.casaldelsinfants.org\/es\/#organization","name":"Casal dels Infants","url":"https:\/\/www.casaldelsinfants.org\/es\/","logo":{"@type":"ImageObject","inLanguage":"es","@id":"https:\/\/www.casaldelsinfants.org\/es\/#\/schema\/logo\/image\/","url":"https:\/\/www.casaldelsinfants.org\/wp-content\/uploads\/logo-mail.png","contentUrl":"https:\/\/www.casaldelsinfants.org\/wp-content\/uploads\/logo-mail.png","width":380,"height":158,"caption":"Casal dels Infants"},"image":{"@id":"https:\/\/www.casaldelsinfants.org\/es\/#\/schema\/logo\/image\/"},"sameAs":["https:\/\/www.facebook.com\/casalinfants","https:\/\/x.com\/casalinfants","https:\/\/www.youtube.com\/user\/CasaldelsInfants1","https:\/\/www.instagram.com\/casalinfants\/","https:\/\/www.linkedin.com\/company\/casaldelsinfants?trk=organization-update_share-update_actor-text"]},{"@type":"Person","@id":"https:\/\/www.casaldelsinfants.org\/es\/#\/schema\/person\/97707fc8c64900cf36891127dbf9fba8","name":"cdiAdmin","sameAs":["https:\/\/casaldelsinfants.org"]}]}},"publishpress_future_action":{"enabled":false,"date":"2026-05-09 00:11:03","action":"change-status","newStatus":"draft","terms":[],"taxonomy":"category","extraData":[]},"publishpress_future_workflow_manual_trigger":{"enabledWorkflows":[]},"_links":{"self":[{"href":"https:\/\/www.casaldelsinfants.org\/es\/wp-json\/wp\/v2\/posts\/4563","targetHints":{"allow":["GET"]}}],"collection":[{"href":"https:\/\/www.casaldelsinfants.org\/es\/wp-json\/wp\/v2\/posts"}],"about":[{"href":"https:\/\/www.casaldelsinfants.org\/es\/wp-json\/wp\/v2\/types\/post"}],"author":[{"embeddable":true,"href":"https:\/\/www.casaldelsinfants.org\/es\/wp-json\/wp\/v2\/users\/1"}],"replies":[{"embeddable":true,"href":"https:\/\/www.casaldelsinfants.org\/es\/wp-json\/wp\/v2\/comments?post=4563"}],"version-history":[{"count":1,"href":"https:\/\/www.casaldelsinfants.org\/es\/wp-json\/wp\/v2\/posts\/4563\/revisions"}],"predecessor-version":[{"id":6475,"href":"https:\/\/www.casaldelsinfants.org\/es\/wp-json\/wp\/v2\/posts\/4563\/revisions\/6475"}],"wp:featuredmedia":[{"embeddable":true,"href":"https:\/\/www.casaldelsinfants.org\/es\/wp-json\/wp\/v2\/media\/3651"}],"wp:attachment":[{"href":"https:\/\/www.casaldelsinfants.org\/es\/wp-json\/wp\/v2\/media?parent=4563"}],"wp:term":[{"taxonomy":"category","embeddable":true,"href":"https:\/\/www.casaldelsinfants.org\/es\/wp-json\/wp\/v2\/categories?post=4563"},{"taxonomy":"post_tag","embeddable":true,"href":"https:\/\/www.casaldelsinfants.org\/es\/wp-json\/wp\/v2\/tags?post=4563"},{"taxonomy":"seus","embeddable":true,"href":"https:\/\/www.casaldelsinfants.org\/es\/wp-json\/wp\/v2\/seus?post=4563"},{"taxonomy":"eixos","embeddable":true,"href":"https:\/\/www.casaldelsinfants.org\/es\/wp-json\/wp\/v2\/eixos?post=4563"}],"curies":[{"name":"wp","href":"https:\/\/api.w.org\/{rel}","templated":true}]}}