{"id":4566,"date":"2017-11-17T16:22:25","date_gmt":"2017-11-17T14:22:25","guid":{"rendered":"https:\/\/casal.puntzero.cat\/noticies\/mes-de-50-empreses-solidaries-es-reuneixen-la-trobada-anual-del-casal-dels-infants\/"},"modified":"2023-05-01T19:10:46","modified_gmt":"2023-05-01T17:10:46","slug":"mes-de-50-empreses-solidaries-es-reuneixen-la-trobada-anual-del-casal-dels-infants","status":"publish","type":"post","link":"https:\/\/www.casaldelsinfants.org\/es\/actualidad\/mas-de-50-empresas-solidarias-reunidas-casal-infants\/","title":{"rendered":"M\u00e1s de 50 empresas solidarias se re\u00fanen en el encuentro anual del Casal"},"content":{"rendered":"<p><strong><img decoding=\"async\" border=\"0\" src=\"https:\/\/gallery.mailchimp.com\/5a86124d0d68cfd1982da12ce\/images\/3aeca87f-6ffb-4dec-95c3-578134b594de.jpg\" style=\"float: left;\" width=\"350\" \/><\/strong><\/p>\n<ul>\n<li>\n<h4><strong style=\"font-size: 12.16px; line-height: 1.3em;\">El 7\u00aa encuentro anual de la Red de Empresas Ciudadanas del Casal (XEC) re\u00fane a m\u00e1s de 50 representantes de empresas comprometidas en la sala de actos del Hotel Arts.<\/strong><\/h4>\n<\/li>\n<li>\n<h4><strong style=\"font-size: 12.16px; line-height: 1.3em;\">Los empresarios destacan el indudable \u00abvalor social y empresarial\u00bb de la colaboraci\u00f3n con una entidad que \u00abes referencia de la profesionalidad y el trabajo bien hecho\u00bb en el Tercer Sector.<\/strong><\/h4>\n<\/li>\n<\/ul>\n<p>La sala de actos del Hotel Arts se ha quedado peque\u00f1a esta ma\u00f1ana para recibir a los m\u00e1s de 70 asistentes al Encuentro Anual de la Red de Empresas Ciudadanas (XEC) del Casal. El encuentro, que se celebra por s\u00e9ptimo a\u00f1o consecutivo, ha reunido altos representantes de empresas de todos los sectores con el objetivo de poner en com\u00fan experiencias y motivaciones para sumar esfuerzos con la entidad ciudadana. \u00abEs indudable el valor social y empresarial que tiene, para una empresa, colaborar estrechamente con una organizaci\u00f3n de la categor\u00eda del Casal\u00bb, explic\u00f3 Jordi Sala, director de recursos humanos del Hotel Arts y anfitri\u00f3n de la acto \u00abhace muchos a\u00f1os que colaboramos con ellos y la sensaci\u00f3n es que cada vez vamos a m\u00e1s y mejor\u00bb. A Salas le ha seguido Ant\u00f3n Costas, catedr\u00e1tico de pol\u00edtica econ\u00f3mica de la Universidad de Barcelona, que ha abierto el turno de parlamentos y ha destacado la importancia de que todos los sectores de la sociedad se unan para hacer frente a un problema tan complejo como es la desigualdad social \u00abno podemos dejar recaer todo en las espaldas de la administraci\u00f3n. Hay espacio y necesidad de que el estado d\u00e9 ciertas garant\u00edas de bienestar social, pero la pobreza es un problema complejo que debemos abordar entre todos , y las empresas y las organizaciones civiles tenemos un papel primordial para erradicarla \u00ab.<\/p>\n<p><strong>\u00abPersonas por personas\u00bb<\/strong><\/p>\n<p>Enric Canet, director de relaciones ciudadanas del Casal y moderador del acto, ha dado paso a continuaci\u00f3n a Rosa Balaguer, directora general de la entidad, que ha hecho balance de los \u00faltimos meses en los barrios donde el Casal tiene presencia \u00abcoincidiendo con informes publicados recientemente, sabemos que la situaci\u00f3n en los barrios est\u00e1 empeorando \u00ab, destac\u00f3,\u00bb en especial en Salt tenemos un gran reto para poder mantener la intervenci\u00f3n social que estamos garantizando hasta ahora, sobre todo en infancia \u00ab. En este sentido, la directora general de la asociaci\u00f3n se ha dirigido a los empresarios asistentes para explicar el valor del la aportaci\u00f3n privada \u00abs\u00f3lo podemos seguir haciendo nuestro trabajo si disponemos de &#8216;fondos libres&#8217;, que son aquellos que podemos distribuir en los barrios y proyectos que consideramos que m\u00e1s lo necesitan \u00ab, ha continuado,\u00bb por eso damos tanto valor a la colaboraci\u00f3n del sector privado; queremos hacer un llamamiento al sector empresarial, para sumarse a nuestro reto en Salt \u00ab.<\/p>\n<p>A pesar de la importancia de la colaboraci\u00f3n econ\u00f3mica, Rosa Balaguer tambi\u00e9n ha querido insistir en que las empresas \u00abson indispensables para la formaci\u00f3n de j\u00f3venes en riesgo de exclusi\u00f3n social. Hacemos una &#8216;formaci\u00f3n dual entre la empresa y el Casal que est\u00e1 demostrando ser todo un \u00e9xito, tanto a nivel formativo como en la posterior inserci\u00f3n en el mercado laboral \u00ab, dijo, destacando el valor del compromiso de muchas personas que integran las empresas solidarias\u00bb las empresas las conforman personas, y son \u00e9stas las que se comprometen y contagian su entusiasmo a otros compa\u00f1eros, haciendo posible el voluntariado corporativo en el Casal y otras f\u00f3rmulas de colaboraci\u00f3n muy imaginativas. Estamos orgullosos de ser personas para personas !!pero necesitamos ser m\u00e1s \u00ab.<\/p>\n<p>Una vez terminada la intervenci\u00f3n de la directora del Casal, ha sido el turno de las experiencias solidarias de empresas como Privalia, Emilliana Design o Lets Bonus. En el caso de Privalia, Marta Rebull ha presentado la iniciativa \u00abOutlet Solidario\u00bb, que se celebr\u00f3 en el Palo Alto de Barcelona y consisti\u00f3 en un mercado de art\u00edculos de \u00aboutlet\u00bb que destinar sus beneficios a los proyectos del Casal dels Infants. En la misma l\u00ednea, el CEO de Letsbonus, Juan Luan Luis Rico, explic\u00f3 c\u00f3mo se desarroll\u00f3 la Cena Solidaria que la empresa organiz\u00f3 en el Gran Teatro del Liceo \u00abfue una experiencia \u00fanica donde se implicaron todos los empleados del Liceu , del Casal, de Letsbonus &#8230; y muchos voluntarios y voluntarias \u00ab, coment\u00f3\u00bb todo un \u00e9xito de organizaci\u00f3n en un evento \u00fanico que llen\u00f3 de comensales y cocineros de lujo el m\u00edtico escenario del Liceu \u00ab. Por su parte, los representantes de la empresa Emilliana Design, han presentado la iniciativa conjunta con el Palau Robert y la Agencia de Residuos de Catalu\u00f1a \u00abLlums per a ser vistos\u00bb, que sirvi\u00f3 de arranque en la campa\u00f1a de Navidad del Casal e implic\u00f3 a muchos ni\u00f1os en el dise\u00f1o de envases de material reutilizado que transformaron en luces y con los que decorar Palau Robert y las diferentes sedes del Casal \u00ablos ni\u00f1os y ni\u00f1as estaban muy emocionados de poder colgar luces de Navidad en un lugar tan emblem\u00e1tico como el Palau Robert y en su casa, el Casal\u00bb.<\/p>\n<p>Las empresas de formaci\u00f3n que colaboran con el Casal han cerrado los parlamentos. Los empresarios de los grupos Andilana, O\u00eddo Cocina, Taberna y Cafet\u00edn y Mullor SA, han destacado por encima de todo la profesionalidad de los j\u00f3venes del Casal. \u00abCuando nos proponen que acogemos hombres y mujeres en pr\u00e1cticas no s\u00f3lo lo vemos como una oportunidad para ellos sino tambi\u00e9n para la empresa\u00bb, dec\u00eda Bruno Sempere, representante del Grupo O\u00eddo Cocina, \u00abtienen una actitud y unas ganas de hacer bien las cosas que dif\u00edcilmente se encuentran en otro lugar\u00bb. De hecho, cada una de las empresas ha salido a escena con uno de los j\u00f3venes que trabajan, todos ellos visiblemente emocionados y agradecidos \u00abme cuesta expresar el agradecimiento que siento por esta oportunidad\u00bb, explicaba la joven aprendiz de camarera Diana Tapia, \u00abespero que el esfuerzo por el trabajo bien hecho sea mi gratitud hacia el Casal ya la empresa \u00ab.<\/p>\n<p><strong>La \u00abXEC\u00bb: m\u00e1s de 400 empresas comprometidas con la inclusi\u00f3n social<\/strong><\/p>\n<p>La Red de Empresas Ciudadanas del Casal (XEC) suma m\u00e1s de 400 empresas comprometidas con la transformaci\u00f3n social en los barrios m\u00e1s vulnerables. Desde grandes financiadores hasta peque\u00f1as empresas que colaboran cediendo espacios o dando servicios gratuitamente, todas ellas se igualan en el firme compromiso de aportar su granito de arena a cambiar la realidad de muchos ni\u00f1os, j\u00f3venes y familias.<\/p>\n<p>El Casal apuesta por una relaci\u00f3n estrecha y de confianza, que convierte el compromiso social de las empresas en oportunidades para los ni\u00f1os y j\u00f3venes que las necesitan. Un modelo de relaci\u00f3n empresa-entidad consolidado, que genera nuevas oportunidades y acciones conjuntas para sumar esfuerzos y buscar el m\u00e1ximo impacto de cada col \u2022 raci\u00f3n.<\/p>\n<p>Para formar parte de la XEC, las empresas pueden hacerlo de varias maneras, d\u00f3nde lo m\u00e1s habitual es financiar directamente proyectos de la entidad, participar de los fondos solidarios de formaci\u00f3n para ni\u00f1os y j\u00f3venes en riesgo, organizar o patrocinar eventos o actividades, hacer voluntariado corporativo, difundir las actividades e iniciativas del Casal y, finalmente, siendo una de las empresas que dan oportunidades de formaci\u00f3n social y laboral a los j\u00f3venes.<\/p>\n","protected":false},"excerpt":{"rendered":"<p>El 7\u00aa encuentro anual de la Red de Empresas Ciudadanas del Casal (XEC) re\u00fane a m\u00e1s de 50 representantes de empresas comprometidas en la sala de actos del Hotel Arts. Los empresarios destacan el indudable \u00abvalor social y empresarial\u00bb de la colaboraci\u00f3n con una entidad que \u00abes referencia de la profesionalidad y el trabajo bien [&hellip;]<\/p>\n","protected":false},"author":1,"featured_media":3658,"comment_status":"open","ping_status":"open","sticky":false,"template":"","format":"standard","meta":{"_acf_changed":false,"_et_pb_use_builder":"","_et_pb_old_content":"","_et_gb_content_width":"","inline_featured_image":false,"footnotes":""},"categories":[125],"tags":[],"seus":[],"eixos":[],"class_list":["post-4566","post","type-post","status-publish","format-standard","has-post-thumbnail","hentry","category-noticias"],"acf":[],"yoast_head":"<!-- This site is optimized with the Yoast SEO plugin v27.4 - https:\/\/yoast.com\/product\/yoast-seo-wordpress\/ -->\n<title>Casal dels infants |Noticias<\/title>\n<meta name=\"description\" content=\"El Encuentro Anual de la Red de Empresas Ciudadanas (XEC) del Casal, que se celebra por s\u00e9ptimo a\u00f1o consecutivo, ha reunido altos representantes de empresas de todos los sectores con el objetivo de poner en com\u00fan experiencias y motivaciones para sumar esfuerzos con la entidad ciudadana.\" \/>\n<meta name=\"robots\" content=\"index, follow, max-snippet:-1, max-image-preview:large, max-video-preview:-1\" \/>\n<link rel=\"canonical\" href=\"https:\/\/www.casaldelsinfants.org\/es\/actualidad\/mas-de-50-empresas-solidarias-reunidas-casal-infants\/\" \/>\n<meta property=\"og:locale\" content=\"es_ES\" \/>\n<meta property=\"og:type\" content=\"article\" \/>\n<meta property=\"og:title\" content=\"Casal dels infants |Noticias\" \/>\n<meta property=\"og:description\" content=\"El Encuentro Anual de la Red de Empresas Ciudadanas (XEC) del Casal, que se celebra por s\u00e9ptimo a\u00f1o consecutivo, ha reunido altos representantes de empresas de todos los sectores con el objetivo de poner en com\u00fan experiencias y motivaciones para sumar esfuerzos con la entidad ciudadana.\" \/>\n<meta property=\"og:url\" content=\"https:\/\/www.casaldelsinfants.org\/es\/actualidad\/mas-de-50-empresas-solidarias-reunidas-casal-infants\/\" \/>\n<meta property=\"og:site_name\" content=\"Casal dels Infants\" \/>\n<meta property=\"article:publisher\" content=\"https:\/\/www.facebook.com\/casalinfants\" \/>\n<meta property=\"article:published_time\" content=\"2017-11-17T14:22:25+00:00\" \/>\n<meta property=\"article:modified_time\" content=\"2023-05-01T17:10:46+00:00\" \/>\n<meta property=\"og:image\" content=\"https:\/\/www.casaldelsinfants.org\/wp-content\/uploads\/3aeca87f-6ffb-4dec-95c3-578134b594de-scaled.jpg\" \/>\n\t<meta property=\"og:image:width\" content=\"2560\" \/>\n\t<meta property=\"og:image:height\" content=\"1707\" \/>\n\t<meta property=\"og:image:type\" content=\"image\/jpeg\" \/>\n<meta name=\"author\" content=\"cdiAdmin\" \/>\n<meta name=\"twitter:card\" content=\"summary_large_image\" \/>\n<meta name=\"twitter:creator\" content=\"@casalinfants\" \/>\n<meta name=\"twitter:site\" content=\"@casalinfants\" \/>\n<meta name=\"twitter:label1\" content=\"Escrito por\" \/>\n\t<meta name=\"twitter:data1\" content=\"cdiAdmin\" \/>\n\t<meta name=\"twitter:label2\" content=\"Tiempo de lectura\" \/>\n\t<meta name=\"twitter:data2\" content=\"6 minutos\" \/>\n<script type=\"application\/ld+json\" class=\"yoast-schema-graph\">{\"@context\":\"https:\\\/\\\/schema.org\",\"@graph\":[{\"@type\":\"Article\",\"@id\":\"https:\\\/\\\/www.casaldelsinfants.org\\\/es\\\/actualidad\\\/mas-de-50-empresas-solidarias-reunidas-casal-infants\\\/#article\",\"isPartOf\":{\"@id\":\"https:\\\/\\\/www.casaldelsinfants.org\\\/es\\\/actualidad\\\/mas-de-50-empresas-solidarias-reunidas-casal-infants\\\/\"},\"author\":{\"name\":\"cdiAdmin\",\"@id\":\"https:\\\/\\\/www.casaldelsinfants.org\\\/es\\\/#\\\/schema\\\/person\\\/97707fc8c64900cf36891127dbf9fba8\"},\"headline\":\"M\u00e1s de 50 empresas solidarias se re\u00fanen en el encuentro anual del Casal\",\"datePublished\":\"2017-11-17T14:22:25+00:00\",\"dateModified\":\"2023-05-01T17:10:46+00:00\",\"mainEntityOfPage\":{\"@id\":\"https:\\\/\\\/www.casaldelsinfants.org\\\/es\\\/actualidad\\\/mas-de-50-empresas-solidarias-reunidas-casal-infants\\\/\"},\"wordCount\":1250,\"commentCount\":0,\"publisher\":{\"@id\":\"https:\\\/\\\/www.casaldelsinfants.org\\\/es\\\/#organization\"},\"image\":{\"@id\":\"https:\\\/\\\/www.casaldelsinfants.org\\\/es\\\/actualidad\\\/mas-de-50-empresas-solidarias-reunidas-casal-infants\\\/#primaryimage\"},\"thumbnailUrl\":\"https:\\\/\\\/www.casaldelsinfants.org\\\/wp-content\\\/uploads\\\/3aeca87f-6ffb-4dec-95c3-578134b594de-scaled.jpg\",\"articleSection\":[\"Noticia\"],\"inLanguage\":\"es\",\"potentialAction\":[{\"@type\":\"CommentAction\",\"name\":\"Comment\",\"target\":[\"https:\\\/\\\/www.casaldelsinfants.org\\\/es\\\/actualidad\\\/mas-de-50-empresas-solidarias-reunidas-casal-infants\\\/#respond\"]}]},{\"@type\":\"WebPage\",\"@id\":\"https:\\\/\\\/www.casaldelsinfants.org\\\/es\\\/actualidad\\\/mas-de-50-empresas-solidarias-reunidas-casal-infants\\\/\",\"url\":\"https:\\\/\\\/www.casaldelsinfants.org\\\/es\\\/actualidad\\\/mas-de-50-empresas-solidarias-reunidas-casal-infants\\\/\",\"name\":\"Casal dels infants |Noticias\",\"isPartOf\":{\"@id\":\"https:\\\/\\\/www.casaldelsinfants.org\\\/es\\\/#website\"},\"primaryImageOfPage\":{\"@id\":\"https:\\\/\\\/www.casaldelsinfants.org\\\/es\\\/actualidad\\\/mas-de-50-empresas-solidarias-reunidas-casal-infants\\\/#primaryimage\"},\"image\":{\"@id\":\"https:\\\/\\\/www.casaldelsinfants.org\\\/es\\\/actualidad\\\/mas-de-50-empresas-solidarias-reunidas-casal-infants\\\/#primaryimage\"},\"thumbnailUrl\":\"https:\\\/\\\/www.casaldelsinfants.org\\\/wp-content\\\/uploads\\\/3aeca87f-6ffb-4dec-95c3-578134b594de-scaled.jpg\",\"datePublished\":\"2017-11-17T14:22:25+00:00\",\"dateModified\":\"2023-05-01T17:10:46+00:00\",\"description\":\"El Encuentro Anual de la Red de Empresas Ciudadanas (XEC) del Casal, que se celebra por s\u00e9ptimo a\u00f1o consecutivo, ha reunido altos representantes de empresas de todos los sectores con el objetivo de poner en com\u00fan experiencias y motivaciones para sumar esfuerzos con la entidad ciudadana.\",\"breadcrumb\":{\"@id\":\"https:\\\/\\\/www.casaldelsinfants.org\\\/es\\\/actualidad\\\/mas-de-50-empresas-solidarias-reunidas-casal-infants\\\/#breadcrumb\"},\"inLanguage\":\"es\",\"potentialAction\":[{\"@type\":\"ReadAction\",\"target\":[\"https:\\\/\\\/www.casaldelsinfants.org\\\/es\\\/actualidad\\\/mas-de-50-empresas-solidarias-reunidas-casal-infants\\\/\"]}]},{\"@type\":\"ImageObject\",\"inLanguage\":\"es\",\"@id\":\"https:\\\/\\\/www.casaldelsinfants.org\\\/es\\\/actualidad\\\/mas-de-50-empresas-solidarias-reunidas-casal-infants\\\/#primaryimage\",\"url\":\"https:\\\/\\\/www.casaldelsinfants.org\\\/wp-content\\\/uploads\\\/3aeca87f-6ffb-4dec-95c3-578134b594de-scaled.jpg\",\"contentUrl\":\"https:\\\/\\\/www.casaldelsinfants.org\\\/wp-content\\\/uploads\\\/3aeca87f-6ffb-4dec-95c3-578134b594de-scaled.jpg\",\"width\":2560,\"height\":1707,\"caption\":\"Representants de m\u00e9s de 50 empreses solid\u00e0ries es reuneixen a la trobada anual del Casal dels Infants.\"},{\"@type\":\"BreadcrumbList\",\"@id\":\"https:\\\/\\\/www.casaldelsinfants.org\\\/es\\\/actualidad\\\/mas-de-50-empresas-solidarias-reunidas-casal-infants\\\/#breadcrumb\",\"itemListElement\":[{\"@type\":\"ListItem\",\"position\":1,\"name\":\"Inici\",\"item\":\"https:\\\/\\\/www.casaldelsinfants.org\\\/es\\\/\"},{\"@type\":\"ListItem\",\"position\":2,\"name\":\"M\u00e1s de 50 empresas solidarias se re\u00fanen en el encuentro anual del Casal\"}]},{\"@type\":\"WebSite\",\"@id\":\"https:\\\/\\\/www.casaldelsinfants.org\\\/es\\\/#website\",\"url\":\"https:\\\/\\\/www.casaldelsinfants.org\\\/es\\\/\",\"name\":\"Casal dels Infants\",\"description\":\"\",\"publisher\":{\"@id\":\"https:\\\/\\\/www.casaldelsinfants.org\\\/es\\\/#organization\"},\"potentialAction\":[{\"@type\":\"SearchAction\",\"target\":{\"@type\":\"EntryPoint\",\"urlTemplate\":\"https:\\\/\\\/www.casaldelsinfants.org\\\/es\\\/?s={search_term_string}\"},\"query-input\":{\"@type\":\"PropertyValueSpecification\",\"valueRequired\":true,\"valueName\":\"search_term_string\"}}],\"inLanguage\":\"es\"},{\"@type\":\"Organization\",\"@id\":\"https:\\\/\\\/www.casaldelsinfants.org\\\/es\\\/#organization\",\"name\":\"Casal dels Infants\",\"url\":\"https:\\\/\\\/www.casaldelsinfants.org\\\/es\\\/\",\"logo\":{\"@type\":\"ImageObject\",\"inLanguage\":\"es\",\"@id\":\"https:\\\/\\\/www.casaldelsinfants.org\\\/es\\\/#\\\/schema\\\/logo\\\/image\\\/\",\"url\":\"https:\\\/\\\/www.casaldelsinfants.org\\\/wp-content\\\/uploads\\\/logo-mail.png\",\"contentUrl\":\"https:\\\/\\\/www.casaldelsinfants.org\\\/wp-content\\\/uploads\\\/logo-mail.png\",\"width\":380,\"height\":158,\"caption\":\"Casal dels Infants\"},\"image\":{\"@id\":\"https:\\\/\\\/www.casaldelsinfants.org\\\/es\\\/#\\\/schema\\\/logo\\\/image\\\/\"},\"sameAs\":[\"https:\\\/\\\/www.facebook.com\\\/casalinfants\",\"https:\\\/\\\/x.com\\\/casalinfants\",\"https:\\\/\\\/www.youtube.com\\\/user\\\/CasaldelsInfants1\",\"https:\\\/\\\/www.instagram.com\\\/casalinfants\\\/\",\"https:\\\/\\\/www.linkedin.com\\\/company\\\/casaldelsinfants?trk=organization-update_share-update_actor-text\"]},{\"@type\":\"Person\",\"@id\":\"https:\\\/\\\/www.casaldelsinfants.org\\\/es\\\/#\\\/schema\\\/person\\\/97707fc8c64900cf36891127dbf9fba8\",\"name\":\"cdiAdmin\",\"sameAs\":[\"https:\\\/\\\/casaldelsinfants.org\"]}]}<\/script>\n<!-- \/ Yoast SEO plugin. -->","yoast_head_json":{"title":"Casal dels infants |Noticias","description":"El Encuentro Anual de la Red de Empresas Ciudadanas (XEC) del Casal, que se celebra por s\u00e9ptimo a\u00f1o consecutivo, ha reunido altos representantes de empresas de todos los sectores con el objetivo de poner en com\u00fan experiencias y motivaciones para sumar esfuerzos con la entidad ciudadana.","robots":{"index":"index","follow":"follow","max-snippet":"max-snippet:-1","max-image-preview":"max-image-preview:large","max-video-preview":"max-video-preview:-1"},"canonical":"https:\/\/www.casaldelsinfants.org\/es\/actualidad\/mas-de-50-empresas-solidarias-reunidas-casal-infants\/","og_locale":"es_ES","og_type":"article","og_title":"Casal dels infants |Noticias","og_description":"El Encuentro Anual de la Red de Empresas Ciudadanas (XEC) del Casal, que se celebra por s\u00e9ptimo a\u00f1o consecutivo, ha reunido altos representantes de empresas de todos los sectores con el objetivo de poner en com\u00fan experiencias y motivaciones para sumar esfuerzos con la entidad ciudadana.","og_url":"https:\/\/www.casaldelsinfants.org\/es\/actualidad\/mas-de-50-empresas-solidarias-reunidas-casal-infants\/","og_site_name":"Casal dels Infants","article_publisher":"https:\/\/www.facebook.com\/casalinfants","article_published_time":"2017-11-17T14:22:25+00:00","article_modified_time":"2023-05-01T17:10:46+00:00","og_image":[{"width":2560,"height":1707,"url":"https:\/\/www.casaldelsinfants.org\/wp-content\/uploads\/3aeca87f-6ffb-4dec-95c3-578134b594de-scaled.jpg","type":"image\/jpeg"}],"author":"cdiAdmin","twitter_card":"summary_large_image","twitter_creator":"@casalinfants","twitter_site":"@casalinfants","twitter_misc":{"Escrito por":"cdiAdmin","Tiempo de lectura":"6 minutos"},"schema":{"@context":"https:\/\/schema.org","@graph":[{"@type":"Article","@id":"https:\/\/www.casaldelsinfants.org\/es\/actualidad\/mas-de-50-empresas-solidarias-reunidas-casal-infants\/#article","isPartOf":{"@id":"https:\/\/www.casaldelsinfants.org\/es\/actualidad\/mas-de-50-empresas-solidarias-reunidas-casal-infants\/"},"author":{"name":"cdiAdmin","@id":"https:\/\/www.casaldelsinfants.org\/es\/#\/schema\/person\/97707fc8c64900cf36891127dbf9fba8"},"headline":"M\u00e1s de 50 empresas solidarias se re\u00fanen en el encuentro anual del Casal","datePublished":"2017-11-17T14:22:25+00:00","dateModified":"2023-05-01T17:10:46+00:00","mainEntityOfPage":{"@id":"https:\/\/www.casaldelsinfants.org\/es\/actualidad\/mas-de-50-empresas-solidarias-reunidas-casal-infants\/"},"wordCount":1250,"commentCount":0,"publisher":{"@id":"https:\/\/www.casaldelsinfants.org\/es\/#organization"},"image":{"@id":"https:\/\/www.casaldelsinfants.org\/es\/actualidad\/mas-de-50-empresas-solidarias-reunidas-casal-infants\/#primaryimage"},"thumbnailUrl":"https:\/\/www.casaldelsinfants.org\/wp-content\/uploads\/3aeca87f-6ffb-4dec-95c3-578134b594de-scaled.jpg","articleSection":["Noticia"],"inLanguage":"es","potentialAction":[{"@type":"CommentAction","name":"Comment","target":["https:\/\/www.casaldelsinfants.org\/es\/actualidad\/mas-de-50-empresas-solidarias-reunidas-casal-infants\/#respond"]}]},{"@type":"WebPage","@id":"https:\/\/www.casaldelsinfants.org\/es\/actualidad\/mas-de-50-empresas-solidarias-reunidas-casal-infants\/","url":"https:\/\/www.casaldelsinfants.org\/es\/actualidad\/mas-de-50-empresas-solidarias-reunidas-casal-infants\/","name":"Casal dels infants |Noticias","isPartOf":{"@id":"https:\/\/www.casaldelsinfants.org\/es\/#website"},"primaryImageOfPage":{"@id":"https:\/\/www.casaldelsinfants.org\/es\/actualidad\/mas-de-50-empresas-solidarias-reunidas-casal-infants\/#primaryimage"},"image":{"@id":"https:\/\/www.casaldelsinfants.org\/es\/actualidad\/mas-de-50-empresas-solidarias-reunidas-casal-infants\/#primaryimage"},"thumbnailUrl":"https:\/\/www.casaldelsinfants.org\/wp-content\/uploads\/3aeca87f-6ffb-4dec-95c3-578134b594de-scaled.jpg","datePublished":"2017-11-17T14:22:25+00:00","dateModified":"2023-05-01T17:10:46+00:00","description":"El Encuentro Anual de la Red de Empresas Ciudadanas (XEC) del Casal, que se celebra por s\u00e9ptimo a\u00f1o consecutivo, ha reunido altos representantes de empresas de todos los sectores con el objetivo de poner en com\u00fan experiencias y motivaciones para sumar esfuerzos con la entidad ciudadana.","breadcrumb":{"@id":"https:\/\/www.casaldelsinfants.org\/es\/actualidad\/mas-de-50-empresas-solidarias-reunidas-casal-infants\/#breadcrumb"},"inLanguage":"es","potentialAction":[{"@type":"ReadAction","target":["https:\/\/www.casaldelsinfants.org\/es\/actualidad\/mas-de-50-empresas-solidarias-reunidas-casal-infants\/"]}]},{"@type":"ImageObject","inLanguage":"es","@id":"https:\/\/www.casaldelsinfants.org\/es\/actualidad\/mas-de-50-empresas-solidarias-reunidas-casal-infants\/#primaryimage","url":"https:\/\/www.casaldelsinfants.org\/wp-content\/uploads\/3aeca87f-6ffb-4dec-95c3-578134b594de-scaled.jpg","contentUrl":"https:\/\/www.casaldelsinfants.org\/wp-content\/uploads\/3aeca87f-6ffb-4dec-95c3-578134b594de-scaled.jpg","width":2560,"height":1707,"caption":"Representants de m\u00e9s de 50 empreses solid\u00e0ries es reuneixen a la trobada anual del Casal dels Infants."},{"@type":"BreadcrumbList","@id":"https:\/\/www.casaldelsinfants.org\/es\/actualidad\/mas-de-50-empresas-solidarias-reunidas-casal-infants\/#breadcrumb","itemListElement":[{"@type":"ListItem","position":1,"name":"Inici","item":"https:\/\/www.casaldelsinfants.org\/es\/"},{"@type":"ListItem","position":2,"name":"M\u00e1s de 50 empresas solidarias se re\u00fanen en el encuentro anual del Casal"}]},{"@type":"WebSite","@id":"https:\/\/www.casaldelsinfants.org\/es\/#website","url":"https:\/\/www.casaldelsinfants.org\/es\/","name":"Casal dels Infants","description":"","publisher":{"@id":"https:\/\/www.casaldelsinfants.org\/es\/#organization"},"potentialAction":[{"@type":"SearchAction","target":{"@type":"EntryPoint","urlTemplate":"https:\/\/www.casaldelsinfants.org\/es\/?s={search_term_string}"},"query-input":{"@type":"PropertyValueSpecification","valueRequired":true,"valueName":"search_term_string"}}],"inLanguage":"es"},{"@type":"Organization","@id":"https:\/\/www.casaldelsinfants.org\/es\/#organization","name":"Casal dels Infants","url":"https:\/\/www.casaldelsinfants.org\/es\/","logo":{"@type":"ImageObject","inLanguage":"es","@id":"https:\/\/www.casaldelsinfants.org\/es\/#\/schema\/logo\/image\/","url":"https:\/\/www.casaldelsinfants.org\/wp-content\/uploads\/logo-mail.png","contentUrl":"https:\/\/www.casaldelsinfants.org\/wp-content\/uploads\/logo-mail.png","width":380,"height":158,"caption":"Casal dels Infants"},"image":{"@id":"https:\/\/www.casaldelsinfants.org\/es\/#\/schema\/logo\/image\/"},"sameAs":["https:\/\/www.facebook.com\/casalinfants","https:\/\/x.com\/casalinfants","https:\/\/www.youtube.com\/user\/CasaldelsInfants1","https:\/\/www.instagram.com\/casalinfants\/","https:\/\/www.linkedin.com\/company\/casaldelsinfants?trk=organization-update_share-update_actor-text"]},{"@type":"Person","@id":"https:\/\/www.casaldelsinfants.org\/es\/#\/schema\/person\/97707fc8c64900cf36891127dbf9fba8","name":"cdiAdmin","sameAs":["https:\/\/casaldelsinfants.org"]}]}},"publishpress_future_action":{"enabled":false,"date":"2026-05-07 11:12:16","action":"change-status","newStatus":"draft","terms":[],"taxonomy":"category","extraData":[]},"publishpress_future_workflow_manual_trigger":{"enabledWorkflows":[]},"_links":{"self":[{"href":"https:\/\/www.casaldelsinfants.org\/es\/wp-json\/wp\/v2\/posts\/4566","targetHints":{"allow":["GET"]}}],"collection":[{"href":"https:\/\/www.casaldelsinfants.org\/es\/wp-json\/wp\/v2\/posts"}],"about":[{"href":"https:\/\/www.casaldelsinfants.org\/es\/wp-json\/wp\/v2\/types\/post"}],"author":[{"embeddable":true,"href":"https:\/\/www.casaldelsinfants.org\/es\/wp-json\/wp\/v2\/users\/1"}],"replies":[{"embeddable":true,"href":"https:\/\/www.casaldelsinfants.org\/es\/wp-json\/wp\/v2\/comments?post=4566"}],"version-history":[{"count":1,"href":"https:\/\/www.casaldelsinfants.org\/es\/wp-json\/wp\/v2\/posts\/4566\/revisions"}],"predecessor-version":[{"id":6478,"href":"https:\/\/www.casaldelsinfants.org\/es\/wp-json\/wp\/v2\/posts\/4566\/revisions\/6478"}],"wp:featuredmedia":[{"embeddable":true,"href":"https:\/\/www.casaldelsinfants.org\/es\/wp-json\/wp\/v2\/media\/3658"}],"wp:attachment":[{"href":"https:\/\/www.casaldelsinfants.org\/es\/wp-json\/wp\/v2\/media?parent=4566"}],"wp:term":[{"taxonomy":"category","embeddable":true,"href":"https:\/\/www.casaldelsinfants.org\/es\/wp-json\/wp\/v2\/categories?post=4566"},{"taxonomy":"post_tag","embeddable":true,"href":"https:\/\/www.casaldelsinfants.org\/es\/wp-json\/wp\/v2\/tags?post=4566"},{"taxonomy":"seus","embeddable":true,"href":"https:\/\/www.casaldelsinfants.org\/es\/wp-json\/wp\/v2\/seus?post=4566"},{"taxonomy":"eixos","embeddable":true,"href":"https:\/\/www.casaldelsinfants.org\/es\/wp-json\/wp\/v2\/eixos?post=4566"}],"curies":[{"name":"wp","href":"https:\/\/api.w.org\/{rel}","templated":true}]}}