{"id":4567,"date":"2017-11-17T16:20:46","date_gmt":"2017-11-17T14:20:46","guid":{"rendered":"https:\/\/casal.puntzero.cat\/noticies\/apartur-entrega-16171-euros-del-check-solidari-al-casal-dels-infants\/"},"modified":"2023-05-01T19:10:54","modified_gmt":"2023-05-01T17:10:54","slug":"apartur-entrega-16171-euros-del-check-solidari-al-casal-dels-infants","status":"publish","type":"post","link":"https:\/\/www.casaldelsinfants.org\/es\/actualidad\/apartur-entrega-16171-euros-del-check-solidari-al-casal-dels-infants\/","title":{"rendered":"APARTUR entrega 16.171 euros del Check In Solidario al Casal"},"content":{"rendered":"<h4><strong><img decoding=\"async\" src=\"https:\/\/gallery.mailchimp.com\/5a86124d0d68cfd1982da12ce\/images\/c280b9e1-dbfa-46b2-979f-099cf524e4c7.jpg\" border=\"0\" width=\"350\" style=\"float: left;\" \/><\/strong>\u2022 Se trata de la tercera edici\u00f3n de esta campa\u00f1a solidaria en la que han participado m\u00e1s de 1.700 apartamentos tur\u00edsticos de la ciudad de Barcelona. La cantidad recaudada ha m\u00e1s que doblado el que se recogi\u00f3 el a\u00f1o pasado.<\/h4>\n<h4>\u2022 Como novedad este a\u00f1o, los turistas que han visitado la ciudad y se han alojado en uno de estos apartamentos tur\u00edsticos participantes tambi\u00e9n han puesto su granito de arena a trav\u00e9s de unas huchas que los propietarios de los pisos depositaron durante todo verano.<\/h4>\n<h4>\u2022 La Asociaci\u00f3n de Apartamentos Tur\u00edsticos de Barcelona ha entregado este jueves a la Asociaci\u00f3n Casal la cantidad recaudada este verano gracias a las reservas en apartamentos tur\u00edsticos de la ciudad. El dinero ir\u00e1 destinado al proyecto V\u00ednculos, que acompa\u00f1a madres con beb\u00e9s de 0 a 3 a\u00f1os en riesgo de exclusi\u00f3n.<\/h4>\n<p>La Asociaci\u00f3n de Apartamentos Tur\u00edsticos de Barcelona (APARTUR) y el Casal han celebrado este jueves la clausura de la tercera edici\u00f3n deI Check In Solidario, la campa\u00f1a que durante todo el verano ha recaudado fondos para el proyecto social V\u00ednculos. La acci\u00f3n ha conseguido recaudar 16 171 euros que se destinar\u00e1n a apoyar el proyecto V\u00ednculos del Casal, que trabaja con madres y beb\u00e9s de 0 a 3 a\u00f1os en riesgo de exclusi\u00f3n social.\u00a0<\/p>\n<p>En total han participado 40 empresas del sector que forman parte de APARTUR y unos 1.700 apartamentos tur\u00edsticos que se han implicado durante todo el verano dando un euro por cada reserva hecha desde el 1 de junio al 15 de septiembre. Como novedad de esta tercera edici\u00f3n de la campa\u00f1a, desde la patronal de los apartamentos tur\u00edsticos se ha querido tambi\u00e9n implicar a los turistas que visitan la ciudad y se col \u2022 colocar unas huchas en los pisos donde los visitantes han podido hacer sus aportaciones al proyecto.\u00a0<\/p>\n<p>Por Enrique Alc\u00e1ntara, presidente de APARTUR, es muy gratificante ver como una iniciativa de estas caracter\u00edsticas crece a\u00f1o tras a\u00f1o. \u00abHemos pasado de 17 empresas participantes en las dos primeras ediciones a 40 y de recoger 7.000 euros m\u00e1s para llegar a los 16.000. Para la asociaci\u00f3n es muy importante poder implicarse en proyectos solidarios y, especialmente, proyectos tan propios de la ciudad como es el Casal. Es necesario que el sector del turismo en general se implique m\u00e1s en el tejido de la ciudad, redistribuyendo una parte de los beneficios en aquellos que m\u00e1s lo necesitan y, sobre todo, que la gente deje de tener tab\u00faes contra el sector y lo vea como un beneficio cercano para ellos y para el barrio \u00ab.\u00a0<\/p>\n<p>Por su parte, la directora general del Casal, Rosa Balaguer ha agradecido a Apartur el impulso y el liderazgo de la iniciativa solidaria que se consolida desde su primera edici\u00f3n en 2013. \u00abHace 3 a\u00f1os que col \u2022 laboramos con Apartur en el Check in solidario, su apoyo ha sido clave para vincular el sector tur\u00edstico con la transformaci\u00f3n del barrio del Raval \u00ab, comentaba en la rueda de prensa,\u00bb este a\u00f1o contamos con m\u00e1s empresas que nunca: 40 de ellas han participado en esta tercera edici\u00f3n, doblando el n\u00famero de participantes de la primera y segunda &#8230; estamos muy orgullosos \u00ab.<\/p>\n<p>Seg\u00fan la directora de la entidad de acci\u00f3n social, tanto la empresa como el sector p\u00fablico son claves para la transformaci\u00f3n de la sociedad \u00abcada a\u00f1o que pasa demostramos que la suma de esfuerzos es transformadora, por eso tambi\u00e9n reconocemos y agradecemos , un a\u00f1o m\u00e1s, la participaci\u00f3n del Ayuntamiento de Barcelona \u00ab, ha continuado Balaguer,\u00bb estamos muy satisfechos de ver que entre todas y todos los que hemos participado en esta campa\u00f1a hayamos obtenido \u20ac 16.171, m\u00e1s que sumando el resultado de los dos a\u00f1os anteriores. Este apoyo es imprescindible para consolidar el proyecto materno V\u00ednculos que hacemos aqu\u00ed en el Raval, pero tambi\u00e9n en Badalona y Santa Coloma, gracias al cual apoyamos madres y beb\u00e9s de 0 a 3 a\u00f1os con dificultades. \u00ab<\/p>\n<p>El acto, que ha tenido lugar en la sede del Casal en la calle de la Reina Amalia en el Raval, ha reunido personalidades del mundo del turismo, y ha contado con la participaci\u00f3n de la gerente del distrito de Ciutat Vella, M\u00f3nica Mateos.<\/p>\n<p>APARTUR agrupa 185 empresas y profesionales, todas explotadoras de apartamentos tur\u00edsticos, y que representa la mayor oferta legalizada de apartamentos tur\u00edsticos de la provincia de Barcelona con 6.310 apartamentos (datos de noviembre de 2014). La filosof\u00eda y m\u00e1ximo objetivo de la entidad es representar y aglutinar todos sus afiliados, contribuyendo a la defensa y promoci\u00f3n de sus intereses profesionales, laborales, econ\u00f3micos, sociales y culturales. Desde APARTUR se trabaja para consolidar la oferta de modelo de alojamiento en viviendas de uso tur\u00edstico, mejorar la oferta y asegurar su integraci\u00f3n con el tejido social y la coordinaci\u00f3n con el resto del sector tur\u00edstico y los poderes p\u00fablicos . La Asociaci\u00f3n de Apartamentos Tur\u00edsticos de Barcelona trabaja tambi\u00e9n para combatir la il \u2022 legalidad en el sector tur\u00edstico. Por ello, forma parte activa de una comisi\u00f3n creada exclusivamente para este fin e integrada por el Ayuntamiento de Barcelona, la Generalitat, el Consejo Comarcal del Barcelon\u00e8s y los gremios hotelero y de albergues. La asociaci\u00f3n considera que el apartamento tur\u00edstico contribuye a un modelo de turismo no masivo, con una clientela que busca un conocimiento profundo del entorno y difunde una imagen de proximidad real de Barcelona a los pa\u00edses de origen.\u00a0<\/p>\n<p>El Casal acompa\u00f1a 6.000 ni\u00f1os, j\u00f3venes y familias a hacer peque\u00f1os pasos hacia la autonom\u00eda, cada d\u00eda. Refuerza la educaci\u00f3n de los ni\u00f1os y ni\u00f1as que lo necesitan, da apoyo a sus familias, forma en oficios a los j\u00f3venes y les procura oportunidades de trabajo. Lo hace en los barrios que concentran las situaciones m\u00e1s graves de exclusi\u00f3n social: el Raval de Barcelona, la Mina en Sant Adri\u00e0 de Bes\u00f2s, Badalona Sur, barrios de Fondo y Santa Rosa-Raval en Santa Coloma de Gramenet, y el municipio de Salt el Giron\u00e8s. Tambi\u00e9n con proyectos de cooperaci\u00f3n coordinados con entidades locales de Marruecos, en T\u00e1nger y Casablanca.<\/p>\n","protected":false},"excerpt":{"rendered":"<p>\u2022 Se trata de la tercera edici\u00f3n de esta campa\u00f1a solidaria en la que han participado m\u00e1s de 1.700 apartamentos tur\u00edsticos de la ciudad de Barcelona. La cantidad recaudada ha m\u00e1s que doblado el que se recogi\u00f3 el a\u00f1o pasado. \u2022 Como novedad este a\u00f1o, los turistas que han visitado la ciudad y se han [&hellip;]<\/p>\n","protected":false},"author":1,"featured_media":3661,"comment_status":"open","ping_status":"open","sticky":false,"template":"","format":"standard","meta":{"_acf_changed":false,"_et_pb_use_builder":"","_et_pb_old_content":"","_et_gb_content_width":"","inline_featured_image":false,"footnotes":""},"categories":[125],"tags":[],"seus":[],"eixos":[],"class_list":["post-4567","post","type-post","status-publish","format-standard","has-post-thumbnail","hentry","category-noticias"],"acf":[],"yoast_head":"<!-- This site is optimized with the Yoast SEO plugin v27.4 - https:\/\/yoast.com\/product\/yoast-seo-wordpress\/ -->\n<title>APARTUR entrega 16.171 euros del Check In Solidario al Casal - Casal dels Infants<\/title>\n<meta name=\"robots\" content=\"index, follow, max-snippet:-1, max-image-preview:large, max-video-preview:-1\" \/>\n<link rel=\"canonical\" href=\"https:\/\/www.casaldelsinfants.org\/es\/actualidad\/apartur-entrega-16171-euros-del-check-solidari-al-casal-dels-infants\/\" \/>\n<meta property=\"og:locale\" content=\"es_ES\" \/>\n<meta property=\"og:type\" content=\"article\" \/>\n<meta property=\"og:title\" content=\"APARTUR entrega 16.171 euros del Check In Solidario al Casal - Casal dels Infants\" \/>\n<meta property=\"og:description\" content=\"\u2022 Se trata de la tercera edici\u00f3n de esta campa\u00f1a solidaria en la que han participado m\u00e1s de 1.700 apartamentos tur\u00edsticos de la ciudad de Barcelona. La cantidad recaudada ha m\u00e1s que doblado el que se recogi\u00f3 el a\u00f1o pasado. \u2022 Como novedad este a\u00f1o, los turistas que han visitado la ciudad y se han [&hellip;]\" \/>\n<meta property=\"og:url\" content=\"https:\/\/www.casaldelsinfants.org\/es\/actualidad\/apartur-entrega-16171-euros-del-check-solidari-al-casal-dels-infants\/\" \/>\n<meta property=\"og:site_name\" content=\"Casal dels Infants\" \/>\n<meta property=\"article:publisher\" content=\"https:\/\/www.facebook.com\/casalinfants\" \/>\n<meta property=\"article:published_time\" content=\"2017-11-17T14:20:46+00:00\" \/>\n<meta property=\"article:modified_time\" content=\"2023-05-01T17:10:54+00:00\" \/>\n<meta property=\"og:image\" content=\"https:\/\/www.casaldelsinfants.org\/wp-content\/uploads\/c280b9e1-dbfa-46b2-979f-099cf524e4c7.jpg\" \/>\n\t<meta property=\"og:image:width\" content=\"837\" \/>\n\t<meta property=\"og:image:height\" content=\"579\" \/>\n\t<meta property=\"og:image:type\" content=\"image\/jpeg\" \/>\n<meta name=\"author\" content=\"cdiAdmin\" \/>\n<meta name=\"twitter:card\" content=\"summary_large_image\" \/>\n<meta name=\"twitter:creator\" content=\"@casalinfants\" \/>\n<meta name=\"twitter:site\" content=\"@casalinfants\" \/>\n<meta name=\"twitter:label1\" content=\"Escrito por\" \/>\n\t<meta name=\"twitter:data1\" content=\"cdiAdmin\" \/>\n\t<meta name=\"twitter:label2\" content=\"Tiempo de lectura\" \/>\n\t<meta name=\"twitter:data2\" content=\"5 minutos\" \/>\n<script type=\"application\/ld+json\" class=\"yoast-schema-graph\">{\"@context\":\"https:\\\/\\\/schema.org\",\"@graph\":[{\"@type\":\"Article\",\"@id\":\"https:\\\/\\\/www.casaldelsinfants.org\\\/es\\\/actualidad\\\/apartur-entrega-16171-euros-del-check-solidari-al-casal-dels-infants\\\/#article\",\"isPartOf\":{\"@id\":\"https:\\\/\\\/www.casaldelsinfants.org\\\/es\\\/actualidad\\\/apartur-entrega-16171-euros-del-check-solidari-al-casal-dels-infants\\\/\"},\"author\":{\"name\":\"cdiAdmin\",\"@id\":\"https:\\\/\\\/www.casaldelsinfants.org\\\/es\\\/#\\\/schema\\\/person\\\/97707fc8c64900cf36891127dbf9fba8\"},\"headline\":\"APARTUR entrega 16.171 euros del Check In Solidario al Casal\",\"datePublished\":\"2017-11-17T14:20:46+00:00\",\"dateModified\":\"2023-05-01T17:10:54+00:00\",\"mainEntityOfPage\":{\"@id\":\"https:\\\/\\\/www.casaldelsinfants.org\\\/es\\\/actualidad\\\/apartur-entrega-16171-euros-del-check-solidari-al-casal-dels-infants\\\/\"},\"wordCount\":1075,\"commentCount\":0,\"publisher\":{\"@id\":\"https:\\\/\\\/www.casaldelsinfants.org\\\/es\\\/#organization\"},\"image\":{\"@id\":\"https:\\\/\\\/www.casaldelsinfants.org\\\/es\\\/actualidad\\\/apartur-entrega-16171-euros-del-check-solidari-al-casal-dels-infants\\\/#primaryimage\"},\"thumbnailUrl\":\"https:\\\/\\\/www.casaldelsinfants.org\\\/wp-content\\\/uploads\\\/c280b9e1-dbfa-46b2-979f-099cf524e4c7.jpg\",\"articleSection\":[\"Noticia\"],\"inLanguage\":\"es\",\"potentialAction\":[{\"@type\":\"CommentAction\",\"name\":\"Comment\",\"target\":[\"https:\\\/\\\/www.casaldelsinfants.org\\\/es\\\/actualidad\\\/apartur-entrega-16171-euros-del-check-solidari-al-casal-dels-infants\\\/#respond\"]}]},{\"@type\":\"WebPage\",\"@id\":\"https:\\\/\\\/www.casaldelsinfants.org\\\/es\\\/actualidad\\\/apartur-entrega-16171-euros-del-check-solidari-al-casal-dels-infants\\\/\",\"url\":\"https:\\\/\\\/www.casaldelsinfants.org\\\/es\\\/actualidad\\\/apartur-entrega-16171-euros-del-check-solidari-al-casal-dels-infants\\\/\",\"name\":\"APARTUR entrega 16.171 euros del Check In Solidario al Casal - Casal dels Infants\",\"isPartOf\":{\"@id\":\"https:\\\/\\\/www.casaldelsinfants.org\\\/es\\\/#website\"},\"primaryImageOfPage\":{\"@id\":\"https:\\\/\\\/www.casaldelsinfants.org\\\/es\\\/actualidad\\\/apartur-entrega-16171-euros-del-check-solidari-al-casal-dels-infants\\\/#primaryimage\"},\"image\":{\"@id\":\"https:\\\/\\\/www.casaldelsinfants.org\\\/es\\\/actualidad\\\/apartur-entrega-16171-euros-del-check-solidari-al-casal-dels-infants\\\/#primaryimage\"},\"thumbnailUrl\":\"https:\\\/\\\/www.casaldelsinfants.org\\\/wp-content\\\/uploads\\\/c280b9e1-dbfa-46b2-979f-099cf524e4c7.jpg\",\"datePublished\":\"2017-11-17T14:20:46+00:00\",\"dateModified\":\"2023-05-01T17:10:54+00:00\",\"breadcrumb\":{\"@id\":\"https:\\\/\\\/www.casaldelsinfants.org\\\/es\\\/actualidad\\\/apartur-entrega-16171-euros-del-check-solidari-al-casal-dels-infants\\\/#breadcrumb\"},\"inLanguage\":\"es\",\"potentialAction\":[{\"@type\":\"ReadAction\",\"target\":[\"https:\\\/\\\/www.casaldelsinfants.org\\\/es\\\/actualidad\\\/apartur-entrega-16171-euros-del-check-solidari-al-casal-dels-infants\\\/\"]}]},{\"@type\":\"ImageObject\",\"inLanguage\":\"es\",\"@id\":\"https:\\\/\\\/www.casaldelsinfants.org\\\/es\\\/actualidad\\\/apartur-entrega-16171-euros-del-check-solidari-al-casal-dels-infants\\\/#primaryimage\",\"url\":\"https:\\\/\\\/www.casaldelsinfants.org\\\/wp-content\\\/uploads\\\/c280b9e1-dbfa-46b2-979f-099cf524e4c7.jpg\",\"contentUrl\":\"https:\\\/\\\/www.casaldelsinfants.org\\\/wp-content\\\/uploads\\\/c280b9e1-dbfa-46b2-979f-099cf524e4c7.jpg\",\"width\":837,\"height\":579,\"caption\":\"Rosa Balaguer amb representants d'Apartur i amb un cartell fent visible la donaci\u00f3.\"},{\"@type\":\"BreadcrumbList\",\"@id\":\"https:\\\/\\\/www.casaldelsinfants.org\\\/es\\\/actualidad\\\/apartur-entrega-16171-euros-del-check-solidari-al-casal-dels-infants\\\/#breadcrumb\",\"itemListElement\":[{\"@type\":\"ListItem\",\"position\":1,\"name\":\"Inici\",\"item\":\"https:\\\/\\\/www.casaldelsinfants.org\\\/es\\\/\"},{\"@type\":\"ListItem\",\"position\":2,\"name\":\"APARTUR entrega 16.171 euros del Check In Solidario al Casal\"}]},{\"@type\":\"WebSite\",\"@id\":\"https:\\\/\\\/www.casaldelsinfants.org\\\/es\\\/#website\",\"url\":\"https:\\\/\\\/www.casaldelsinfants.org\\\/es\\\/\",\"name\":\"Casal dels Infants\",\"description\":\"\",\"publisher\":{\"@id\":\"https:\\\/\\\/www.casaldelsinfants.org\\\/es\\\/#organization\"},\"potentialAction\":[{\"@type\":\"SearchAction\",\"target\":{\"@type\":\"EntryPoint\",\"urlTemplate\":\"https:\\\/\\\/www.casaldelsinfants.org\\\/es\\\/?s={search_term_string}\"},\"query-input\":{\"@type\":\"PropertyValueSpecification\",\"valueRequired\":true,\"valueName\":\"search_term_string\"}}],\"inLanguage\":\"es\"},{\"@type\":\"Organization\",\"@id\":\"https:\\\/\\\/www.casaldelsinfants.org\\\/es\\\/#organization\",\"name\":\"Casal dels Infants\",\"url\":\"https:\\\/\\\/www.casaldelsinfants.org\\\/es\\\/\",\"logo\":{\"@type\":\"ImageObject\",\"inLanguage\":\"es\",\"@id\":\"https:\\\/\\\/www.casaldelsinfants.org\\\/es\\\/#\\\/schema\\\/logo\\\/image\\\/\",\"url\":\"https:\\\/\\\/www.casaldelsinfants.org\\\/wp-content\\\/uploads\\\/logo-mail.png\",\"contentUrl\":\"https:\\\/\\\/www.casaldelsinfants.org\\\/wp-content\\\/uploads\\\/logo-mail.png\",\"width\":380,\"height\":158,\"caption\":\"Casal dels Infants\"},\"image\":{\"@id\":\"https:\\\/\\\/www.casaldelsinfants.org\\\/es\\\/#\\\/schema\\\/logo\\\/image\\\/\"},\"sameAs\":[\"https:\\\/\\\/www.facebook.com\\\/casalinfants\",\"https:\\\/\\\/x.com\\\/casalinfants\",\"https:\\\/\\\/www.youtube.com\\\/user\\\/CasaldelsInfants1\",\"https:\\\/\\\/www.instagram.com\\\/casalinfants\\\/\",\"https:\\\/\\\/www.linkedin.com\\\/company\\\/casaldelsinfants?trk=organization-update_share-update_actor-text\"]},{\"@type\":\"Person\",\"@id\":\"https:\\\/\\\/www.casaldelsinfants.org\\\/es\\\/#\\\/schema\\\/person\\\/97707fc8c64900cf36891127dbf9fba8\",\"name\":\"cdiAdmin\",\"sameAs\":[\"https:\\\/\\\/casaldelsinfants.org\"]}]}<\/script>\n<!-- \/ Yoast SEO plugin. -->","yoast_head_json":{"title":"APARTUR entrega 16.171 euros del Check In Solidario al Casal - Casal dels Infants","robots":{"index":"index","follow":"follow","max-snippet":"max-snippet:-1","max-image-preview":"max-image-preview:large","max-video-preview":"max-video-preview:-1"},"canonical":"https:\/\/www.casaldelsinfants.org\/es\/actualidad\/apartur-entrega-16171-euros-del-check-solidari-al-casal-dels-infants\/","og_locale":"es_ES","og_type":"article","og_title":"APARTUR entrega 16.171 euros del Check In Solidario al Casal - Casal dels Infants","og_description":"\u2022 Se trata de la tercera edici\u00f3n de esta campa\u00f1a solidaria en la que han participado m\u00e1s de 1.700 apartamentos tur\u00edsticos de la ciudad de Barcelona. La cantidad recaudada ha m\u00e1s que doblado el que se recogi\u00f3 el a\u00f1o pasado. \u2022 Como novedad este a\u00f1o, los turistas que han visitado la ciudad y se han [&hellip;]","og_url":"https:\/\/www.casaldelsinfants.org\/es\/actualidad\/apartur-entrega-16171-euros-del-check-solidari-al-casal-dels-infants\/","og_site_name":"Casal dels Infants","article_publisher":"https:\/\/www.facebook.com\/casalinfants","article_published_time":"2017-11-17T14:20:46+00:00","article_modified_time":"2023-05-01T17:10:54+00:00","og_image":[{"width":837,"height":579,"url":"https:\/\/www.casaldelsinfants.org\/wp-content\/uploads\/c280b9e1-dbfa-46b2-979f-099cf524e4c7.jpg","type":"image\/jpeg"}],"author":"cdiAdmin","twitter_card":"summary_large_image","twitter_creator":"@casalinfants","twitter_site":"@casalinfants","twitter_misc":{"Escrito por":"cdiAdmin","Tiempo de lectura":"5 minutos"},"schema":{"@context":"https:\/\/schema.org","@graph":[{"@type":"Article","@id":"https:\/\/www.casaldelsinfants.org\/es\/actualidad\/apartur-entrega-16171-euros-del-check-solidari-al-casal-dels-infants\/#article","isPartOf":{"@id":"https:\/\/www.casaldelsinfants.org\/es\/actualidad\/apartur-entrega-16171-euros-del-check-solidari-al-casal-dels-infants\/"},"author":{"name":"cdiAdmin","@id":"https:\/\/www.casaldelsinfants.org\/es\/#\/schema\/person\/97707fc8c64900cf36891127dbf9fba8"},"headline":"APARTUR entrega 16.171 euros del Check In Solidario al Casal","datePublished":"2017-11-17T14:20:46+00:00","dateModified":"2023-05-01T17:10:54+00:00","mainEntityOfPage":{"@id":"https:\/\/www.casaldelsinfants.org\/es\/actualidad\/apartur-entrega-16171-euros-del-check-solidari-al-casal-dels-infants\/"},"wordCount":1075,"commentCount":0,"publisher":{"@id":"https:\/\/www.casaldelsinfants.org\/es\/#organization"},"image":{"@id":"https:\/\/www.casaldelsinfants.org\/es\/actualidad\/apartur-entrega-16171-euros-del-check-solidari-al-casal-dels-infants\/#primaryimage"},"thumbnailUrl":"https:\/\/www.casaldelsinfants.org\/wp-content\/uploads\/c280b9e1-dbfa-46b2-979f-099cf524e4c7.jpg","articleSection":["Noticia"],"inLanguage":"es","potentialAction":[{"@type":"CommentAction","name":"Comment","target":["https:\/\/www.casaldelsinfants.org\/es\/actualidad\/apartur-entrega-16171-euros-del-check-solidari-al-casal-dels-infants\/#respond"]}]},{"@type":"WebPage","@id":"https:\/\/www.casaldelsinfants.org\/es\/actualidad\/apartur-entrega-16171-euros-del-check-solidari-al-casal-dels-infants\/","url":"https:\/\/www.casaldelsinfants.org\/es\/actualidad\/apartur-entrega-16171-euros-del-check-solidari-al-casal-dels-infants\/","name":"APARTUR entrega 16.171 euros del Check In Solidario al Casal - Casal dels Infants","isPartOf":{"@id":"https:\/\/www.casaldelsinfants.org\/es\/#website"},"primaryImageOfPage":{"@id":"https:\/\/www.casaldelsinfants.org\/es\/actualidad\/apartur-entrega-16171-euros-del-check-solidari-al-casal-dels-infants\/#primaryimage"},"image":{"@id":"https:\/\/www.casaldelsinfants.org\/es\/actualidad\/apartur-entrega-16171-euros-del-check-solidari-al-casal-dels-infants\/#primaryimage"},"thumbnailUrl":"https:\/\/www.casaldelsinfants.org\/wp-content\/uploads\/c280b9e1-dbfa-46b2-979f-099cf524e4c7.jpg","datePublished":"2017-11-17T14:20:46+00:00","dateModified":"2023-05-01T17:10:54+00:00","breadcrumb":{"@id":"https:\/\/www.casaldelsinfants.org\/es\/actualidad\/apartur-entrega-16171-euros-del-check-solidari-al-casal-dels-infants\/#breadcrumb"},"inLanguage":"es","potentialAction":[{"@type":"ReadAction","target":["https:\/\/www.casaldelsinfants.org\/es\/actualidad\/apartur-entrega-16171-euros-del-check-solidari-al-casal-dels-infants\/"]}]},{"@type":"ImageObject","inLanguage":"es","@id":"https:\/\/www.casaldelsinfants.org\/es\/actualidad\/apartur-entrega-16171-euros-del-check-solidari-al-casal-dels-infants\/#primaryimage","url":"https:\/\/www.casaldelsinfants.org\/wp-content\/uploads\/c280b9e1-dbfa-46b2-979f-099cf524e4c7.jpg","contentUrl":"https:\/\/www.casaldelsinfants.org\/wp-content\/uploads\/c280b9e1-dbfa-46b2-979f-099cf524e4c7.jpg","width":837,"height":579,"caption":"Rosa Balaguer amb representants d'Apartur i amb un cartell fent visible la donaci\u00f3."},{"@type":"BreadcrumbList","@id":"https:\/\/www.casaldelsinfants.org\/es\/actualidad\/apartur-entrega-16171-euros-del-check-solidari-al-casal-dels-infants\/#breadcrumb","itemListElement":[{"@type":"ListItem","position":1,"name":"Inici","item":"https:\/\/www.casaldelsinfants.org\/es\/"},{"@type":"ListItem","position":2,"name":"APARTUR entrega 16.171 euros del Check In Solidario al Casal"}]},{"@type":"WebSite","@id":"https:\/\/www.casaldelsinfants.org\/es\/#website","url":"https:\/\/www.casaldelsinfants.org\/es\/","name":"Casal dels Infants","description":"","publisher":{"@id":"https:\/\/www.casaldelsinfants.org\/es\/#organization"},"potentialAction":[{"@type":"SearchAction","target":{"@type":"EntryPoint","urlTemplate":"https:\/\/www.casaldelsinfants.org\/es\/?s={search_term_string}"},"query-input":{"@type":"PropertyValueSpecification","valueRequired":true,"valueName":"search_term_string"}}],"inLanguage":"es"},{"@type":"Organization","@id":"https:\/\/www.casaldelsinfants.org\/es\/#organization","name":"Casal dels Infants","url":"https:\/\/www.casaldelsinfants.org\/es\/","logo":{"@type":"ImageObject","inLanguage":"es","@id":"https:\/\/www.casaldelsinfants.org\/es\/#\/schema\/logo\/image\/","url":"https:\/\/www.casaldelsinfants.org\/wp-content\/uploads\/logo-mail.png","contentUrl":"https:\/\/www.casaldelsinfants.org\/wp-content\/uploads\/logo-mail.png","width":380,"height":158,"caption":"Casal dels Infants"},"image":{"@id":"https:\/\/www.casaldelsinfants.org\/es\/#\/schema\/logo\/image\/"},"sameAs":["https:\/\/www.facebook.com\/casalinfants","https:\/\/x.com\/casalinfants","https:\/\/www.youtube.com\/user\/CasaldelsInfants1","https:\/\/www.instagram.com\/casalinfants\/","https:\/\/www.linkedin.com\/company\/casaldelsinfants?trk=organization-update_share-update_actor-text"]},{"@type":"Person","@id":"https:\/\/www.casaldelsinfants.org\/es\/#\/schema\/person\/97707fc8c64900cf36891127dbf9fba8","name":"cdiAdmin","sameAs":["https:\/\/casaldelsinfants.org"]}]}},"publishpress_future_action":{"enabled":false,"date":"2026-05-07 11:18:35","action":"change-status","newStatus":"draft","terms":[],"taxonomy":"category","extraData":[]},"publishpress_future_workflow_manual_trigger":{"enabledWorkflows":[]},"_links":{"self":[{"href":"https:\/\/www.casaldelsinfants.org\/es\/wp-json\/wp\/v2\/posts\/4567","targetHints":{"allow":["GET"]}}],"collection":[{"href":"https:\/\/www.casaldelsinfants.org\/es\/wp-json\/wp\/v2\/posts"}],"about":[{"href":"https:\/\/www.casaldelsinfants.org\/es\/wp-json\/wp\/v2\/types\/post"}],"author":[{"embeddable":true,"href":"https:\/\/www.casaldelsinfants.org\/es\/wp-json\/wp\/v2\/users\/1"}],"replies":[{"embeddable":true,"href":"https:\/\/www.casaldelsinfants.org\/es\/wp-json\/wp\/v2\/comments?post=4567"}],"version-history":[{"count":1,"href":"https:\/\/www.casaldelsinfants.org\/es\/wp-json\/wp\/v2\/posts\/4567\/revisions"}],"predecessor-version":[{"id":6479,"href":"https:\/\/www.casaldelsinfants.org\/es\/wp-json\/wp\/v2\/posts\/4567\/revisions\/6479"}],"wp:featuredmedia":[{"embeddable":true,"href":"https:\/\/www.casaldelsinfants.org\/es\/wp-json\/wp\/v2\/media\/3661"}],"wp:attachment":[{"href":"https:\/\/www.casaldelsinfants.org\/es\/wp-json\/wp\/v2\/media?parent=4567"}],"wp:term":[{"taxonomy":"category","embeddable":true,"href":"https:\/\/www.casaldelsinfants.org\/es\/wp-json\/wp\/v2\/categories?post=4567"},{"taxonomy":"post_tag","embeddable":true,"href":"https:\/\/www.casaldelsinfants.org\/es\/wp-json\/wp\/v2\/tags?post=4567"},{"taxonomy":"seus","embeddable":true,"href":"https:\/\/www.casaldelsinfants.org\/es\/wp-json\/wp\/v2\/seus?post=4567"},{"taxonomy":"eixos","embeddable":true,"href":"https:\/\/www.casaldelsinfants.org\/es\/wp-json\/wp\/v2\/eixos?post=4567"}],"curies":[{"name":"wp","href":"https:\/\/api.w.org\/{rel}","templated":true}]}}