{"id":4580,"date":"2017-06-01T12:48:00","date_gmt":"2017-06-01T10:48:00","guid":{"rendered":"https:\/\/casal.puntzero.cat\/noticies\/el-casal-dels-infants-comenca-la-crida-aconseguir-500-voluntaris-i-voluntaries-aquest\/"},"modified":"2023-05-01T19:12:00","modified_gmt":"2023-05-01T17:12:00","slug":"el-casal-dels-infants-comenca-la-crida-aconseguir-500-voluntaris-i-voluntaries-aquest","status":"publish","type":"post","link":"https:\/\/www.casaldelsinfants.org\/es\/actualidad\/casal-dels-infants-conseguir-500-voluntarios\/","title":{"rendered":"El Casal dels Infants comen\u00e7a la crida per aconseguir 500 voluntaris i volunt\u00e0ries aquest estiu"},"content":{"rendered":"<p><iframe loading=\"lazy\" style=\"display: block; margin-left: auto; margin-right: auto;\" src=\"https:\/\/www.youtube.com\/embed\/dUD5X6FqzZs\" frameborder=\"0\" width=\"700\" height=\"394\"><\/iframe><\/p>\n<ul>\n<li style=\"text-align: justify;\">\n<h4>La il\u00b7lusi\u00f3 i l\u2019esfor\u00e7 de les persones volunt\u00e0ries garantiran que infants, adolescents i joves en risc d\u2019exclusi\u00f3 social gaudeixin i aprenguin durant l\u2019estiu<\/h4>\n<p>\u00a0<\/p>\n<\/li>\n<li style=\"text-align: justify;\">\n<h4>L\u2019associaci\u00f3 necessita 230 voluntaris i volunt\u00e0ries al Raval de Barcelona; 110 a Badalona; 80 a Santa Coloma; 40 al Bes\u00f2s (Barcelona) i La Mina (Sant Adri\u00e0 de Bes\u00f2s) i 40 a Salt<\/h4>\n<\/li>\n<\/ul>\n<h4 style=\"text-align: justify;\">\u00a0<\/h4>\n<p>L\u2019estiu s\u2019apropa i un any m\u00e9s el <strong>Casal dels Infants<\/strong> es prepara per encomanar somriures als <strong>infants, joves i adolescents de 3 a 18 anys<\/strong> dels barris on actua per <strong>revertir les desigualtats.<\/strong> Els <strong>casals d\u2019estiu, les col\u00f2nies i els campaments<\/strong> arribaran carregats d\u2019activitats de <strong>lleure i aprenentatge,<\/strong> per\u00f2 per fer-ho possible <strong>l\u2019associaci\u00f3 necessita la il\u00b7lusi\u00f3, l\u2019esfor\u00e7 i la solidaritat de 500 voluntaris i volunt\u00e0ries.<\/strong><\/p>\n<p>Durant tot l\u2019any,<strong> el voluntariat \u00e9s la for\u00e7a del Casal als barris<\/strong> que, sumada a la dels educadors i les educadores, avan\u00e7a per transformar la vulnerabilitat en igualtat d\u2019oportunitats.<strong> Aquesta empenta \u00e9s especialment necess\u00e0ria a l\u2019hora de garantir un estiu per a tothom,<\/strong> i per aquest motiu la <strong>crida #s\u00f3csomriure<\/strong> torna a mobilitzar el comprom\u00eds i la solidaritat dels qui volen formar part del projecte col\u00b7lectiu del Casal dels Infants, <strong>dir prou a les desigualtats i encomanar somriures.<\/strong><\/p>\n<p>El Casal dels Infants actua a <strong>diferents barris,<\/strong> en cadascun dels quals ser\u00e0 imprescindible l\u2019aportaci\u00f3 del voluntariat aquest estiu. <strong>Calen 230 voluntaris al barri del Raval de Barcelona; 110 a Sant Roc i Llefi\u00e0 (Badalona); 80 a Raval-Santa Rosa i Fondo (Santa Coloma); 40 al Bes\u00f2s (Barcelona) i La Mina (Sant Adri\u00e0 de Bes\u00f2s) i 40 a Salt.<\/strong><\/p>\n<p>L\u2019any passat, van compartir l\u2019estiu al Casal dels Infants 1.445 infants de 3 a 12 anys; 604 adolescents de 12 a 18 anys i 63 joves majors de 18 anys.<\/p>\n<h3>Com ser voluntari del Casal dels Infants aquest estiu?<\/h3>\n<p>Per ser voluntaris o volunt\u00e0ries de l\u2019associaci\u00f3 aquest estiu, les persones interessades han de ser majors d\u2019edat i comprometre\u2019s, com a m\u00ednim, durant una setmana en horari de 09.00 a 17.00 hores. S\u2019han d\u2019inscriure a una de les sessions informatives programades tots els dimarts, trucant al 933170013 o escrivint a <a href=\"mailto:voluntariat@casaldelsinfants.org\">voluntariat@casaldelsinfants.org<\/a>.<\/p>\n<p>\u00a0<\/p>\n<p>Aquest \u00e9s el calendari de sessions informatives per a les persones que vulguin ser volunt\u00e0ries:*<\/p>\n<p><img decoding=\"async\" src=\"\/wp-content\/uploads\/inline-images\/sessions-informatives_voluntariat-01_0_0.png\" border=\"0\" width=\"700\" \/><\/p>\n<p><em>*En el cas de Salt, la informaci\u00f3 de les sessions es facilitar\u00e0 a les persones interessades que contactin el Casal per correu electr\u00f2nic o per tel\u00e8fon.<\/em><\/p>\n<p>I qui pot explicar millor que ning\u00fa qu\u00e8 fan els voluntaris i les volunt\u00e0ries i per qu\u00e8 ho fan? Doncs ells i elles mateixos. El seu testimoni es pot con\u00e8ixer en un seguit de v\u00eddeos que el Casal est\u00e0 difonent per aconseguir que contagi\u00efn la seva solidaritat a moltes altres persones aquest estiu.<\/p>\n<p>\u00a0<\/p>\n<p>Tots els v\u00eddeos es poden veure en <a href=\"http:\/\/bit.ly\/2rMjnD1\" target=\"_blank\" rel=\"noopener\">aquest enlla\u00e7<\/a>\u00a0i als comptes de Facebook i Twitter del Casal dels Infants, on tamb\u00e9 s\u2019han publicat els banners i el cartell de la crida, esperant que se\u2019n faci la m\u00e0xima difusi\u00f3.<\/p>\n","protected":false},"excerpt":{"rendered":"<p>La il\u00b7lusi\u00f3 i l\u2019esfor\u00e7 de les persones volunt\u00e0ries garantiran que infants, adolescents i joves en risc d\u2019exclusi\u00f3 social gaudeixin i aprenguin durant l\u2019estiu \u00a0 L\u2019associaci\u00f3 necessita 230 voluntaris i volunt\u00e0ries al Raval de Barcelona; 110 a Badalona; 80 a Santa Coloma; 40 al Bes\u00f2s (Barcelona) i La Mina (Sant Adri\u00e0 de Bes\u00f2s) i 40 a [&hellip;]<\/p>\n","protected":false},"author":1,"featured_media":3701,"comment_status":"open","ping_status":"open","sticky":false,"template":"","format":"standard","meta":{"_acf_changed":false,"_et_pb_use_builder":"","_et_pb_old_content":"","_et_gb_content_width":"","inline_featured_image":false,"footnotes":""},"categories":[125],"tags":[],"seus":[],"eixos":[],"class_list":["post-4580","post","type-post","status-publish","format-standard","has-post-thumbnail","hentry","category-noticias"],"acf":[],"yoast_head":"<!-- This site is optimized with the Yoast SEO plugin v27.4 - https:\/\/yoast.com\/product\/yoast-seo-wordpress\/ -->\n<title>El Casal dels Infants comen\u00e7a la crida per aconseguir 500 voluntaris i volunt\u00e0ries aquest estiu - Casal dels Infants<\/title>\n<meta name=\"robots\" content=\"index, follow, max-snippet:-1, max-image-preview:large, max-video-preview:-1\" \/>\n<link rel=\"canonical\" href=\"https:\/\/www.casaldelsinfants.org\/es\/actualidad\/casal-dels-infants-conseguir-500-voluntarios\/\" \/>\n<meta property=\"og:locale\" content=\"es_ES\" \/>\n<meta property=\"og:type\" content=\"article\" \/>\n<meta property=\"og:title\" content=\"El Casal dels Infants comen\u00e7a la crida per aconseguir 500 voluntaris i volunt\u00e0ries aquest estiu - Casal dels Infants\" \/>\n<meta property=\"og:description\" content=\"La il\u00b7lusi\u00f3 i l\u2019esfor\u00e7 de les persones volunt\u00e0ries garantiran que infants, adolescents i joves en risc d\u2019exclusi\u00f3 social gaudeixin i aprenguin durant l\u2019estiu \u00a0 L\u2019associaci\u00f3 necessita 230 voluntaris i volunt\u00e0ries al Raval de Barcelona; 110 a Badalona; 80 a Santa Coloma; 40 al Bes\u00f2s (Barcelona) i La Mina (Sant Adri\u00e0 de Bes\u00f2s) i 40 a [&hellip;]\" \/>\n<meta property=\"og:url\" content=\"https:\/\/www.casaldelsinfants.org\/es\/actualidad\/casal-dels-infants-conseguir-500-voluntarios\/\" \/>\n<meta property=\"og:site_name\" content=\"Casal dels Infants\" \/>\n<meta property=\"article:publisher\" content=\"https:\/\/www.facebook.com\/casalinfants\" \/>\n<meta property=\"article:published_time\" content=\"2017-06-01T10:48:00+00:00\" \/>\n<meta property=\"article:modified_time\" content=\"2023-05-01T17:12:00+00:00\" \/>\n<meta property=\"og:image\" content=\"https:\/\/www.casaldelsinfants.org\/wp-content\/uploads\/sessions-informatives_voluntariat-01_0_0.png\" \/>\n\t<meta property=\"og:image:width\" content=\"3508\" \/>\n\t<meta property=\"og:image:height\" content=\"2481\" \/>\n\t<meta property=\"og:image:type\" content=\"image\/png\" \/>\n<meta name=\"author\" content=\"cdiAdmin\" \/>\n<meta name=\"twitter:card\" content=\"summary_large_image\" \/>\n<meta name=\"twitter:creator\" content=\"@casalinfants\" \/>\n<meta name=\"twitter:site\" content=\"@casalinfants\" \/>\n<meta name=\"twitter:label1\" content=\"Escrito por\" \/>\n\t<meta name=\"twitter:data1\" content=\"cdiAdmin\" \/>\n\t<meta name=\"twitter:label2\" content=\"Tiempo de lectura\" \/>\n\t<meta name=\"twitter:data2\" content=\"3 minutos\" \/>\n<script type=\"application\/ld+json\" class=\"yoast-schema-graph\">{\"@context\":\"https:\\\/\\\/schema.org\",\"@graph\":[{\"@type\":\"Article\",\"@id\":\"https:\\\/\\\/www.casaldelsinfants.org\\\/es\\\/actualidad\\\/casal-dels-infants-conseguir-500-voluntarios\\\/#article\",\"isPartOf\":{\"@id\":\"https:\\\/\\\/www.casaldelsinfants.org\\\/es\\\/actualidad\\\/casal-dels-infants-conseguir-500-voluntarios\\\/\"},\"author\":{\"name\":\"cdiAdmin\",\"@id\":\"https:\\\/\\\/www.casaldelsinfants.org\\\/es\\\/#\\\/schema\\\/person\\\/97707fc8c64900cf36891127dbf9fba8\"},\"headline\":\"El Casal dels Infants comen\u00e7a la crida per aconseguir 500 voluntaris i volunt\u00e0ries aquest estiu\",\"datePublished\":\"2017-06-01T10:48:00+00:00\",\"dateModified\":\"2023-05-01T17:12:00+00:00\",\"mainEntityOfPage\":{\"@id\":\"https:\\\/\\\/www.casaldelsinfants.org\\\/es\\\/actualidad\\\/casal-dels-infants-conseguir-500-voluntarios\\\/\"},\"wordCount\":524,\"commentCount\":0,\"publisher\":{\"@id\":\"https:\\\/\\\/www.casaldelsinfants.org\\\/es\\\/#organization\"},\"image\":{\"@id\":\"https:\\\/\\\/www.casaldelsinfants.org\\\/es\\\/actualidad\\\/casal-dels-infants-conseguir-500-voluntarios\\\/#primaryimage\"},\"thumbnailUrl\":\"https:\\\/\\\/www.casaldelsinfants.org\\\/wp-content\\\/uploads\\\/sessions-informatives_voluntariat-01_0_0.png\",\"articleSection\":[\"Noticia\"],\"inLanguage\":\"es\",\"potentialAction\":[{\"@type\":\"CommentAction\",\"name\":\"Comment\",\"target\":[\"https:\\\/\\\/www.casaldelsinfants.org\\\/es\\\/actualidad\\\/casal-dels-infants-conseguir-500-voluntarios\\\/#respond\"]}]},{\"@type\":\"WebPage\",\"@id\":\"https:\\\/\\\/www.casaldelsinfants.org\\\/es\\\/actualidad\\\/casal-dels-infants-conseguir-500-voluntarios\\\/\",\"url\":\"https:\\\/\\\/www.casaldelsinfants.org\\\/es\\\/actualidad\\\/casal-dels-infants-conseguir-500-voluntarios\\\/\",\"name\":\"El Casal dels Infants comen\u00e7a la crida per aconseguir 500 voluntaris i volunt\u00e0ries aquest estiu - Casal dels Infants\",\"isPartOf\":{\"@id\":\"https:\\\/\\\/www.casaldelsinfants.org\\\/es\\\/#website\"},\"primaryImageOfPage\":{\"@id\":\"https:\\\/\\\/www.casaldelsinfants.org\\\/es\\\/actualidad\\\/casal-dels-infants-conseguir-500-voluntarios\\\/#primaryimage\"},\"image\":{\"@id\":\"https:\\\/\\\/www.casaldelsinfants.org\\\/es\\\/actualidad\\\/casal-dels-infants-conseguir-500-voluntarios\\\/#primaryimage\"},\"thumbnailUrl\":\"https:\\\/\\\/www.casaldelsinfants.org\\\/wp-content\\\/uploads\\\/sessions-informatives_voluntariat-01_0_0.png\",\"datePublished\":\"2017-06-01T10:48:00+00:00\",\"dateModified\":\"2023-05-01T17:12:00+00:00\",\"breadcrumb\":{\"@id\":\"https:\\\/\\\/www.casaldelsinfants.org\\\/es\\\/actualidad\\\/casal-dels-infants-conseguir-500-voluntarios\\\/#breadcrumb\"},\"inLanguage\":\"es\",\"potentialAction\":[{\"@type\":\"ReadAction\",\"target\":[\"https:\\\/\\\/www.casaldelsinfants.org\\\/es\\\/actualidad\\\/casal-dels-infants-conseguir-500-voluntarios\\\/\"]}]},{\"@type\":\"ImageObject\",\"inLanguage\":\"es\",\"@id\":\"https:\\\/\\\/www.casaldelsinfants.org\\\/es\\\/actualidad\\\/casal-dels-infants-conseguir-500-voluntarios\\\/#primaryimage\",\"url\":\"https:\\\/\\\/www.casaldelsinfants.org\\\/wp-content\\\/uploads\\\/sessions-informatives_voluntariat-01_0_0.png\",\"contentUrl\":\"https:\\\/\\\/www.casaldelsinfants.org\\\/wp-content\\\/uploads\\\/sessions-informatives_voluntariat-01_0_0.png\",\"width\":3508,\"height\":2481,\"caption\":\"Horaris de les sessions informatives\"},{\"@type\":\"BreadcrumbList\",\"@id\":\"https:\\\/\\\/www.casaldelsinfants.org\\\/es\\\/actualidad\\\/casal-dels-infants-conseguir-500-voluntarios\\\/#breadcrumb\",\"itemListElement\":[{\"@type\":\"ListItem\",\"position\":1,\"name\":\"Inici\",\"item\":\"https:\\\/\\\/www.casaldelsinfants.org\\\/es\\\/\"},{\"@type\":\"ListItem\",\"position\":2,\"name\":\"El Casal dels Infants comen\u00e7a la crida per aconseguir 500 voluntaris i volunt\u00e0ries aquest estiu\"}]},{\"@type\":\"WebSite\",\"@id\":\"https:\\\/\\\/www.casaldelsinfants.org\\\/es\\\/#website\",\"url\":\"https:\\\/\\\/www.casaldelsinfants.org\\\/es\\\/\",\"name\":\"Casal dels Infants\",\"description\":\"\",\"publisher\":{\"@id\":\"https:\\\/\\\/www.casaldelsinfants.org\\\/es\\\/#organization\"},\"potentialAction\":[{\"@type\":\"SearchAction\",\"target\":{\"@type\":\"EntryPoint\",\"urlTemplate\":\"https:\\\/\\\/www.casaldelsinfants.org\\\/es\\\/?s={search_term_string}\"},\"query-input\":{\"@type\":\"PropertyValueSpecification\",\"valueRequired\":true,\"valueName\":\"search_term_string\"}}],\"inLanguage\":\"es\"},{\"@type\":\"Organization\",\"@id\":\"https:\\\/\\\/www.casaldelsinfants.org\\\/es\\\/#organization\",\"name\":\"Casal dels Infants\",\"url\":\"https:\\\/\\\/www.casaldelsinfants.org\\\/es\\\/\",\"logo\":{\"@type\":\"ImageObject\",\"inLanguage\":\"es\",\"@id\":\"https:\\\/\\\/www.casaldelsinfants.org\\\/es\\\/#\\\/schema\\\/logo\\\/image\\\/\",\"url\":\"https:\\\/\\\/www.casaldelsinfants.org\\\/wp-content\\\/uploads\\\/logo-mail.png\",\"contentUrl\":\"https:\\\/\\\/www.casaldelsinfants.org\\\/wp-content\\\/uploads\\\/logo-mail.png\",\"width\":380,\"height\":158,\"caption\":\"Casal dels Infants\"},\"image\":{\"@id\":\"https:\\\/\\\/www.casaldelsinfants.org\\\/es\\\/#\\\/schema\\\/logo\\\/image\\\/\"},\"sameAs\":[\"https:\\\/\\\/www.facebook.com\\\/casalinfants\",\"https:\\\/\\\/x.com\\\/casalinfants\",\"https:\\\/\\\/www.youtube.com\\\/user\\\/CasaldelsInfants1\",\"https:\\\/\\\/www.instagram.com\\\/casalinfants\\\/\",\"https:\\\/\\\/www.linkedin.com\\\/company\\\/casaldelsinfants?trk=organization-update_share-update_actor-text\"]},{\"@type\":\"Person\",\"@id\":\"https:\\\/\\\/www.casaldelsinfants.org\\\/es\\\/#\\\/schema\\\/person\\\/97707fc8c64900cf36891127dbf9fba8\",\"name\":\"cdiAdmin\",\"sameAs\":[\"https:\\\/\\\/casaldelsinfants.org\"]}]}<\/script>\n<!-- \/ Yoast SEO plugin. -->","yoast_head_json":{"title":"El Casal dels Infants comen\u00e7a la crida per aconseguir 500 voluntaris i volunt\u00e0ries aquest estiu - Casal dels Infants","robots":{"index":"index","follow":"follow","max-snippet":"max-snippet:-1","max-image-preview":"max-image-preview:large","max-video-preview":"max-video-preview:-1"},"canonical":"https:\/\/www.casaldelsinfants.org\/es\/actualidad\/casal-dels-infants-conseguir-500-voluntarios\/","og_locale":"es_ES","og_type":"article","og_title":"El Casal dels Infants comen\u00e7a la crida per aconseguir 500 voluntaris i volunt\u00e0ries aquest estiu - Casal dels Infants","og_description":"La il\u00b7lusi\u00f3 i l\u2019esfor\u00e7 de les persones volunt\u00e0ries garantiran que infants, adolescents i joves en risc d\u2019exclusi\u00f3 social gaudeixin i aprenguin durant l\u2019estiu \u00a0 L\u2019associaci\u00f3 necessita 230 voluntaris i volunt\u00e0ries al Raval de Barcelona; 110 a Badalona; 80 a Santa Coloma; 40 al Bes\u00f2s (Barcelona) i La Mina (Sant Adri\u00e0 de Bes\u00f2s) i 40 a [&hellip;]","og_url":"https:\/\/www.casaldelsinfants.org\/es\/actualidad\/casal-dels-infants-conseguir-500-voluntarios\/","og_site_name":"Casal dels Infants","article_publisher":"https:\/\/www.facebook.com\/casalinfants","article_published_time":"2017-06-01T10:48:00+00:00","article_modified_time":"2023-05-01T17:12:00+00:00","og_image":[{"width":3508,"height":2481,"url":"https:\/\/www.casaldelsinfants.org\/wp-content\/uploads\/sessions-informatives_voluntariat-01_0_0.png","type":"image\/png"}],"author":"cdiAdmin","twitter_card":"summary_large_image","twitter_creator":"@casalinfants","twitter_site":"@casalinfants","twitter_misc":{"Escrito por":"cdiAdmin","Tiempo de lectura":"3 minutos"},"schema":{"@context":"https:\/\/schema.org","@graph":[{"@type":"Article","@id":"https:\/\/www.casaldelsinfants.org\/es\/actualidad\/casal-dels-infants-conseguir-500-voluntarios\/#article","isPartOf":{"@id":"https:\/\/www.casaldelsinfants.org\/es\/actualidad\/casal-dels-infants-conseguir-500-voluntarios\/"},"author":{"name":"cdiAdmin","@id":"https:\/\/www.casaldelsinfants.org\/es\/#\/schema\/person\/97707fc8c64900cf36891127dbf9fba8"},"headline":"El Casal dels Infants comen\u00e7a la crida per aconseguir 500 voluntaris i volunt\u00e0ries aquest estiu","datePublished":"2017-06-01T10:48:00+00:00","dateModified":"2023-05-01T17:12:00+00:00","mainEntityOfPage":{"@id":"https:\/\/www.casaldelsinfants.org\/es\/actualidad\/casal-dels-infants-conseguir-500-voluntarios\/"},"wordCount":524,"commentCount":0,"publisher":{"@id":"https:\/\/www.casaldelsinfants.org\/es\/#organization"},"image":{"@id":"https:\/\/www.casaldelsinfants.org\/es\/actualidad\/casal-dels-infants-conseguir-500-voluntarios\/#primaryimage"},"thumbnailUrl":"https:\/\/www.casaldelsinfants.org\/wp-content\/uploads\/sessions-informatives_voluntariat-01_0_0.png","articleSection":["Noticia"],"inLanguage":"es","potentialAction":[{"@type":"CommentAction","name":"Comment","target":["https:\/\/www.casaldelsinfants.org\/es\/actualidad\/casal-dels-infants-conseguir-500-voluntarios\/#respond"]}]},{"@type":"WebPage","@id":"https:\/\/www.casaldelsinfants.org\/es\/actualidad\/casal-dels-infants-conseguir-500-voluntarios\/","url":"https:\/\/www.casaldelsinfants.org\/es\/actualidad\/casal-dels-infants-conseguir-500-voluntarios\/","name":"El Casal dels Infants comen\u00e7a la crida per aconseguir 500 voluntaris i volunt\u00e0ries aquest estiu - Casal dels Infants","isPartOf":{"@id":"https:\/\/www.casaldelsinfants.org\/es\/#website"},"primaryImageOfPage":{"@id":"https:\/\/www.casaldelsinfants.org\/es\/actualidad\/casal-dels-infants-conseguir-500-voluntarios\/#primaryimage"},"image":{"@id":"https:\/\/www.casaldelsinfants.org\/es\/actualidad\/casal-dels-infants-conseguir-500-voluntarios\/#primaryimage"},"thumbnailUrl":"https:\/\/www.casaldelsinfants.org\/wp-content\/uploads\/sessions-informatives_voluntariat-01_0_0.png","datePublished":"2017-06-01T10:48:00+00:00","dateModified":"2023-05-01T17:12:00+00:00","breadcrumb":{"@id":"https:\/\/www.casaldelsinfants.org\/es\/actualidad\/casal-dels-infants-conseguir-500-voluntarios\/#breadcrumb"},"inLanguage":"es","potentialAction":[{"@type":"ReadAction","target":["https:\/\/www.casaldelsinfants.org\/es\/actualidad\/casal-dels-infants-conseguir-500-voluntarios\/"]}]},{"@type":"ImageObject","inLanguage":"es","@id":"https:\/\/www.casaldelsinfants.org\/es\/actualidad\/casal-dels-infants-conseguir-500-voluntarios\/#primaryimage","url":"https:\/\/www.casaldelsinfants.org\/wp-content\/uploads\/sessions-informatives_voluntariat-01_0_0.png","contentUrl":"https:\/\/www.casaldelsinfants.org\/wp-content\/uploads\/sessions-informatives_voluntariat-01_0_0.png","width":3508,"height":2481,"caption":"Horaris de les sessions informatives"},{"@type":"BreadcrumbList","@id":"https:\/\/www.casaldelsinfants.org\/es\/actualidad\/casal-dels-infants-conseguir-500-voluntarios\/#breadcrumb","itemListElement":[{"@type":"ListItem","position":1,"name":"Inici","item":"https:\/\/www.casaldelsinfants.org\/es\/"},{"@type":"ListItem","position":2,"name":"El Casal dels Infants comen\u00e7a la crida per aconseguir 500 voluntaris i volunt\u00e0ries aquest estiu"}]},{"@type":"WebSite","@id":"https:\/\/www.casaldelsinfants.org\/es\/#website","url":"https:\/\/www.casaldelsinfants.org\/es\/","name":"Casal dels Infants","description":"","publisher":{"@id":"https:\/\/www.casaldelsinfants.org\/es\/#organization"},"potentialAction":[{"@type":"SearchAction","target":{"@type":"EntryPoint","urlTemplate":"https:\/\/www.casaldelsinfants.org\/es\/?s={search_term_string}"},"query-input":{"@type":"PropertyValueSpecification","valueRequired":true,"valueName":"search_term_string"}}],"inLanguage":"es"},{"@type":"Organization","@id":"https:\/\/www.casaldelsinfants.org\/es\/#organization","name":"Casal dels Infants","url":"https:\/\/www.casaldelsinfants.org\/es\/","logo":{"@type":"ImageObject","inLanguage":"es","@id":"https:\/\/www.casaldelsinfants.org\/es\/#\/schema\/logo\/image\/","url":"https:\/\/www.casaldelsinfants.org\/wp-content\/uploads\/logo-mail.png","contentUrl":"https:\/\/www.casaldelsinfants.org\/wp-content\/uploads\/logo-mail.png","width":380,"height":158,"caption":"Casal dels Infants"},"image":{"@id":"https:\/\/www.casaldelsinfants.org\/es\/#\/schema\/logo\/image\/"},"sameAs":["https:\/\/www.facebook.com\/casalinfants","https:\/\/x.com\/casalinfants","https:\/\/www.youtube.com\/user\/CasaldelsInfants1","https:\/\/www.instagram.com\/casalinfants\/","https:\/\/www.linkedin.com\/company\/casaldelsinfants?trk=organization-update_share-update_actor-text"]},{"@type":"Person","@id":"https:\/\/www.casaldelsinfants.org\/es\/#\/schema\/person\/97707fc8c64900cf36891127dbf9fba8","name":"cdiAdmin","sameAs":["https:\/\/casaldelsinfants.org"]}]}},"publishpress_future_action":{"enabled":false,"date":"2026-05-07 11:12:00","action":"change-status","newStatus":"draft","terms":[],"taxonomy":"category","extraData":[]},"publishpress_future_workflow_manual_trigger":{"enabledWorkflows":[]},"_links":{"self":[{"href":"https:\/\/www.casaldelsinfants.org\/es\/wp-json\/wp\/v2\/posts\/4580","targetHints":{"allow":["GET"]}}],"collection":[{"href":"https:\/\/www.casaldelsinfants.org\/es\/wp-json\/wp\/v2\/posts"}],"about":[{"href":"https:\/\/www.casaldelsinfants.org\/es\/wp-json\/wp\/v2\/types\/post"}],"author":[{"embeddable":true,"href":"https:\/\/www.casaldelsinfants.org\/es\/wp-json\/wp\/v2\/users\/1"}],"replies":[{"embeddable":true,"href":"https:\/\/www.casaldelsinfants.org\/es\/wp-json\/wp\/v2\/comments?post=4580"}],"version-history":[{"count":1,"href":"https:\/\/www.casaldelsinfants.org\/es\/wp-json\/wp\/v2\/posts\/4580\/revisions"}],"predecessor-version":[{"id":9940,"href":"https:\/\/www.casaldelsinfants.org\/es\/wp-json\/wp\/v2\/posts\/4580\/revisions\/9940"}],"wp:featuredmedia":[{"embeddable":true,"href":"https:\/\/www.casaldelsinfants.org\/es\/wp-json\/wp\/v2\/media\/3701"}],"wp:attachment":[{"href":"https:\/\/www.casaldelsinfants.org\/es\/wp-json\/wp\/v2\/media?parent=4580"}],"wp:term":[{"taxonomy":"category","embeddable":true,"href":"https:\/\/www.casaldelsinfants.org\/es\/wp-json\/wp\/v2\/categories?post=4580"},{"taxonomy":"post_tag","embeddable":true,"href":"https:\/\/www.casaldelsinfants.org\/es\/wp-json\/wp\/v2\/tags?post=4580"},{"taxonomy":"seus","embeddable":true,"href":"https:\/\/www.casaldelsinfants.org\/es\/wp-json\/wp\/v2\/seus?post=4580"},{"taxonomy":"eixos","embeddable":true,"href":"https:\/\/www.casaldelsinfants.org\/es\/wp-json\/wp\/v2\/eixos?post=4580"}],"curies":[{"name":"wp","href":"https:\/\/api.w.org\/{rel}","templated":true}]}}