{"id":4583,"date":"2017-05-19T12:48:00","date_gmt":"2017-05-19T10:48:00","guid":{"rendered":"https:\/\/casal.puntzero.cat\/noticies\/la-lliga-de-valors-tanca-la-temporada-amb-el-respecte-i-la-cooperacio-com-grans\/"},"modified":"2023-05-01T19:12:23","modified_gmt":"2023-05-01T17:12:23","slug":"la-lliga-de-valors-tanca-la-temporada-amb-el-respecte-i-la-cooperacio-com-grans","status":"publish","type":"post","link":"https:\/\/www.casaldelsinfants.org\/es\/actualidad\/liga-valors-cierra-temporada-como-triunfadores\/","title":{"rendered":"La Lliga de valors tanca la temporada amb el respecte i la cooperaci\u00f3 com a grans triomfadors"},"content":{"rendered":"<p>Quan fem <strong>esport,<\/strong> guanyar o perdre no ens hauria de preocupar gaire. L\u2019important, ja ho sabem, \u00e9s participar. Per\u00f2 no de qualsevol manera! El futbol, per exemple, m\u00e9s enll\u00e0 de cuidar-nos la salut, ens ha de servir <strong>per refor\u00e7ar h\u00e0bits i valors positius en grup.<\/strong> I d\u2019aix\u00f2 en saben molt les entitats que participen a la <strong>Lliga de valors.<\/strong><\/p>\n<p>\nAquesta iniciativa consisteix en una competici\u00f3 de <strong>futbol<\/strong> que cada any juguen equips d\u2019<strong>infants, adolescents i joves als barris on el Casal actua<\/strong>, organitzada per diverses entitats amb l\u2019objectiu de refor\u00e7ar h\u00e0bits adequats, com <strong>l\u2019esportivitat, la cooperaci\u00f3 i la higiene,<\/strong> i valors positius, <strong>com la solidaritat i el respecte.<\/strong> I com es fa aix\u00f2 de fomentar bons h\u00e0bits i valors jugant a futbol? Doncs amb <strong>petits grans gestos,<\/strong> que ens fan gaudir de la millor versi\u00f3 del joc.<\/p>\n<p>\u00a0<\/p>\n<p>A la Lliga de valors dels Centres Oberts del barri del <strong>Raval<\/strong> de Barcelona, per exemple, els nois i noies de 10 a 12 anys <strong>ja no necessiten \u00e0rbitre.<\/strong> I com \u00e9s aix\u00f2? Qu\u00e8 fan quan dubten si en aquella jugada hi ha hagut falta o si en aquella altra la pilota ha creuat la l\u00ednia de gol? Doncs <strong>en parlen tots junts i consensuen la decisi\u00f3.<\/strong> \u201cHem creat un sistema de<strong> targetes blanques<\/strong> per premiar els bons h\u00e0bits i valors\u201d, explica en Pol Mercadal, educador del <strong>Centre Obert Infantil del Casal dels Infants.<\/strong> \u201cSi un equip aplaudeix el gol d\u2019un equip contrari, \u00e9s un bon gest que mereix una targeta blanca. Si un jugador o jugadora fa un cop a alg\u00fa i li demana perd\u00f3, tamb\u00e9 hem de treure una clara targeta blanca\u201d. Aquest any, en les categories de 8 a 10 anys i de 10 a 12, han participat a la Lliga de valors del Raval les entitats <strong>Drassanes, Fundaci\u00f3 Social Raval, AEI Raval, Gavina i el Casal dels Infants.<\/strong><\/p>\n<p>\nAl barri de <strong>La Mina<\/strong> de Sant Adri\u00e0 de Bes\u00f2s els equips tamb\u00e9 han suat molt la samarreta durant tota la temporada per aconseguir cr\u00e9ixer en l\u2019\u00e0mbit personal i col\u00b7lectiu. \u201cHa estat una Lliga molt maca, ja que tots els equips, tant d\u2019infants com d\u2019adolescents, han jugat conscienciats dels cinc h\u00e0bits i valors que hem treballat als entrenaments:<strong> respecte, humilitat, treball en equip, esfor\u00e7 i superaci\u00f3\u201d,<\/strong> comenta l\u2019Eva Ledesma, educadora del projecte <strong>Entorn Escolar del Casal dels Infants.<\/strong> I per damunt de tot, cal <strong>fer pinya,<\/strong> tothom \u00e9s important i suma al grup: \u201cQuan acaba el partit, abans de marxar a casa, valorem com ha anat i tots i totes coincideixen en que tot l\u2019equip s\u2019ha sentit part\u00edcip del joc\u201d.<\/p>\n<p>\nAquesta manera de jugar no nom\u00e9s \u00e9s possible entre nens i nenes. Els <strong>joves<\/strong> de 16 a 21 anys que han participat a la Lliga Interbarris de valors de <strong>Badalona<\/strong> tamb\u00e9 han sabut autogestionar les regles del joc i oblidar-se del xiulet. L\u2019Eva Ramos, educadora responsable del <strong>Casal Jove de Badalona del Casal dels Infants,<\/strong> ho valora molt positivament. \u201cL\u2019any passat va ser la primera vegada que vam jugar d\u2019aquesta manera, i ens va costar una mica. Aquest any els jugadors i jugadores ja tenien m\u00e9s experi\u00e8ncia i han ent\u00e8s que <strong>les decisions estaven a les seves mans<\/strong>\u201d. Una altra bona not\u00edcia \u00e9s que aquest any dos equips nous han participat de la lliga. <strong>La Fundaci\u00f3 Carles Blanch Centre Sant Jaume i Aldees Infantils de Sant Adri\u00e0<\/strong> s\u2019han sumat a <strong>l\u2019Ateneu Sant Roc, l\u2019Escola de futbol Eugeni d&#8217;Ors i el Casal dels Infants de Badalona.<\/strong><\/p>\n<p>\nCom sempre, l\u2019esfor\u00e7 i l\u2019actitud es veuen recompensats. A <strong>Santa Coloma,<\/strong> els joves del Casal dels Infants han aconseguit el <strong>primer premi<\/strong> de la lliga en la categoria de valors, i els nois i noies del <strong>Casal Obert d\u2019Adolescents del Raval<\/strong> han arribat a les semifinals, per parlar nom\u00e9s de dos casos. I arribat el final de temporada, calia una celebraci\u00f3! Les entitats dels barris han organitzat en els darrers dies un acte de cloenda de cada lliga, que ha servit perqu\u00e8 infants, adolescents, joves i educadors gaudissin dels \u00e8xits de la temporada.<\/p>\n","protected":false},"excerpt":{"rendered":"<p>Quan fem esport, guanyar o perdre no ens hauria de preocupar gaire. L\u2019important, ja ho sabem, \u00e9s participar. Per\u00f2 no de qualsevol manera! El futbol, per exemple, m\u00e9s enll\u00e0 de cuidar-nos la salut, ens ha de servir per refor\u00e7ar h\u00e0bits i valors positius en grup. I d\u2019aix\u00f2 en saben molt les entitats que participen a [&hellip;]<\/p>\n","protected":false},"author":1,"featured_media":3711,"comment_status":"open","ping_status":"open","sticky":false,"template":"","format":"standard","meta":{"_acf_changed":false,"_et_pb_use_builder":"","_et_pb_old_content":"","_et_gb_content_width":"","inline_featured_image":false,"footnotes":""},"categories":[125],"tags":[],"seus":[],"eixos":[],"class_list":["post-4583","post","type-post","status-publish","format-standard","has-post-thumbnail","hentry","category-noticias"],"acf":[],"yoast_head":"<!-- This site is optimized with the Yoast SEO plugin v27.4 - https:\/\/yoast.com\/product\/yoast-seo-wordpress\/ -->\n<title>La Lliga de valors tanca la temporada amb el respecte i la cooperaci\u00f3 com a grans triomfadors - Casal dels Infants<\/title>\n<meta name=\"robots\" content=\"index, follow, max-snippet:-1, max-image-preview:large, max-video-preview:-1\" \/>\n<link rel=\"canonical\" href=\"https:\/\/www.casaldelsinfants.org\/es\/actualidad\/liga-valors-cierra-temporada-como-triunfadores\/\" \/>\n<meta property=\"og:locale\" content=\"es_ES\" \/>\n<meta property=\"og:type\" content=\"article\" \/>\n<meta property=\"og:title\" content=\"La Lliga de valors tanca la temporada amb el respecte i la cooperaci\u00f3 com a grans triomfadors - Casal dels Infants\" \/>\n<meta property=\"og:description\" content=\"Quan fem esport, guanyar o perdre no ens hauria de preocupar gaire. L\u2019important, ja ho sabem, \u00e9s participar. Per\u00f2 no de qualsevol manera! El futbol, per exemple, m\u00e9s enll\u00e0 de cuidar-nos la salut, ens ha de servir per refor\u00e7ar h\u00e0bits i valors positius en grup. I d\u2019aix\u00f2 en saben molt les entitats que participen a [&hellip;]\" \/>\n<meta property=\"og:url\" content=\"https:\/\/www.casaldelsinfants.org\/es\/actualidad\/liga-valors-cierra-temporada-como-triunfadores\/\" \/>\n<meta property=\"og:site_name\" content=\"Casal dels Infants\" \/>\n<meta property=\"article:publisher\" content=\"https:\/\/www.facebook.com\/casalinfants\" \/>\n<meta property=\"article:published_time\" content=\"2017-05-19T10:48:00+00:00\" \/>\n<meta property=\"article:modified_time\" content=\"2023-05-01T17:12:23+00:00\" \/>\n<meta property=\"og:image\" content=\"https:\/\/www.casaldelsinfants.org\/wp-content\/uploads\/lliga-de-valors_0_0-scaled.jpg\" \/>\n\t<meta property=\"og:image:width\" content=\"2560\" \/>\n\t<meta property=\"og:image:height\" content=\"2560\" \/>\n\t<meta property=\"og:image:type\" content=\"image\/jpeg\" \/>\n<meta name=\"author\" content=\"cdiAdmin\" \/>\n<meta name=\"twitter:card\" content=\"summary_large_image\" \/>\n<meta name=\"twitter:creator\" content=\"@casalinfants\" \/>\n<meta name=\"twitter:site\" content=\"@casalinfants\" \/>\n<meta name=\"twitter:label1\" content=\"Escrito por\" \/>\n\t<meta name=\"twitter:data1\" content=\"cdiAdmin\" \/>\n\t<meta name=\"twitter:label2\" content=\"Tiempo de lectura\" \/>\n\t<meta name=\"twitter:data2\" content=\"3 minutos\" \/>\n<script type=\"application\/ld+json\" class=\"yoast-schema-graph\">{\"@context\":\"https:\\\/\\\/schema.org\",\"@graph\":[{\"@type\":\"Article\",\"@id\":\"https:\\\/\\\/www.casaldelsinfants.org\\\/es\\\/actualidad\\\/liga-valors-cierra-temporada-como-triunfadores\\\/#article\",\"isPartOf\":{\"@id\":\"https:\\\/\\\/www.casaldelsinfants.org\\\/es\\\/actualidad\\\/liga-valors-cierra-temporada-como-triunfadores\\\/\"},\"author\":{\"name\":\"cdiAdmin\",\"@id\":\"https:\\\/\\\/www.casaldelsinfants.org\\\/es\\\/#\\\/schema\\\/person\\\/97707fc8c64900cf36891127dbf9fba8\"},\"headline\":\"La Lliga de valors tanca la temporada amb el respecte i la cooperaci\u00f3 com a grans triomfadors\",\"datePublished\":\"2017-05-19T10:48:00+00:00\",\"dateModified\":\"2023-05-01T17:12:23+00:00\",\"mainEntityOfPage\":{\"@id\":\"https:\\\/\\\/www.casaldelsinfants.org\\\/es\\\/actualidad\\\/liga-valors-cierra-temporada-como-triunfadores\\\/\"},\"wordCount\":717,\"commentCount\":0,\"publisher\":{\"@id\":\"https:\\\/\\\/www.casaldelsinfants.org\\\/es\\\/#organization\"},\"image\":{\"@id\":\"https:\\\/\\\/www.casaldelsinfants.org\\\/es\\\/actualidad\\\/liga-valors-cierra-temporada-como-triunfadores\\\/#primaryimage\"},\"thumbnailUrl\":\"https:\\\/\\\/www.casaldelsinfants.org\\\/wp-content\\\/uploads\\\/lliga-de-valors_0_0-scaled.jpg\",\"articleSection\":[\"Noticia\"],\"inLanguage\":\"es\",\"potentialAction\":[{\"@type\":\"CommentAction\",\"name\":\"Comment\",\"target\":[\"https:\\\/\\\/www.casaldelsinfants.org\\\/es\\\/actualidad\\\/liga-valors-cierra-temporada-como-triunfadores\\\/#respond\"]}]},{\"@type\":\"WebPage\",\"@id\":\"https:\\\/\\\/www.casaldelsinfants.org\\\/es\\\/actualidad\\\/liga-valors-cierra-temporada-como-triunfadores\\\/\",\"url\":\"https:\\\/\\\/www.casaldelsinfants.org\\\/es\\\/actualidad\\\/liga-valors-cierra-temporada-como-triunfadores\\\/\",\"name\":\"La Lliga de valors tanca la temporada amb el respecte i la cooperaci\u00f3 com a grans triomfadors - Casal dels Infants\",\"isPartOf\":{\"@id\":\"https:\\\/\\\/www.casaldelsinfants.org\\\/es\\\/#website\"},\"primaryImageOfPage\":{\"@id\":\"https:\\\/\\\/www.casaldelsinfants.org\\\/es\\\/actualidad\\\/liga-valors-cierra-temporada-como-triunfadores\\\/#primaryimage\"},\"image\":{\"@id\":\"https:\\\/\\\/www.casaldelsinfants.org\\\/es\\\/actualidad\\\/liga-valors-cierra-temporada-como-triunfadores\\\/#primaryimage\"},\"thumbnailUrl\":\"https:\\\/\\\/www.casaldelsinfants.org\\\/wp-content\\\/uploads\\\/lliga-de-valors_0_0-scaled.jpg\",\"datePublished\":\"2017-05-19T10:48:00+00:00\",\"dateModified\":\"2023-05-01T17:12:23+00:00\",\"breadcrumb\":{\"@id\":\"https:\\\/\\\/www.casaldelsinfants.org\\\/es\\\/actualidad\\\/liga-valors-cierra-temporada-como-triunfadores\\\/#breadcrumb\"},\"inLanguage\":\"es\",\"potentialAction\":[{\"@type\":\"ReadAction\",\"target\":[\"https:\\\/\\\/www.casaldelsinfants.org\\\/es\\\/actualidad\\\/liga-valors-cierra-temporada-como-triunfadores\\\/\"]}]},{\"@type\":\"ImageObject\",\"inLanguage\":\"es\",\"@id\":\"https:\\\/\\\/www.casaldelsinfants.org\\\/es\\\/actualidad\\\/liga-valors-cierra-temporada-como-triunfadores\\\/#primaryimage\",\"url\":\"https:\\\/\\\/www.casaldelsinfants.org\\\/wp-content\\\/uploads\\\/lliga-de-valors_0_0-scaled.jpg\",\"contentUrl\":\"https:\\\/\\\/www.casaldelsinfants.org\\\/wp-content\\\/uploads\\\/lliga-de-valors_0_0-scaled.jpg\",\"width\":2560,\"height\":2560,\"caption\":\"Participants de la lliga valors.\"},{\"@type\":\"BreadcrumbList\",\"@id\":\"https:\\\/\\\/www.casaldelsinfants.org\\\/es\\\/actualidad\\\/liga-valors-cierra-temporada-como-triunfadores\\\/#breadcrumb\",\"itemListElement\":[{\"@type\":\"ListItem\",\"position\":1,\"name\":\"Inici\",\"item\":\"https:\\\/\\\/www.casaldelsinfants.org\\\/es\\\/\"},{\"@type\":\"ListItem\",\"position\":2,\"name\":\"La Lliga de valors tanca la temporada amb el respecte i la cooperaci\u00f3 com a grans triomfadors\"}]},{\"@type\":\"WebSite\",\"@id\":\"https:\\\/\\\/www.casaldelsinfants.org\\\/es\\\/#website\",\"url\":\"https:\\\/\\\/www.casaldelsinfants.org\\\/es\\\/\",\"name\":\"Casal dels Infants\",\"description\":\"\",\"publisher\":{\"@id\":\"https:\\\/\\\/www.casaldelsinfants.org\\\/es\\\/#organization\"},\"potentialAction\":[{\"@type\":\"SearchAction\",\"target\":{\"@type\":\"EntryPoint\",\"urlTemplate\":\"https:\\\/\\\/www.casaldelsinfants.org\\\/es\\\/?s={search_term_string}\"},\"query-input\":{\"@type\":\"PropertyValueSpecification\",\"valueRequired\":true,\"valueName\":\"search_term_string\"}}],\"inLanguage\":\"es\"},{\"@type\":\"Organization\",\"@id\":\"https:\\\/\\\/www.casaldelsinfants.org\\\/es\\\/#organization\",\"name\":\"Casal dels Infants\",\"url\":\"https:\\\/\\\/www.casaldelsinfants.org\\\/es\\\/\",\"logo\":{\"@type\":\"ImageObject\",\"inLanguage\":\"es\",\"@id\":\"https:\\\/\\\/www.casaldelsinfants.org\\\/es\\\/#\\\/schema\\\/logo\\\/image\\\/\",\"url\":\"https:\\\/\\\/www.casaldelsinfants.org\\\/wp-content\\\/uploads\\\/logo-mail.png\",\"contentUrl\":\"https:\\\/\\\/www.casaldelsinfants.org\\\/wp-content\\\/uploads\\\/logo-mail.png\",\"width\":380,\"height\":158,\"caption\":\"Casal dels Infants\"},\"image\":{\"@id\":\"https:\\\/\\\/www.casaldelsinfants.org\\\/es\\\/#\\\/schema\\\/logo\\\/image\\\/\"},\"sameAs\":[\"https:\\\/\\\/www.facebook.com\\\/casalinfants\",\"https:\\\/\\\/x.com\\\/casalinfants\",\"https:\\\/\\\/www.youtube.com\\\/user\\\/CasaldelsInfants1\",\"https:\\\/\\\/www.instagram.com\\\/casalinfants\\\/\",\"https:\\\/\\\/www.linkedin.com\\\/company\\\/casaldelsinfants?trk=organization-update_share-update_actor-text\"]},{\"@type\":\"Person\",\"@id\":\"https:\\\/\\\/www.casaldelsinfants.org\\\/es\\\/#\\\/schema\\\/person\\\/97707fc8c64900cf36891127dbf9fba8\",\"name\":\"cdiAdmin\",\"sameAs\":[\"https:\\\/\\\/casaldelsinfants.org\"]}]}<\/script>\n<!-- \/ Yoast SEO plugin. -->","yoast_head_json":{"title":"La Lliga de valors tanca la temporada amb el respecte i la cooperaci\u00f3 com a grans triomfadors - Casal dels Infants","robots":{"index":"index","follow":"follow","max-snippet":"max-snippet:-1","max-image-preview":"max-image-preview:large","max-video-preview":"max-video-preview:-1"},"canonical":"https:\/\/www.casaldelsinfants.org\/es\/actualidad\/liga-valors-cierra-temporada-como-triunfadores\/","og_locale":"es_ES","og_type":"article","og_title":"La Lliga de valors tanca la temporada amb el respecte i la cooperaci\u00f3 com a grans triomfadors - Casal dels Infants","og_description":"Quan fem esport, guanyar o perdre no ens hauria de preocupar gaire. L\u2019important, ja ho sabem, \u00e9s participar. Per\u00f2 no de qualsevol manera! El futbol, per exemple, m\u00e9s enll\u00e0 de cuidar-nos la salut, ens ha de servir per refor\u00e7ar h\u00e0bits i valors positius en grup. I d\u2019aix\u00f2 en saben molt les entitats que participen a [&hellip;]","og_url":"https:\/\/www.casaldelsinfants.org\/es\/actualidad\/liga-valors-cierra-temporada-como-triunfadores\/","og_site_name":"Casal dels Infants","article_publisher":"https:\/\/www.facebook.com\/casalinfants","article_published_time":"2017-05-19T10:48:00+00:00","article_modified_time":"2023-05-01T17:12:23+00:00","og_image":[{"width":2560,"height":2560,"url":"https:\/\/www.casaldelsinfants.org\/wp-content\/uploads\/lliga-de-valors_0_0-scaled.jpg","type":"image\/jpeg"}],"author":"cdiAdmin","twitter_card":"summary_large_image","twitter_creator":"@casalinfants","twitter_site":"@casalinfants","twitter_misc":{"Escrito por":"cdiAdmin","Tiempo de lectura":"3 minutos"},"schema":{"@context":"https:\/\/schema.org","@graph":[{"@type":"Article","@id":"https:\/\/www.casaldelsinfants.org\/es\/actualidad\/liga-valors-cierra-temporada-como-triunfadores\/#article","isPartOf":{"@id":"https:\/\/www.casaldelsinfants.org\/es\/actualidad\/liga-valors-cierra-temporada-como-triunfadores\/"},"author":{"name":"cdiAdmin","@id":"https:\/\/www.casaldelsinfants.org\/es\/#\/schema\/person\/97707fc8c64900cf36891127dbf9fba8"},"headline":"La Lliga de valors tanca la temporada amb el respecte i la cooperaci\u00f3 com a grans triomfadors","datePublished":"2017-05-19T10:48:00+00:00","dateModified":"2023-05-01T17:12:23+00:00","mainEntityOfPage":{"@id":"https:\/\/www.casaldelsinfants.org\/es\/actualidad\/liga-valors-cierra-temporada-como-triunfadores\/"},"wordCount":717,"commentCount":0,"publisher":{"@id":"https:\/\/www.casaldelsinfants.org\/es\/#organization"},"image":{"@id":"https:\/\/www.casaldelsinfants.org\/es\/actualidad\/liga-valors-cierra-temporada-como-triunfadores\/#primaryimage"},"thumbnailUrl":"https:\/\/www.casaldelsinfants.org\/wp-content\/uploads\/lliga-de-valors_0_0-scaled.jpg","articleSection":["Noticia"],"inLanguage":"es","potentialAction":[{"@type":"CommentAction","name":"Comment","target":["https:\/\/www.casaldelsinfants.org\/es\/actualidad\/liga-valors-cierra-temporada-como-triunfadores\/#respond"]}]},{"@type":"WebPage","@id":"https:\/\/www.casaldelsinfants.org\/es\/actualidad\/liga-valors-cierra-temporada-como-triunfadores\/","url":"https:\/\/www.casaldelsinfants.org\/es\/actualidad\/liga-valors-cierra-temporada-como-triunfadores\/","name":"La Lliga de valors tanca la temporada amb el respecte i la cooperaci\u00f3 com a grans triomfadors - Casal dels Infants","isPartOf":{"@id":"https:\/\/www.casaldelsinfants.org\/es\/#website"},"primaryImageOfPage":{"@id":"https:\/\/www.casaldelsinfants.org\/es\/actualidad\/liga-valors-cierra-temporada-como-triunfadores\/#primaryimage"},"image":{"@id":"https:\/\/www.casaldelsinfants.org\/es\/actualidad\/liga-valors-cierra-temporada-como-triunfadores\/#primaryimage"},"thumbnailUrl":"https:\/\/www.casaldelsinfants.org\/wp-content\/uploads\/lliga-de-valors_0_0-scaled.jpg","datePublished":"2017-05-19T10:48:00+00:00","dateModified":"2023-05-01T17:12:23+00:00","breadcrumb":{"@id":"https:\/\/www.casaldelsinfants.org\/es\/actualidad\/liga-valors-cierra-temporada-como-triunfadores\/#breadcrumb"},"inLanguage":"es","potentialAction":[{"@type":"ReadAction","target":["https:\/\/www.casaldelsinfants.org\/es\/actualidad\/liga-valors-cierra-temporada-como-triunfadores\/"]}]},{"@type":"ImageObject","inLanguage":"es","@id":"https:\/\/www.casaldelsinfants.org\/es\/actualidad\/liga-valors-cierra-temporada-como-triunfadores\/#primaryimage","url":"https:\/\/www.casaldelsinfants.org\/wp-content\/uploads\/lliga-de-valors_0_0-scaled.jpg","contentUrl":"https:\/\/www.casaldelsinfants.org\/wp-content\/uploads\/lliga-de-valors_0_0-scaled.jpg","width":2560,"height":2560,"caption":"Participants de la lliga valors."},{"@type":"BreadcrumbList","@id":"https:\/\/www.casaldelsinfants.org\/es\/actualidad\/liga-valors-cierra-temporada-como-triunfadores\/#breadcrumb","itemListElement":[{"@type":"ListItem","position":1,"name":"Inici","item":"https:\/\/www.casaldelsinfants.org\/es\/"},{"@type":"ListItem","position":2,"name":"La Lliga de valors tanca la temporada amb el respecte i la cooperaci\u00f3 com a grans triomfadors"}]},{"@type":"WebSite","@id":"https:\/\/www.casaldelsinfants.org\/es\/#website","url":"https:\/\/www.casaldelsinfants.org\/es\/","name":"Casal dels Infants","description":"","publisher":{"@id":"https:\/\/www.casaldelsinfants.org\/es\/#organization"},"potentialAction":[{"@type":"SearchAction","target":{"@type":"EntryPoint","urlTemplate":"https:\/\/www.casaldelsinfants.org\/es\/?s={search_term_string}"},"query-input":{"@type":"PropertyValueSpecification","valueRequired":true,"valueName":"search_term_string"}}],"inLanguage":"es"},{"@type":"Organization","@id":"https:\/\/www.casaldelsinfants.org\/es\/#organization","name":"Casal dels Infants","url":"https:\/\/www.casaldelsinfants.org\/es\/","logo":{"@type":"ImageObject","inLanguage":"es","@id":"https:\/\/www.casaldelsinfants.org\/es\/#\/schema\/logo\/image\/","url":"https:\/\/www.casaldelsinfants.org\/wp-content\/uploads\/logo-mail.png","contentUrl":"https:\/\/www.casaldelsinfants.org\/wp-content\/uploads\/logo-mail.png","width":380,"height":158,"caption":"Casal dels Infants"},"image":{"@id":"https:\/\/www.casaldelsinfants.org\/es\/#\/schema\/logo\/image\/"},"sameAs":["https:\/\/www.facebook.com\/casalinfants","https:\/\/x.com\/casalinfants","https:\/\/www.youtube.com\/user\/CasaldelsInfants1","https:\/\/www.instagram.com\/casalinfants\/","https:\/\/www.linkedin.com\/company\/casaldelsinfants?trk=organization-update_share-update_actor-text"]},{"@type":"Person","@id":"https:\/\/www.casaldelsinfants.org\/es\/#\/schema\/person\/97707fc8c64900cf36891127dbf9fba8","name":"cdiAdmin","sameAs":["https:\/\/casaldelsinfants.org"]}]}},"publishpress_future_action":{"enabled":false,"date":"2026-05-07 07:12:20","action":"change-status","newStatus":"draft","terms":[],"taxonomy":"category","extraData":[]},"publishpress_future_workflow_manual_trigger":{"enabledWorkflows":[]},"_links":{"self":[{"href":"https:\/\/www.casaldelsinfants.org\/es\/wp-json\/wp\/v2\/posts\/4583","targetHints":{"allow":["GET"]}}],"collection":[{"href":"https:\/\/www.casaldelsinfants.org\/es\/wp-json\/wp\/v2\/posts"}],"about":[{"href":"https:\/\/www.casaldelsinfants.org\/es\/wp-json\/wp\/v2\/types\/post"}],"author":[{"embeddable":true,"href":"https:\/\/www.casaldelsinfants.org\/es\/wp-json\/wp\/v2\/users\/1"}],"replies":[{"embeddable":true,"href":"https:\/\/www.casaldelsinfants.org\/es\/wp-json\/wp\/v2\/comments?post=4583"}],"version-history":[{"count":1,"href":"https:\/\/www.casaldelsinfants.org\/es\/wp-json\/wp\/v2\/posts\/4583\/revisions"}],"predecessor-version":[{"id":9943,"href":"https:\/\/www.casaldelsinfants.org\/es\/wp-json\/wp\/v2\/posts\/4583\/revisions\/9943"}],"wp:featuredmedia":[{"embeddable":true,"href":"https:\/\/www.casaldelsinfants.org\/es\/wp-json\/wp\/v2\/media\/3711"}],"wp:attachment":[{"href":"https:\/\/www.casaldelsinfants.org\/es\/wp-json\/wp\/v2\/media?parent=4583"}],"wp:term":[{"taxonomy":"category","embeddable":true,"href":"https:\/\/www.casaldelsinfants.org\/es\/wp-json\/wp\/v2\/categories?post=4583"},{"taxonomy":"post_tag","embeddable":true,"href":"https:\/\/www.casaldelsinfants.org\/es\/wp-json\/wp\/v2\/tags?post=4583"},{"taxonomy":"seus","embeddable":true,"href":"https:\/\/www.casaldelsinfants.org\/es\/wp-json\/wp\/v2\/seus?post=4583"},{"taxonomy":"eixos","embeddable":true,"href":"https:\/\/www.casaldelsinfants.org\/es\/wp-json\/wp\/v2\/eixos?post=4583"}],"curies":[{"name":"wp","href":"https:\/\/api.w.org\/{rel}","templated":true}]}}