{"id":4584,"date":"2017-04-20T14:26:00","date_gmt":"2017-04-20T12:26:00","guid":{"rendered":"https:\/\/casal.puntzero.cat\/noticies\/sant-jordi-2017\/"},"modified":"2023-05-01T19:12:30","modified_gmt":"2023-05-01T17:12:30","slug":"sant-jordi-2017","status":"publish","type":"post","link":"https:\/\/www.casaldelsinfants.org\/es\/actualidad\/sant-jordi-2017\/","title":{"rendered":"Sant Jordi 2017"},"content":{"rendered":"<h4 style=\"text-align: justify;\">\u00a0<\/h4>\n<h4 style=\"text-align: justify;\">Per Sant Jordi llibres i roses en s\u00f3n els protagonistes,i el Casal, com cada any, es suma a la diada. Vine a compartir-la amb nosaltres!<\/h4>\n<p>Ens trobar\u00e0s a les diferents paradetes a:<\/p>\n<p><strong>Barcelona <\/strong>(Rambla del Raval) de 9 a 13:30h<\/p>\n<p><strong>Santa Coloma <\/strong>(Pla\u00e7a de la Vila)<\/p>\n<p><strong>Salt <\/strong>(Passeig de Ciutat de Girona)<\/p>\n<p><strong>\u00a0<\/strong><\/p>\n<p style=\"text-align: justify;\"><strong>Recordeu que tenim llibres solidaris! Si encara no heu decidit quin regalar:<\/strong><\/p>\n<p style=\"text-align: justify;\"><strong>\u00a0<\/strong><\/p>\n<p style=\"text-align: justify;\">\u00a0<strong><img decoding=\"async\" src=\"\/wp-content\/uploads\/inline-images\/LLIBRETAPA_0_0.JPG\" border=\"0\" alt=\"\" width=\"113\" height=\"159\" style=\"float: left;\" \/>\u00a0 \u00a0 \u00a0 \u00a0 \u00a0\u00abTapa Solid\u00e0ria\u00bb<\/strong><\/p>\n<p style=\"padding-left: 150px;\">El llibre de la tapa solid\u00e0ria, un receptari que far\u00e0 feli\u00e7 a qui el rebi i tamb\u00e9 als nens del Casal! Aquest manual de cuina recopila les tapes solid\u00e0ries ofertes durant els \u00faltims anys als bars i restaurants col\u00b7laboradors de les diferents edicions de la Tapa Solid\u00e0ria. Una iniciativa apadrinada pels germans Ferran i Albert Adri\u00e0 que va n\u00e9ixer en el 2011, amb una creixent col\u00b7laboraci\u00f3 de bars i restaurants de tota Catalunya, i compte a m\u00e9s amb el suport de m\u00e9s de 80 xefs de reconegut prestigi internacional. Ara, aquestes mateixes tapes es podran preparar a casa amb l&#8217;ajuda del llibre de la tapa solid\u00e0ria. Si et vas quedar sense poder provar alguna tapa o no pots esperar per tornar a repetir, aquest \u00e9s el teu llibre!<\/p>\n<p style=\"text-align: justify;\">\u00a0<\/p>\n<p style=\"text-align: justify;\"><em style=\"font-size: 12.16px;\"><img decoding=\"async\" src=\"\/wp-content\/uploads\/inline-images\/petons-perduts_0_0.jpg\" border=\"0\" alt=\"\" width=\"122\" height=\"120\" style=\"float: left;\" \/><\/em><\/p>\n<p style=\"text-align: justify; padding-left: 150px;\"><strong>\u00abPetons perduts\u00bb<\/strong><em><br \/><\/em><\/p>\n<p style=\"padding-left: 150px;\">\u2018Petons perduts\u2019 \u00e9s un conte escrit per l\u2019educadora i col\u00b7laboradora\u00a0 durant molts anys del Casal dels Infants, Carlota Valls, que\u00a0 tracta el tema dels petons des d\u2019un punt de vista familiar i com a element significatiu de les relacions socials entre les persones. L\u2019obra est\u00e0 inspirada en l\u2019experi\u00e8ncia personal de l\u2019autora i posa especial atenci\u00f3 en la relaci\u00f3 entre avis i n\u00e9ts i n\u00e9tes amb els petons com a s\u00edmbol d\u2019estima i com a element significatiu de la quotidianitat i de l\u2019intercanvi constant de sentiments i \u00a0de relacions entre petits i grans. El llibre tamb\u00e9 compta amb il\u00b7lustracions de la\u00a0 jove educadora i artista Andrea Zayas i els dibuixos creats pels mateixos nens i nenes del Casal.<\/p>\n<p style=\"text-align: justify;\"><em><strong><img decoding=\"async\" src=\"\/wp-content\/uploads\/inline-images\/elcordelraval_0_0.jpg\" border=\"0\" alt=\"\" width=\"121\" height=\"182\" style=\"float: left;\" \/><\/strong><\/em><\/p>\n<p style=\"text-align: justify;\"><strong>\u00a0<\/strong><\/p>\n<p style=\"text-align: justify; padding-left: 150px;\"><strong>\u00abEl cor del Raval\u00bb<\/strong><\/p>\n<p style=\"padding-left: 150px;\">Aquest llibre recull la veu dels joves, on ells en s\u00f3n els protagonistes. Els seus textos s\u00f3n el resultat d\u2019un proc\u00e9s de reflexi\u00f3 i treball engegat conjuntament entre diverses entitats i serveis del Raval que treballen per als infants i joves del barri. Un cor que batega \u00e9s sin\u00f2nim de vida. El cor del barri del Raval de Barcelona, \u00e9s un cor jove que batega amb energia al ritme que marquen sons del Marroc, o de l\u2019Equador, o del Pakistan, o de les Filipines; un cor que s\u2019obre de bat a bat perqu\u00e8 els protagonistes d\u2019aquesta hist\u00f2ria, els adolescents i joves de tot un barri mosaic, exposin amb les seves pr\u00f2pies paraules ,directes i velades, tendres i colpidores quines q\u00fcestions els afecten.<\/p>\n<p>\u00a0<\/p>\n<p><img decoding=\"async\" src=\"\/wp-content\/uploads\/inline-images\/Fa10anysllibre_0_0.jpg\" border=\"0\" alt=\"\" width=\"128\" height=\"211\" style=\"float: left;\" \/><\/p>\n<p style=\"text-align: justify;\"><strong>\u00a0<\/strong><\/p>\n<p style=\"text-align: justify;\"><strong>\u00a0<\/strong><\/p>\n<p style=\"padding-left: 150px; text-align: justify;\"><strong>\u00abFa deu anys que vaig arribar i encara no s\u00e9 on \u00e9s casa meva\u00bb<\/strong><\/p>\n<p style=\"padding-left: 150px; text-align: justify;\">Es tracta d&#8217;una obra col\u00b7lectiva que ha coordinat l&#8217;escriptor V\u00edctor Panicello i que publica l&#8217;Editorial Claret. L\u2019escriptor ha treballat amb els joves, de diferents or\u00edgens, perqu\u00e8 expliquin la seva pr\u00f2pia visi\u00f3 de com es senten a Barcelona, a trav\u00e9s de la literatura. Volien venir realment? Han trobat el que esperaven? \u00a0Si vols saber com ha sigut l\u2019experi\u00e8ncia d\u2019aquests joves, aquest \u00e9s el teu llibre!<\/p>\n<p style=\"text-align: justify;\"><em>\u00a0<\/em><\/p>\n<p style=\"text-align: justify;\"><em>\u00a0<\/em><\/p>\n<p style=\"text-align: justify;\"><em>\u00a0<\/em><\/p>\n<h4 style=\"text-align: center;\"><em>Bona Diada de part del Casal dels Infants\u00a0 i que cap pr\u00edncep ni cap princesa es quedi sense llibre ni rosa aquest Sant Jordi!<\/em><\/h4>\n<p style=\"text-align: center;\"><em>\u00a0<\/em><\/p>\n<p><em>\u00a0<\/em><\/p>\n","protected":false},"excerpt":{"rendered":"<p>\u00a0 Per Sant Jordi llibres i roses en s\u00f3n els protagonistes,i el Casal, com cada any, es suma a la diada. Vine a compartir-la amb nosaltres! Ens trobar\u00e0s a les diferents paradetes a: Barcelona (Rambla del Raval) de 9 a 13:30h Santa Coloma (Pla\u00e7a de la Vila) Salt (Passeig de Ciutat de Girona) \u00a0 Recordeu [&hellip;]<\/p>\n","protected":false},"author":1,"featured_media":3714,"comment_status":"open","ping_status":"open","sticky":false,"template":"","format":"standard","meta":{"_acf_changed":false,"_et_pb_use_builder":"","_et_pb_old_content":"","_et_gb_content_width":"","inline_featured_image":false,"footnotes":""},"categories":[125],"tags":[],"seus":[],"eixos":[],"class_list":["post-4584","post","type-post","status-publish","format-standard","has-post-thumbnail","hentry","category-noticias"],"acf":[],"yoast_head":"<!-- This site is optimized with the Yoast SEO plugin v27.4 - https:\/\/yoast.com\/product\/yoast-seo-wordpress\/ -->\n<title>Sant Jordi 2017 - Casal dels Infants<\/title>\n<meta name=\"robots\" content=\"index, follow, max-snippet:-1, max-image-preview:large, max-video-preview:-1\" \/>\n<link rel=\"canonical\" href=\"https:\/\/www.casaldelsinfants.org\/es\/actualidad\/sant-jordi-2017\/\" \/>\n<meta property=\"og:locale\" content=\"es_ES\" \/>\n<meta property=\"og:type\" content=\"article\" \/>\n<meta property=\"og:title\" content=\"Sant Jordi 2017 - Casal dels Infants\" \/>\n<meta property=\"og:description\" content=\"\u00a0 Per Sant Jordi llibres i roses en s\u00f3n els protagonistes,i el Casal, com cada any, es suma a la diada. Vine a compartir-la amb nosaltres! Ens trobar\u00e0s a les diferents paradetes a: Barcelona (Rambla del Raval) de 9 a 13:30h Santa Coloma (Pla\u00e7a de la Vila) Salt (Passeig de Ciutat de Girona) \u00a0 Recordeu [&hellip;]\" \/>\n<meta property=\"og:url\" content=\"https:\/\/www.casaldelsinfants.org\/es\/actualidad\/sant-jordi-2017\/\" \/>\n<meta property=\"og:site_name\" content=\"Casal dels Infants\" \/>\n<meta property=\"article:publisher\" content=\"https:\/\/www.facebook.com\/casalinfants\" \/>\n<meta property=\"article:published_time\" content=\"2017-04-20T12:26:00+00:00\" \/>\n<meta property=\"article:modified_time\" content=\"2023-05-01T17:12:30+00:00\" \/>\n<meta property=\"og:image\" content=\"https:\/\/www.casaldelsinfants.org\/wp-content\/uploads\/LLIBRETAPA_0_0.jpg\" \/>\n\t<meta property=\"og:image:width\" content=\"638\" \/>\n\t<meta property=\"og:image:height\" content=\"898\" \/>\n\t<meta property=\"og:image:type\" content=\"image\/jpeg\" \/>\n<meta name=\"author\" content=\"cdiAdmin\" \/>\n<meta name=\"twitter:card\" content=\"summary_large_image\" \/>\n<meta name=\"twitter:creator\" content=\"@casalinfants\" \/>\n<meta name=\"twitter:site\" content=\"@casalinfants\" \/>\n<meta name=\"twitter:label1\" content=\"Escrito por\" \/>\n\t<meta name=\"twitter:data1\" content=\"cdiAdmin\" \/>\n\t<meta name=\"twitter:label2\" content=\"Tiempo de lectura\" \/>\n\t<meta name=\"twitter:data2\" content=\"3 minutos\" \/>\n<script type=\"application\/ld+json\" class=\"yoast-schema-graph\">{\"@context\":\"https:\\\/\\\/schema.org\",\"@graph\":[{\"@type\":\"Article\",\"@id\":\"https:\\\/\\\/www.casaldelsinfants.org\\\/es\\\/actualidad\\\/sant-jordi-2017\\\/#article\",\"isPartOf\":{\"@id\":\"https:\\\/\\\/www.casaldelsinfants.org\\\/es\\\/actualidad\\\/sant-jordi-2017\\\/\"},\"author\":{\"name\":\"cdiAdmin\",\"@id\":\"https:\\\/\\\/www.casaldelsinfants.org\\\/es\\\/#\\\/schema\\\/person\\\/97707fc8c64900cf36891127dbf9fba8\"},\"headline\":\"Sant Jordi 2017\",\"datePublished\":\"2017-04-20T12:26:00+00:00\",\"dateModified\":\"2023-05-01T17:12:30+00:00\",\"mainEntityOfPage\":{\"@id\":\"https:\\\/\\\/www.casaldelsinfants.org\\\/es\\\/actualidad\\\/sant-jordi-2017\\\/\"},\"wordCount\":592,\"commentCount\":0,\"publisher\":{\"@id\":\"https:\\\/\\\/www.casaldelsinfants.org\\\/es\\\/#organization\"},\"image\":{\"@id\":\"https:\\\/\\\/www.casaldelsinfants.org\\\/es\\\/actualidad\\\/sant-jordi-2017\\\/#primaryimage\"},\"thumbnailUrl\":\"https:\\\/\\\/www.casaldelsinfants.org\\\/wp-content\\\/uploads\\\/LLIBRETAPA_0_0.jpg\",\"articleSection\":[\"Noticia\"],\"inLanguage\":\"es\",\"potentialAction\":[{\"@type\":\"CommentAction\",\"name\":\"Comment\",\"target\":[\"https:\\\/\\\/www.casaldelsinfants.org\\\/es\\\/actualidad\\\/sant-jordi-2017\\\/#respond\"]}]},{\"@type\":\"WebPage\",\"@id\":\"https:\\\/\\\/www.casaldelsinfants.org\\\/es\\\/actualidad\\\/sant-jordi-2017\\\/\",\"url\":\"https:\\\/\\\/www.casaldelsinfants.org\\\/es\\\/actualidad\\\/sant-jordi-2017\\\/\",\"name\":\"Sant Jordi 2017 - Casal dels Infants\",\"isPartOf\":{\"@id\":\"https:\\\/\\\/www.casaldelsinfants.org\\\/es\\\/#website\"},\"primaryImageOfPage\":{\"@id\":\"https:\\\/\\\/www.casaldelsinfants.org\\\/es\\\/actualidad\\\/sant-jordi-2017\\\/#primaryimage\"},\"image\":{\"@id\":\"https:\\\/\\\/www.casaldelsinfants.org\\\/es\\\/actualidad\\\/sant-jordi-2017\\\/#primaryimage\"},\"thumbnailUrl\":\"https:\\\/\\\/www.casaldelsinfants.org\\\/wp-content\\\/uploads\\\/LLIBRETAPA_0_0.jpg\",\"datePublished\":\"2017-04-20T12:26:00+00:00\",\"dateModified\":\"2023-05-01T17:12:30+00:00\",\"breadcrumb\":{\"@id\":\"https:\\\/\\\/www.casaldelsinfants.org\\\/es\\\/actualidad\\\/sant-jordi-2017\\\/#breadcrumb\"},\"inLanguage\":\"es\",\"potentialAction\":[{\"@type\":\"ReadAction\",\"target\":[\"https:\\\/\\\/www.casaldelsinfants.org\\\/es\\\/actualidad\\\/sant-jordi-2017\\\/\"]}]},{\"@type\":\"ImageObject\",\"inLanguage\":\"es\",\"@id\":\"https:\\\/\\\/www.casaldelsinfants.org\\\/es\\\/actualidad\\\/sant-jordi-2017\\\/#primaryimage\",\"url\":\"https:\\\/\\\/www.casaldelsinfants.org\\\/wp-content\\\/uploads\\\/LLIBRETAPA_0_0.jpg\",\"contentUrl\":\"https:\\\/\\\/www.casaldelsinfants.org\\\/wp-content\\\/uploads\\\/LLIBRETAPA_0_0.jpg\",\"width\":638,\"height\":898,\"caption\":\"El llibre de la tapa solid\u00e0ria.\"},{\"@type\":\"BreadcrumbList\",\"@id\":\"https:\\\/\\\/www.casaldelsinfants.org\\\/es\\\/actualidad\\\/sant-jordi-2017\\\/#breadcrumb\",\"itemListElement\":[{\"@type\":\"ListItem\",\"position\":1,\"name\":\"Inici\",\"item\":\"https:\\\/\\\/www.casaldelsinfants.org\\\/es\\\/\"},{\"@type\":\"ListItem\",\"position\":2,\"name\":\"Sant Jordi 2017\"}]},{\"@type\":\"WebSite\",\"@id\":\"https:\\\/\\\/www.casaldelsinfants.org\\\/es\\\/#website\",\"url\":\"https:\\\/\\\/www.casaldelsinfants.org\\\/es\\\/\",\"name\":\"Casal dels Infants\",\"description\":\"\",\"publisher\":{\"@id\":\"https:\\\/\\\/www.casaldelsinfants.org\\\/es\\\/#organization\"},\"potentialAction\":[{\"@type\":\"SearchAction\",\"target\":{\"@type\":\"EntryPoint\",\"urlTemplate\":\"https:\\\/\\\/www.casaldelsinfants.org\\\/es\\\/?s={search_term_string}\"},\"query-input\":{\"@type\":\"PropertyValueSpecification\",\"valueRequired\":true,\"valueName\":\"search_term_string\"}}],\"inLanguage\":\"es\"},{\"@type\":\"Organization\",\"@id\":\"https:\\\/\\\/www.casaldelsinfants.org\\\/es\\\/#organization\",\"name\":\"Casal dels Infants\",\"url\":\"https:\\\/\\\/www.casaldelsinfants.org\\\/es\\\/\",\"logo\":{\"@type\":\"ImageObject\",\"inLanguage\":\"es\",\"@id\":\"https:\\\/\\\/www.casaldelsinfants.org\\\/es\\\/#\\\/schema\\\/logo\\\/image\\\/\",\"url\":\"https:\\\/\\\/www.casaldelsinfants.org\\\/wp-content\\\/uploads\\\/logo-mail.png\",\"contentUrl\":\"https:\\\/\\\/www.casaldelsinfants.org\\\/wp-content\\\/uploads\\\/logo-mail.png\",\"width\":380,\"height\":158,\"caption\":\"Casal dels Infants\"},\"image\":{\"@id\":\"https:\\\/\\\/www.casaldelsinfants.org\\\/es\\\/#\\\/schema\\\/logo\\\/image\\\/\"},\"sameAs\":[\"https:\\\/\\\/www.facebook.com\\\/casalinfants\",\"https:\\\/\\\/x.com\\\/casalinfants\",\"https:\\\/\\\/www.youtube.com\\\/user\\\/CasaldelsInfants1\",\"https:\\\/\\\/www.instagram.com\\\/casalinfants\\\/\",\"https:\\\/\\\/www.linkedin.com\\\/company\\\/casaldelsinfants?trk=organization-update_share-update_actor-text\"]},{\"@type\":\"Person\",\"@id\":\"https:\\\/\\\/www.casaldelsinfants.org\\\/es\\\/#\\\/schema\\\/person\\\/97707fc8c64900cf36891127dbf9fba8\",\"name\":\"cdiAdmin\",\"sameAs\":[\"https:\\\/\\\/casaldelsinfants.org\"]}]}<\/script>\n<!-- \/ Yoast SEO plugin. -->","yoast_head_json":{"title":"Sant Jordi 2017 - Casal dels Infants","robots":{"index":"index","follow":"follow","max-snippet":"max-snippet:-1","max-image-preview":"max-image-preview:large","max-video-preview":"max-video-preview:-1"},"canonical":"https:\/\/www.casaldelsinfants.org\/es\/actualidad\/sant-jordi-2017\/","og_locale":"es_ES","og_type":"article","og_title":"Sant Jordi 2017 - Casal dels Infants","og_description":"\u00a0 Per Sant Jordi llibres i roses en s\u00f3n els protagonistes,i el Casal, com cada any, es suma a la diada. Vine a compartir-la amb nosaltres! Ens trobar\u00e0s a les diferents paradetes a: Barcelona (Rambla del Raval) de 9 a 13:30h Santa Coloma (Pla\u00e7a de la Vila) Salt (Passeig de Ciutat de Girona) \u00a0 Recordeu [&hellip;]","og_url":"https:\/\/www.casaldelsinfants.org\/es\/actualidad\/sant-jordi-2017\/","og_site_name":"Casal dels Infants","article_publisher":"https:\/\/www.facebook.com\/casalinfants","article_published_time":"2017-04-20T12:26:00+00:00","article_modified_time":"2023-05-01T17:12:30+00:00","og_image":[{"width":638,"height":898,"url":"https:\/\/www.casaldelsinfants.org\/wp-content\/uploads\/LLIBRETAPA_0_0.jpg","type":"image\/jpeg"}],"author":"cdiAdmin","twitter_card":"summary_large_image","twitter_creator":"@casalinfants","twitter_site":"@casalinfants","twitter_misc":{"Escrito por":"cdiAdmin","Tiempo de lectura":"3 minutos"},"schema":{"@context":"https:\/\/schema.org","@graph":[{"@type":"Article","@id":"https:\/\/www.casaldelsinfants.org\/es\/actualidad\/sant-jordi-2017\/#article","isPartOf":{"@id":"https:\/\/www.casaldelsinfants.org\/es\/actualidad\/sant-jordi-2017\/"},"author":{"name":"cdiAdmin","@id":"https:\/\/www.casaldelsinfants.org\/es\/#\/schema\/person\/97707fc8c64900cf36891127dbf9fba8"},"headline":"Sant Jordi 2017","datePublished":"2017-04-20T12:26:00+00:00","dateModified":"2023-05-01T17:12:30+00:00","mainEntityOfPage":{"@id":"https:\/\/www.casaldelsinfants.org\/es\/actualidad\/sant-jordi-2017\/"},"wordCount":592,"commentCount":0,"publisher":{"@id":"https:\/\/www.casaldelsinfants.org\/es\/#organization"},"image":{"@id":"https:\/\/www.casaldelsinfants.org\/es\/actualidad\/sant-jordi-2017\/#primaryimage"},"thumbnailUrl":"https:\/\/www.casaldelsinfants.org\/wp-content\/uploads\/LLIBRETAPA_0_0.jpg","articleSection":["Noticia"],"inLanguage":"es","potentialAction":[{"@type":"CommentAction","name":"Comment","target":["https:\/\/www.casaldelsinfants.org\/es\/actualidad\/sant-jordi-2017\/#respond"]}]},{"@type":"WebPage","@id":"https:\/\/www.casaldelsinfants.org\/es\/actualidad\/sant-jordi-2017\/","url":"https:\/\/www.casaldelsinfants.org\/es\/actualidad\/sant-jordi-2017\/","name":"Sant Jordi 2017 - Casal dels Infants","isPartOf":{"@id":"https:\/\/www.casaldelsinfants.org\/es\/#website"},"primaryImageOfPage":{"@id":"https:\/\/www.casaldelsinfants.org\/es\/actualidad\/sant-jordi-2017\/#primaryimage"},"image":{"@id":"https:\/\/www.casaldelsinfants.org\/es\/actualidad\/sant-jordi-2017\/#primaryimage"},"thumbnailUrl":"https:\/\/www.casaldelsinfants.org\/wp-content\/uploads\/LLIBRETAPA_0_0.jpg","datePublished":"2017-04-20T12:26:00+00:00","dateModified":"2023-05-01T17:12:30+00:00","breadcrumb":{"@id":"https:\/\/www.casaldelsinfants.org\/es\/actualidad\/sant-jordi-2017\/#breadcrumb"},"inLanguage":"es","potentialAction":[{"@type":"ReadAction","target":["https:\/\/www.casaldelsinfants.org\/es\/actualidad\/sant-jordi-2017\/"]}]},{"@type":"ImageObject","inLanguage":"es","@id":"https:\/\/www.casaldelsinfants.org\/es\/actualidad\/sant-jordi-2017\/#primaryimage","url":"https:\/\/www.casaldelsinfants.org\/wp-content\/uploads\/LLIBRETAPA_0_0.jpg","contentUrl":"https:\/\/www.casaldelsinfants.org\/wp-content\/uploads\/LLIBRETAPA_0_0.jpg","width":638,"height":898,"caption":"El llibre de la tapa solid\u00e0ria."},{"@type":"BreadcrumbList","@id":"https:\/\/www.casaldelsinfants.org\/es\/actualidad\/sant-jordi-2017\/#breadcrumb","itemListElement":[{"@type":"ListItem","position":1,"name":"Inici","item":"https:\/\/www.casaldelsinfants.org\/es\/"},{"@type":"ListItem","position":2,"name":"Sant Jordi 2017"}]},{"@type":"WebSite","@id":"https:\/\/www.casaldelsinfants.org\/es\/#website","url":"https:\/\/www.casaldelsinfants.org\/es\/","name":"Casal dels Infants","description":"","publisher":{"@id":"https:\/\/www.casaldelsinfants.org\/es\/#organization"},"potentialAction":[{"@type":"SearchAction","target":{"@type":"EntryPoint","urlTemplate":"https:\/\/www.casaldelsinfants.org\/es\/?s={search_term_string}"},"query-input":{"@type":"PropertyValueSpecification","valueRequired":true,"valueName":"search_term_string"}}],"inLanguage":"es"},{"@type":"Organization","@id":"https:\/\/www.casaldelsinfants.org\/es\/#organization","name":"Casal dels Infants","url":"https:\/\/www.casaldelsinfants.org\/es\/","logo":{"@type":"ImageObject","inLanguage":"es","@id":"https:\/\/www.casaldelsinfants.org\/es\/#\/schema\/logo\/image\/","url":"https:\/\/www.casaldelsinfants.org\/wp-content\/uploads\/logo-mail.png","contentUrl":"https:\/\/www.casaldelsinfants.org\/wp-content\/uploads\/logo-mail.png","width":380,"height":158,"caption":"Casal dels Infants"},"image":{"@id":"https:\/\/www.casaldelsinfants.org\/es\/#\/schema\/logo\/image\/"},"sameAs":["https:\/\/www.facebook.com\/casalinfants","https:\/\/x.com\/casalinfants","https:\/\/www.youtube.com\/user\/CasaldelsInfants1","https:\/\/www.instagram.com\/casalinfants\/","https:\/\/www.linkedin.com\/company\/casaldelsinfants?trk=organization-update_share-update_actor-text"]},{"@type":"Person","@id":"https:\/\/www.casaldelsinfants.org\/es\/#\/schema\/person\/97707fc8c64900cf36891127dbf9fba8","name":"cdiAdmin","sameAs":["https:\/\/casaldelsinfants.org"]}]}},"publishpress_future_action":{"enabled":false,"date":"2026-05-07 00:51:07","action":"change-status","newStatus":"draft","terms":[],"taxonomy":"category","extraData":[]},"publishpress_future_workflow_manual_trigger":{"enabledWorkflows":[]},"_links":{"self":[{"href":"https:\/\/www.casaldelsinfants.org\/es\/wp-json\/wp\/v2\/posts\/4584","targetHints":{"allow":["GET"]}}],"collection":[{"href":"https:\/\/www.casaldelsinfants.org\/es\/wp-json\/wp\/v2\/posts"}],"about":[{"href":"https:\/\/www.casaldelsinfants.org\/es\/wp-json\/wp\/v2\/types\/post"}],"author":[{"embeddable":true,"href":"https:\/\/www.casaldelsinfants.org\/es\/wp-json\/wp\/v2\/users\/1"}],"replies":[{"embeddable":true,"href":"https:\/\/www.casaldelsinfants.org\/es\/wp-json\/wp\/v2\/comments?post=4584"}],"version-history":[{"count":1,"href":"https:\/\/www.casaldelsinfants.org\/es\/wp-json\/wp\/v2\/posts\/4584\/revisions"}],"predecessor-version":[{"id":9944,"href":"https:\/\/www.casaldelsinfants.org\/es\/wp-json\/wp\/v2\/posts\/4584\/revisions\/9944"}],"wp:featuredmedia":[{"embeddable":true,"href":"https:\/\/www.casaldelsinfants.org\/es\/wp-json\/wp\/v2\/media\/3714"}],"wp:attachment":[{"href":"https:\/\/www.casaldelsinfants.org\/es\/wp-json\/wp\/v2\/media?parent=4584"}],"wp:term":[{"taxonomy":"category","embeddable":true,"href":"https:\/\/www.casaldelsinfants.org\/es\/wp-json\/wp\/v2\/categories?post=4584"},{"taxonomy":"post_tag","embeddable":true,"href":"https:\/\/www.casaldelsinfants.org\/es\/wp-json\/wp\/v2\/tags?post=4584"},{"taxonomy":"seus","embeddable":true,"href":"https:\/\/www.casaldelsinfants.org\/es\/wp-json\/wp\/v2\/seus?post=4584"},{"taxonomy":"eixos","embeddable":true,"href":"https:\/\/www.casaldelsinfants.org\/es\/wp-json\/wp\/v2\/eixos?post=4584"}],"curies":[{"name":"wp","href":"https:\/\/api.w.org\/{rel}","templated":true}]}}