{"id":4585,"date":"2017-03-30T12:33:00","date_gmt":"2017-03-30T10:33:00","guid":{"rendered":"https:\/\/casal.puntzero.cat\/noticies\/un-espai-escoltar-les-families-amb-mes-dificultats\/"},"modified":"2023-05-01T19:12:38","modified_gmt":"2023-05-01T17:12:38","slug":"un-espai-escoltar-les-families-amb-mes-dificultats","status":"publish","type":"post","link":"https:\/\/www.casaldelsinfants.org\/es\/actualidad\/un-espacio-para-escuchar-las-familias-con-mas-dificultades\/","title":{"rendered":"Un espacio para escuchar a las familias con m\u00e1s dificultades"},"content":{"rendered":"<h4><img decoding=\"async\" src=\"\/wp-content\/uploads\/IMG_7127_0_0.jpg\" border=\"0\" alt=\"\" width=\"791\" height=\"527\" style=\"display: block; margin-left: auto; margin-right: auto;\" \/><\/h4>\n<p>\u00a0<\/p>\n<h4 style=\"text-align: justify;\">El servicio de atenci\u00f3n psicoterap\u00e9utica del Casal y CaixaProinf\u00e0ncia acompa\u00f1a cada a\u00f1o m\u00e1s de 50 familias con dificultades que ganan confianza para salir adelante.<\/h4>\n<p style=\"text-align: justify;\">Cuando hablamos de familias, de ni\u00f1os vulnerables&#8230;\u00bfde qu\u00e9 hablamos exactamente? Daniela Parodi, psic\u00f3loga del servicio de atenci\u00f3n psicoterap\u00e9utica del programa CaixaProinf\u00e0ncia del Casal, lo resume en una frase <strong>\u201ccuando sufrimos una situaci\u00f3n complicada primero necesitamos que nos escuchen, que alguien nos d\u00e9 confianza para retomar el camino\u201d,<\/strong> explica, <strong>\u201cla vulnerabilidad es sentirse desamparado, perdido, sin referencias para continuar\u201d<\/strong> .<\/p>\n<p style=\"text-align: justify;\">Tener que cambiar de casa o ciudad, perder alg\u00fan familiar, sufrir problemas econ\u00f3micos o no tener red de apoyo de amigos y familia es la realidad de muchas familias de los barrios donde el Casal dels Infants act\u00faa <strong>\u201ctenemos que ser conscientes que la pobreza y las desigualdades se concentran en zonas muy concretas y que son las familias que viven las que sufren las consecuencias\u201d<\/strong>, explica la directora general de la entidad, Rosa Balaguer, <strong>\u201ctener una referencia, un espacio donde dirigirse y encontrarse c\u00f3modas es el primer paso para salir adelante\u201d. <\/strong><\/p>\n<p style=\"text-align: justify;\">M\u00e1s de 50 familias de Badalona, Santa Coloma de Gramenet, Barcelona y Sant Adri\u00e0 de Bes\u00f2s reciben acompa\u00f1amiento en el servicio de atenci\u00f3n psicoterap\u00e9utica del Casal y Caixa Proinf\u00e0ncia a final del a\u00f1o. <strong>\u201cLos educadores detectan los casos con m\u00e1s necesidades y se coordinan con nosotros\u201d<\/strong> ,explica Daniela, una de las profesionales del servicio, <strong>\u201chacemos atenci\u00f3n personalizada al ni\u00f1o o ni\u00f1a, conjuntamente con la familia o en sesiones de grupo de varias familias.<\/strong> <strong>Es muy enriquecedor ver como poco a poco ganan confianza y autonom\u00eda\u201d. <\/strong><\/p>\n<p style=\"text-align: justify;\">En la mayor parte de los casos no se trata de trastornos psicol\u00f3gicos importantes, sino m\u00e1s bien de angustia, rabia o tristeza: <strong>\u201cal cabo de varias sesiones, de algunas pautas y, sobre todo, partiendo del compromiso de las familias en su propia mejora, la mayor parte de ellas consigue salir adelante con fuerzas renovadas\u201d<\/strong>,detalla la psic\u00f3loga. As\u00ed lo corrobora tambi\u00e9n Evelyn, una madre de familia de Llefi\u00e0 (Badalona) que, al acabar las sesiones, agradeci\u00f3 el acompa\u00f1amiento <strong>recibido \u201csi hubiera descubierto antes el Casal nos habr\u00edamos ahorrado muchas l\u00e1grimas en casa\u201d.<\/strong><\/p>\n","protected":false},"excerpt":{"rendered":"<p>\u00a0 El servicio de atenci\u00f3n psicoterap\u00e9utica del Casal y CaixaProinf\u00e0ncia acompa\u00f1a cada a\u00f1o m\u00e1s de 50 familias con dificultades que ganan confianza para salir adelante. Cuando hablamos de familias, de ni\u00f1os vulnerables&#8230;\u00bfde qu\u00e9 hablamos exactamente? Daniela Parodi, psic\u00f3loga del servicio de atenci\u00f3n psicoterap\u00e9utica del programa CaixaProinf\u00e0ncia del Casal, lo resume en una frase \u201ccuando sufrimos [&hellip;]<\/p>\n","protected":false},"author":1,"featured_media":3717,"comment_status":"open","ping_status":"open","sticky":false,"template":"","format":"standard","meta":{"_acf_changed":false,"_et_pb_use_builder":"","_et_pb_old_content":"","_et_gb_content_width":"","inline_featured_image":false,"footnotes":""},"categories":[125],"tags":[],"seus":[],"eixos":[],"class_list":["post-4585","post","type-post","status-publish","format-standard","has-post-thumbnail","hentry","category-noticias"],"acf":[],"yoast_head":"<!-- This site is optimized with the Yoast SEO plugin v27.4 - https:\/\/yoast.com\/product\/yoast-seo-wordpress\/ -->\n<title>Un espacio para escuchar a las familias con m\u00e1s dificultades - Casal dels Infants<\/title>\n<meta name=\"robots\" content=\"index, follow, max-snippet:-1, max-image-preview:large, max-video-preview:-1\" \/>\n<link rel=\"canonical\" href=\"https:\/\/www.casaldelsinfants.org\/es\/actualidad\/un-espacio-para-escuchar-las-familias-con-mas-dificultades\/\" \/>\n<meta property=\"og:locale\" content=\"es_ES\" \/>\n<meta property=\"og:type\" content=\"article\" \/>\n<meta property=\"og:title\" content=\"Un espacio para escuchar a las familias con m\u00e1s dificultades - Casal dels Infants\" \/>\n<meta property=\"og:description\" content=\"\u00a0 El servicio de atenci\u00f3n psicoterap\u00e9utica del Casal y CaixaProinf\u00e0ncia acompa\u00f1a cada a\u00f1o m\u00e1s de 50 familias con dificultades que ganan confianza para salir adelante. Cuando hablamos de familias, de ni\u00f1os vulnerables&#8230;\u00bfde qu\u00e9 hablamos exactamente? Daniela Parodi, psic\u00f3loga del servicio de atenci\u00f3n psicoterap\u00e9utica del programa CaixaProinf\u00e0ncia del Casal, lo resume en una frase \u201ccuando sufrimos [&hellip;]\" \/>\n<meta property=\"og:url\" content=\"https:\/\/www.casaldelsinfants.org\/es\/actualidad\/un-espacio-para-escuchar-las-familias-con-mas-dificultades\/\" \/>\n<meta property=\"og:site_name\" content=\"Casal dels Infants\" \/>\n<meta property=\"article:publisher\" content=\"https:\/\/www.facebook.com\/casalinfants\" \/>\n<meta property=\"article:published_time\" content=\"2017-03-30T10:33:00+00:00\" \/>\n<meta property=\"article:modified_time\" content=\"2023-05-01T17:12:38+00:00\" \/>\n<meta property=\"og:image\" content=\"https:\/\/www.casaldelsinfants.org\/wp-content\/uploads\/IMG_7127_0_0-scaled.jpg\" \/>\n\t<meta property=\"og:image:width\" content=\"2560\" \/>\n\t<meta property=\"og:image:height\" content=\"1707\" \/>\n\t<meta property=\"og:image:type\" content=\"image\/jpeg\" \/>\n<meta name=\"author\" content=\"cdiAdmin\" \/>\n<meta name=\"twitter:card\" content=\"summary_large_image\" \/>\n<meta name=\"twitter:creator\" content=\"@casalinfants\" \/>\n<meta name=\"twitter:site\" content=\"@casalinfants\" \/>\n<meta name=\"twitter:label1\" content=\"Escrito por\" \/>\n\t<meta name=\"twitter:data1\" content=\"cdiAdmin\" \/>\n\t<meta name=\"twitter:label2\" content=\"Tiempo de lectura\" \/>\n\t<meta name=\"twitter:data2\" content=\"2 minutos\" \/>\n<script type=\"application\/ld+json\" class=\"yoast-schema-graph\">{\"@context\":\"https:\\\/\\\/schema.org\",\"@graph\":[{\"@type\":\"Article\",\"@id\":\"https:\\\/\\\/www.casaldelsinfants.org\\\/es\\\/actualidad\\\/un-espacio-para-escuchar-las-familias-con-mas-dificultades\\\/#article\",\"isPartOf\":{\"@id\":\"https:\\\/\\\/www.casaldelsinfants.org\\\/es\\\/actualidad\\\/un-espacio-para-escuchar-las-familias-con-mas-dificultades\\\/\"},\"author\":{\"name\":\"cdiAdmin\",\"@id\":\"https:\\\/\\\/www.casaldelsinfants.org\\\/es\\\/#\\\/schema\\\/person\\\/97707fc8c64900cf36891127dbf9fba8\"},\"headline\":\"Un espacio para escuchar a las familias con m\u00e1s dificultades\",\"datePublished\":\"2017-03-30T10:33:00+00:00\",\"dateModified\":\"2023-05-01T17:12:38+00:00\",\"mainEntityOfPage\":{\"@id\":\"https:\\\/\\\/www.casaldelsinfants.org\\\/es\\\/actualidad\\\/un-espacio-para-escuchar-las-familias-con-mas-dificultades\\\/\"},\"wordCount\":395,\"commentCount\":0,\"publisher\":{\"@id\":\"https:\\\/\\\/www.casaldelsinfants.org\\\/es\\\/#organization\"},\"image\":{\"@id\":\"https:\\\/\\\/www.casaldelsinfants.org\\\/es\\\/actualidad\\\/un-espacio-para-escuchar-las-familias-con-mas-dificultades\\\/#primaryimage\"},\"thumbnailUrl\":\"https:\\\/\\\/www.casaldelsinfants.org\\\/wp-content\\\/uploads\\\/IMG_7127_0_0-scaled.jpg\",\"articleSection\":[\"Noticia\"],\"inLanguage\":\"es\",\"potentialAction\":[{\"@type\":\"CommentAction\",\"name\":\"Comment\",\"target\":[\"https:\\\/\\\/www.casaldelsinfants.org\\\/es\\\/actualidad\\\/un-espacio-para-escuchar-las-familias-con-mas-dificultades\\\/#respond\"]}]},{\"@type\":\"WebPage\",\"@id\":\"https:\\\/\\\/www.casaldelsinfants.org\\\/es\\\/actualidad\\\/un-espacio-para-escuchar-las-familias-con-mas-dificultades\\\/\",\"url\":\"https:\\\/\\\/www.casaldelsinfants.org\\\/es\\\/actualidad\\\/un-espacio-para-escuchar-las-familias-con-mas-dificultades\\\/\",\"name\":\"Un espacio para escuchar a las familias con m\u00e1s dificultades - Casal dels Infants\",\"isPartOf\":{\"@id\":\"https:\\\/\\\/www.casaldelsinfants.org\\\/es\\\/#website\"},\"primaryImageOfPage\":{\"@id\":\"https:\\\/\\\/www.casaldelsinfants.org\\\/es\\\/actualidad\\\/un-espacio-para-escuchar-las-familias-con-mas-dificultades\\\/#primaryimage\"},\"image\":{\"@id\":\"https:\\\/\\\/www.casaldelsinfants.org\\\/es\\\/actualidad\\\/un-espacio-para-escuchar-las-familias-con-mas-dificultades\\\/#primaryimage\"},\"thumbnailUrl\":\"https:\\\/\\\/www.casaldelsinfants.org\\\/wp-content\\\/uploads\\\/IMG_7127_0_0-scaled.jpg\",\"datePublished\":\"2017-03-30T10:33:00+00:00\",\"dateModified\":\"2023-05-01T17:12:38+00:00\",\"breadcrumb\":{\"@id\":\"https:\\\/\\\/www.casaldelsinfants.org\\\/es\\\/actualidad\\\/un-espacio-para-escuchar-las-familias-con-mas-dificultades\\\/#breadcrumb\"},\"inLanguage\":\"es\",\"potentialAction\":[{\"@type\":\"ReadAction\",\"target\":[\"https:\\\/\\\/www.casaldelsinfants.org\\\/es\\\/actualidad\\\/un-espacio-para-escuchar-las-familias-con-mas-dificultades\\\/\"]}]},{\"@type\":\"ImageObject\",\"inLanguage\":\"es\",\"@id\":\"https:\\\/\\\/www.casaldelsinfants.org\\\/es\\\/actualidad\\\/un-espacio-para-escuchar-las-familias-con-mas-dificultades\\\/#primaryimage\",\"url\":\"https:\\\/\\\/www.casaldelsinfants.org\\\/wp-content\\\/uploads\\\/IMG_7127_0_0-scaled.jpg\",\"contentUrl\":\"https:\\\/\\\/www.casaldelsinfants.org\\\/wp-content\\\/uploads\\\/IMG_7127_0_0-scaled.jpg\",\"width\":2560,\"height\":1707,\"caption\":\"Una noia parlant amb una dona a una taula en un espai del Casal dels Infants.\"},{\"@type\":\"BreadcrumbList\",\"@id\":\"https:\\\/\\\/www.casaldelsinfants.org\\\/es\\\/actualidad\\\/un-espacio-para-escuchar-las-familias-con-mas-dificultades\\\/#breadcrumb\",\"itemListElement\":[{\"@type\":\"ListItem\",\"position\":1,\"name\":\"Inici\",\"item\":\"https:\\\/\\\/www.casaldelsinfants.org\\\/es\\\/\"},{\"@type\":\"ListItem\",\"position\":2,\"name\":\"Un espacio para escuchar a las familias con m\u00e1s dificultades\"}]},{\"@type\":\"WebSite\",\"@id\":\"https:\\\/\\\/www.casaldelsinfants.org\\\/es\\\/#website\",\"url\":\"https:\\\/\\\/www.casaldelsinfants.org\\\/es\\\/\",\"name\":\"Casal dels Infants\",\"description\":\"\",\"publisher\":{\"@id\":\"https:\\\/\\\/www.casaldelsinfants.org\\\/es\\\/#organization\"},\"potentialAction\":[{\"@type\":\"SearchAction\",\"target\":{\"@type\":\"EntryPoint\",\"urlTemplate\":\"https:\\\/\\\/www.casaldelsinfants.org\\\/es\\\/?s={search_term_string}\"},\"query-input\":{\"@type\":\"PropertyValueSpecification\",\"valueRequired\":true,\"valueName\":\"search_term_string\"}}],\"inLanguage\":\"es\"},{\"@type\":\"Organization\",\"@id\":\"https:\\\/\\\/www.casaldelsinfants.org\\\/es\\\/#organization\",\"name\":\"Casal dels Infants\",\"url\":\"https:\\\/\\\/www.casaldelsinfants.org\\\/es\\\/\",\"logo\":{\"@type\":\"ImageObject\",\"inLanguage\":\"es\",\"@id\":\"https:\\\/\\\/www.casaldelsinfants.org\\\/es\\\/#\\\/schema\\\/logo\\\/image\\\/\",\"url\":\"https:\\\/\\\/www.casaldelsinfants.org\\\/wp-content\\\/uploads\\\/logo-mail.png\",\"contentUrl\":\"https:\\\/\\\/www.casaldelsinfants.org\\\/wp-content\\\/uploads\\\/logo-mail.png\",\"width\":380,\"height\":158,\"caption\":\"Casal dels Infants\"},\"image\":{\"@id\":\"https:\\\/\\\/www.casaldelsinfants.org\\\/es\\\/#\\\/schema\\\/logo\\\/image\\\/\"},\"sameAs\":[\"https:\\\/\\\/www.facebook.com\\\/casalinfants\",\"https:\\\/\\\/x.com\\\/casalinfants\",\"https:\\\/\\\/www.youtube.com\\\/user\\\/CasaldelsInfants1\",\"https:\\\/\\\/www.instagram.com\\\/casalinfants\\\/\",\"https:\\\/\\\/www.linkedin.com\\\/company\\\/casaldelsinfants?trk=organization-update_share-update_actor-text\"]},{\"@type\":\"Person\",\"@id\":\"https:\\\/\\\/www.casaldelsinfants.org\\\/es\\\/#\\\/schema\\\/person\\\/97707fc8c64900cf36891127dbf9fba8\",\"name\":\"cdiAdmin\",\"sameAs\":[\"https:\\\/\\\/casaldelsinfants.org\"]}]}<\/script>\n<!-- \/ Yoast SEO plugin. -->","yoast_head_json":{"title":"Un espacio para escuchar a las familias con m\u00e1s dificultades - Casal dels Infants","robots":{"index":"index","follow":"follow","max-snippet":"max-snippet:-1","max-image-preview":"max-image-preview:large","max-video-preview":"max-video-preview:-1"},"canonical":"https:\/\/www.casaldelsinfants.org\/es\/actualidad\/un-espacio-para-escuchar-las-familias-con-mas-dificultades\/","og_locale":"es_ES","og_type":"article","og_title":"Un espacio para escuchar a las familias con m\u00e1s dificultades - Casal dels Infants","og_description":"\u00a0 El servicio de atenci\u00f3n psicoterap\u00e9utica del Casal y CaixaProinf\u00e0ncia acompa\u00f1a cada a\u00f1o m\u00e1s de 50 familias con dificultades que ganan confianza para salir adelante. Cuando hablamos de familias, de ni\u00f1os vulnerables&#8230;\u00bfde qu\u00e9 hablamos exactamente? Daniela Parodi, psic\u00f3loga del servicio de atenci\u00f3n psicoterap\u00e9utica del programa CaixaProinf\u00e0ncia del Casal, lo resume en una frase \u201ccuando sufrimos [&hellip;]","og_url":"https:\/\/www.casaldelsinfants.org\/es\/actualidad\/un-espacio-para-escuchar-las-familias-con-mas-dificultades\/","og_site_name":"Casal dels Infants","article_publisher":"https:\/\/www.facebook.com\/casalinfants","article_published_time":"2017-03-30T10:33:00+00:00","article_modified_time":"2023-05-01T17:12:38+00:00","og_image":[{"width":2560,"height":1707,"url":"https:\/\/www.casaldelsinfants.org\/wp-content\/uploads\/IMG_7127_0_0-scaled.jpg","type":"image\/jpeg"}],"author":"cdiAdmin","twitter_card":"summary_large_image","twitter_creator":"@casalinfants","twitter_site":"@casalinfants","twitter_misc":{"Escrito por":"cdiAdmin","Tiempo de lectura":"2 minutos"},"schema":{"@context":"https:\/\/schema.org","@graph":[{"@type":"Article","@id":"https:\/\/www.casaldelsinfants.org\/es\/actualidad\/un-espacio-para-escuchar-las-familias-con-mas-dificultades\/#article","isPartOf":{"@id":"https:\/\/www.casaldelsinfants.org\/es\/actualidad\/un-espacio-para-escuchar-las-familias-con-mas-dificultades\/"},"author":{"name":"cdiAdmin","@id":"https:\/\/www.casaldelsinfants.org\/es\/#\/schema\/person\/97707fc8c64900cf36891127dbf9fba8"},"headline":"Un espacio para escuchar a las familias con m\u00e1s dificultades","datePublished":"2017-03-30T10:33:00+00:00","dateModified":"2023-05-01T17:12:38+00:00","mainEntityOfPage":{"@id":"https:\/\/www.casaldelsinfants.org\/es\/actualidad\/un-espacio-para-escuchar-las-familias-con-mas-dificultades\/"},"wordCount":395,"commentCount":0,"publisher":{"@id":"https:\/\/www.casaldelsinfants.org\/es\/#organization"},"image":{"@id":"https:\/\/www.casaldelsinfants.org\/es\/actualidad\/un-espacio-para-escuchar-las-familias-con-mas-dificultades\/#primaryimage"},"thumbnailUrl":"https:\/\/www.casaldelsinfants.org\/wp-content\/uploads\/IMG_7127_0_0-scaled.jpg","articleSection":["Noticia"],"inLanguage":"es","potentialAction":[{"@type":"CommentAction","name":"Comment","target":["https:\/\/www.casaldelsinfants.org\/es\/actualidad\/un-espacio-para-escuchar-las-familias-con-mas-dificultades\/#respond"]}]},{"@type":"WebPage","@id":"https:\/\/www.casaldelsinfants.org\/es\/actualidad\/un-espacio-para-escuchar-las-familias-con-mas-dificultades\/","url":"https:\/\/www.casaldelsinfants.org\/es\/actualidad\/un-espacio-para-escuchar-las-familias-con-mas-dificultades\/","name":"Un espacio para escuchar a las familias con m\u00e1s dificultades - Casal dels Infants","isPartOf":{"@id":"https:\/\/www.casaldelsinfants.org\/es\/#website"},"primaryImageOfPage":{"@id":"https:\/\/www.casaldelsinfants.org\/es\/actualidad\/un-espacio-para-escuchar-las-familias-con-mas-dificultades\/#primaryimage"},"image":{"@id":"https:\/\/www.casaldelsinfants.org\/es\/actualidad\/un-espacio-para-escuchar-las-familias-con-mas-dificultades\/#primaryimage"},"thumbnailUrl":"https:\/\/www.casaldelsinfants.org\/wp-content\/uploads\/IMG_7127_0_0-scaled.jpg","datePublished":"2017-03-30T10:33:00+00:00","dateModified":"2023-05-01T17:12:38+00:00","breadcrumb":{"@id":"https:\/\/www.casaldelsinfants.org\/es\/actualidad\/un-espacio-para-escuchar-las-familias-con-mas-dificultades\/#breadcrumb"},"inLanguage":"es","potentialAction":[{"@type":"ReadAction","target":["https:\/\/www.casaldelsinfants.org\/es\/actualidad\/un-espacio-para-escuchar-las-familias-con-mas-dificultades\/"]}]},{"@type":"ImageObject","inLanguage":"es","@id":"https:\/\/www.casaldelsinfants.org\/es\/actualidad\/un-espacio-para-escuchar-las-familias-con-mas-dificultades\/#primaryimage","url":"https:\/\/www.casaldelsinfants.org\/wp-content\/uploads\/IMG_7127_0_0-scaled.jpg","contentUrl":"https:\/\/www.casaldelsinfants.org\/wp-content\/uploads\/IMG_7127_0_0-scaled.jpg","width":2560,"height":1707,"caption":"Una noia parlant amb una dona a una taula en un espai del Casal dels Infants."},{"@type":"BreadcrumbList","@id":"https:\/\/www.casaldelsinfants.org\/es\/actualidad\/un-espacio-para-escuchar-las-familias-con-mas-dificultades\/#breadcrumb","itemListElement":[{"@type":"ListItem","position":1,"name":"Inici","item":"https:\/\/www.casaldelsinfants.org\/es\/"},{"@type":"ListItem","position":2,"name":"Un espacio para escuchar a las familias con m\u00e1s dificultades"}]},{"@type":"WebSite","@id":"https:\/\/www.casaldelsinfants.org\/es\/#website","url":"https:\/\/www.casaldelsinfants.org\/es\/","name":"Casal dels Infants","description":"","publisher":{"@id":"https:\/\/www.casaldelsinfants.org\/es\/#organization"},"potentialAction":[{"@type":"SearchAction","target":{"@type":"EntryPoint","urlTemplate":"https:\/\/www.casaldelsinfants.org\/es\/?s={search_term_string}"},"query-input":{"@type":"PropertyValueSpecification","valueRequired":true,"valueName":"search_term_string"}}],"inLanguage":"es"},{"@type":"Organization","@id":"https:\/\/www.casaldelsinfants.org\/es\/#organization","name":"Casal dels Infants","url":"https:\/\/www.casaldelsinfants.org\/es\/","logo":{"@type":"ImageObject","inLanguage":"es","@id":"https:\/\/www.casaldelsinfants.org\/es\/#\/schema\/logo\/image\/","url":"https:\/\/www.casaldelsinfants.org\/wp-content\/uploads\/logo-mail.png","contentUrl":"https:\/\/www.casaldelsinfants.org\/wp-content\/uploads\/logo-mail.png","width":380,"height":158,"caption":"Casal dels Infants"},"image":{"@id":"https:\/\/www.casaldelsinfants.org\/es\/#\/schema\/logo\/image\/"},"sameAs":["https:\/\/www.facebook.com\/casalinfants","https:\/\/x.com\/casalinfants","https:\/\/www.youtube.com\/user\/CasaldelsInfants1","https:\/\/www.instagram.com\/casalinfants\/","https:\/\/www.linkedin.com\/company\/casaldelsinfants?trk=organization-update_share-update_actor-text"]},{"@type":"Person","@id":"https:\/\/www.casaldelsinfants.org\/es\/#\/schema\/person\/97707fc8c64900cf36891127dbf9fba8","name":"cdiAdmin","sameAs":["https:\/\/casaldelsinfants.org"]}]}},"publishpress_future_action":{"enabled":false,"date":"2026-05-07 03:09:17","action":"change-status","newStatus":"draft","terms":[],"taxonomy":"category","extraData":[]},"publishpress_future_workflow_manual_trigger":{"enabledWorkflows":[]},"_links":{"self":[{"href":"https:\/\/www.casaldelsinfants.org\/es\/wp-json\/wp\/v2\/posts\/4585","targetHints":{"allow":["GET"]}}],"collection":[{"href":"https:\/\/www.casaldelsinfants.org\/es\/wp-json\/wp\/v2\/posts"}],"about":[{"href":"https:\/\/www.casaldelsinfants.org\/es\/wp-json\/wp\/v2\/types\/post"}],"author":[{"embeddable":true,"href":"https:\/\/www.casaldelsinfants.org\/es\/wp-json\/wp\/v2\/users\/1"}],"replies":[{"embeddable":true,"href":"https:\/\/www.casaldelsinfants.org\/es\/wp-json\/wp\/v2\/comments?post=4585"}],"version-history":[{"count":1,"href":"https:\/\/www.casaldelsinfants.org\/es\/wp-json\/wp\/v2\/posts\/4585\/revisions"}],"predecessor-version":[{"id":6486,"href":"https:\/\/www.casaldelsinfants.org\/es\/wp-json\/wp\/v2\/posts\/4585\/revisions\/6486"}],"wp:featuredmedia":[{"embeddable":true,"href":"https:\/\/www.casaldelsinfants.org\/es\/wp-json\/wp\/v2\/media\/3717"}],"wp:attachment":[{"href":"https:\/\/www.casaldelsinfants.org\/es\/wp-json\/wp\/v2\/media?parent=4585"}],"wp:term":[{"taxonomy":"category","embeddable":true,"href":"https:\/\/www.casaldelsinfants.org\/es\/wp-json\/wp\/v2\/categories?post=4585"},{"taxonomy":"post_tag","embeddable":true,"href":"https:\/\/www.casaldelsinfants.org\/es\/wp-json\/wp\/v2\/tags?post=4585"},{"taxonomy":"seus","embeddable":true,"href":"https:\/\/www.casaldelsinfants.org\/es\/wp-json\/wp\/v2\/seus?post=4585"},{"taxonomy":"eixos","embeddable":true,"href":"https:\/\/www.casaldelsinfants.org\/es\/wp-json\/wp\/v2\/eixos?post=4585"}],"curies":[{"name":"wp","href":"https:\/\/api.w.org\/{rel}","templated":true}]}}