{"id":4586,"date":"2017-03-29T12:50:52","date_gmt":"2017-03-29T10:50:52","guid":{"rendered":"https:\/\/casal.puntzero.cat\/noticies\/joves-del-casal-de-badalona-i-del-raval-aprendran-valors-traves-de-la-vela\/"},"modified":"2023-05-01T19:12:46","modified_gmt":"2023-05-01T17:12:46","slug":"joves-del-casal-de-badalona-i-del-raval-aprendran-valors-traves-de-la-vela","status":"publish","type":"post","link":"https:\/\/www.casaldelsinfants.org\/es\/actualidad\/jovenes-casal-badalona-raval-aprenderan-valores-vela\/","title":{"rendered":"J\u00f3venes del Casal de Badalona y del Raval aprender\u00e1n valores a trav\u00e9s de la vela"},"content":{"rendered":"<p><span style=\"color:#000000;\">El Museo Mar\u00edtimo de Barcelona presenta el proyecto Catalu\u00f1a al Trav\u00e9s 2017 en colaboraci\u00f3n con la Asociaci\u00f3n Bricbarca y la Asociaci\u00f3n Amics del quetx Ciutat de Badalona. Se trata de la segunda edici\u00f3n de un programa de actividades alrededor de la experiencia de la navegaci\u00f3n que se desarrolla en varios puertos de la costa catalana. Un grupo de una sexag\u00e9sima de grumetes, de entre 15 y 25 a\u00f1os, se embarcara en cuatro embarcaciones a vela tradicionales con las cuales viajar\u00e1n desde Palam\u00f3s, haciendo parada en Badalona y hasta Sant Carles de la R\u00e0pita. En cada una de las escaleras de la regata, se organizar\u00e1n actividades l\u00fadicas y deportivas abiertas al p\u00fablico familiar. Un proyecto basado en el aprendizaje mediante la navegaci\u00f3n a vela dirigido a j\u00f3venes, con o sin experiencia previa de navegaci\u00f3n, que potencia valores como el trabajo en equipo, la disciplina, el esfuerzo y la responsabilidad.<\/span><\/p>\n<p style=\"text-align: justify;\"><span style=\"color:#000000;\">La vida a bordo de los barcos, en la que tripulaciones y j\u00f3venes trabajan, comen, aprenden y comparten vivencias, acontece una herramienta educativa de primer orden y convierte a los actores que participan en una verdadera comunidad. En esta experiencia, los j\u00f3venes aprender\u00e1n la importancia de la vida en grupo y el respeto, a trabajar en equipo y a asumir responsabilidades, disfrutando del momento y de la natura. Un tipo de experiencia formativa que lleva a\u00f1os funcionando en otros pa\u00edses con resultados muy positivos.<\/span><\/p>\n<p style=\"text-align: justify;\"><span style=\"color:#000000;\">Los j\u00f3venes navegar\u00e1n a bordo de cuatro embarcaciones emblem\u00e1ticas: la goleta Far Barcelona, el quetx Ciutat Badalona, el cuter Raptus y el pailebot Santa Eul\u00e0lia, nave insignia del Museo Mar\u00edtimo de Barcelona.<\/span><\/p>\n<p style=\"text-align: justify;\"><span style=\"color:#000000;\">Las actividades organizadas alrededor de la primera edici\u00f3n de esta regata, celebrada en marzo de 2016, contaron con hasta 1.500 participantes repartidos entre Palam\u00f3s, Badalona y Sant Carles de la R\u00e0pita, donde hicieron escala las embarcaciones.<\/span><\/p>\n<p style=\"text-align: justify;\"><span style=\"color:#000000;\">Este acontecimiento n\u00e1utico \u00fanico en el litoral catal\u00e1n celebrar\u00e1 su segunda edici\u00f3n del 7 al 17 de abril de 2017. Catalu\u00f1a al Trav\u00e9s est\u00e1 organizada con la colaboraci\u00f3n de la Asociaci\u00f3n El Muelle de Arenys, el Museo de la pesca de Palam\u00f3s, el Museo de las Tierras del Ebro, Marina Badalona, el Ayuntamiento de Palam\u00f3s, el Ayuntamiento de Sant Carles de la R\u00e0pita y Puertos de la Generalitat de Catalu\u00f1a, entidades que participar\u00e1n en las actividades organizadas en las diferentes escaleras de la regata por la costa catalana.<\/span><\/p>\n<p style=\"text-align: justify;\">\u00a0<\/p>\n<p style=\"text-align: justify;\"><span style=\"color:#000000;\">Con el apoyo de:<\/span><\/p>\n<p style=\"text-align: justify;\"><img decoding=\"async\" alt=\"Logo del Departament de Cultura\" data-entity-type=\"file\" data-entity-uuid=\"d95d9091-001e-4089-a057-26c381c09fe8\" data-image-style=\"crop_thumbnail\" src=\"\/wp-content\/uploads\/inline-images\/2016_GENCAT_cultura_0.jpg?itok=CJaXMvTt\" width=\"400\" height=\"92\" typeof=\"foaf:Image\" \/><\/p>\n","protected":false},"excerpt":{"rendered":"<p>El Museo Mar\u00edtimo de Barcelona presenta el proyecto Catalu\u00f1a al Trav\u00e9s 2017 en colaboraci\u00f3n con la Asociaci\u00f3n Bricbarca y la Asociaci\u00f3n Amics del quetx Ciutat de Badalona. Se trata de la segunda edici\u00f3n de un programa de actividades alrededor de la experiencia de la navegaci\u00f3n que se desarrolla en varios puertos de la costa catalana. [&hellip;]<\/p>\n","protected":false},"author":1,"featured_media":3720,"comment_status":"open","ping_status":"open","sticky":false,"template":"","format":"standard","meta":{"_acf_changed":false,"_et_pb_use_builder":"","_et_pb_old_content":"","_et_gb_content_width":"","inline_featured_image":false,"footnotes":""},"categories":[125],"tags":[],"seus":[16,157],"eixos":[102],"class_list":{"0":"post-4586","1":"post","2":"type-post","3":"status-publish","4":"format-standard","5":"has-post-thumbnail","6":"hentry","7":"category-noticias","8":"seus-el-raval","10":"eixos-jovenes"},"acf":[],"yoast_head":"<!-- This site is optimized with the Yoast SEO plugin v27.4 - https:\/\/yoast.com\/product\/yoast-seo-wordpress\/ -->\n<title>J\u00f3venes del Casal de Badalona y del Raval aprender\u00e1n valores a trav\u00e9s de la vela - Casal dels Infants<\/title>\n<meta name=\"robots\" content=\"index, follow, max-snippet:-1, max-image-preview:large, max-video-preview:-1\" \/>\n<link rel=\"canonical\" href=\"https:\/\/www.casaldelsinfants.org\/es\/actualidad\/jovenes-casal-badalona-raval-aprenderan-valores-vela\/\" \/>\n<meta property=\"og:locale\" content=\"es_ES\" \/>\n<meta property=\"og:type\" content=\"article\" \/>\n<meta property=\"og:title\" content=\"J\u00f3venes del Casal de Badalona y del Raval aprender\u00e1n valores a trav\u00e9s de la vela - Casal dels Infants\" \/>\n<meta property=\"og:description\" content=\"El Museo Mar\u00edtimo de Barcelona presenta el proyecto Catalu\u00f1a al Trav\u00e9s 2017 en colaboraci\u00f3n con la Asociaci\u00f3n Bricbarca y la Asociaci\u00f3n Amics del quetx Ciutat de Badalona. Se trata de la segunda edici\u00f3n de un programa de actividades alrededor de la experiencia de la navegaci\u00f3n que se desarrolla en varios puertos de la costa catalana. [&hellip;]\" \/>\n<meta property=\"og:url\" content=\"https:\/\/www.casaldelsinfants.org\/es\/actualidad\/jovenes-casal-badalona-raval-aprenderan-valores-vela\/\" \/>\n<meta property=\"og:site_name\" content=\"Casal dels Infants\" \/>\n<meta property=\"article:publisher\" content=\"https:\/\/www.facebook.com\/casalinfants\" \/>\n<meta property=\"article:published_time\" content=\"2017-03-29T10:50:52+00:00\" \/>\n<meta property=\"article:modified_time\" content=\"2023-05-01T17:12:46+00:00\" \/>\n<meta property=\"og:image\" content=\"https:\/\/www.casaldelsinfants.org\/wp-content\/uploads\/IMG_9901_0_0-scaled.jpg\" \/>\n\t<meta property=\"og:image:width\" content=\"2560\" \/>\n\t<meta property=\"og:image:height\" content=\"1707\" \/>\n\t<meta property=\"og:image:type\" content=\"image\/jpeg\" \/>\n<meta name=\"author\" content=\"cdiAdmin\" \/>\n<meta name=\"twitter:card\" content=\"summary_large_image\" \/>\n<meta name=\"twitter:creator\" content=\"@casalinfants\" \/>\n<meta name=\"twitter:site\" content=\"@casalinfants\" \/>\n<meta name=\"twitter:label1\" content=\"Escrito por\" \/>\n\t<meta name=\"twitter:data1\" content=\"cdiAdmin\" \/>\n\t<meta name=\"twitter:label2\" content=\"Tiempo de lectura\" \/>\n\t<meta name=\"twitter:data2\" content=\"2 minutos\" \/>\n<script type=\"application\/ld+json\" class=\"yoast-schema-graph\">{\"@context\":\"https:\\\/\\\/schema.org\",\"@graph\":[{\"@type\":\"Article\",\"@id\":\"https:\\\/\\\/www.casaldelsinfants.org\\\/es\\\/actualidad\\\/jovenes-casal-badalona-raval-aprenderan-valores-vela\\\/#article\",\"isPartOf\":{\"@id\":\"https:\\\/\\\/www.casaldelsinfants.org\\\/es\\\/actualidad\\\/jovenes-casal-badalona-raval-aprenderan-valores-vela\\\/\"},\"author\":{\"name\":\"cdiAdmin\",\"@id\":\"https:\\\/\\\/www.casaldelsinfants.org\\\/es\\\/#\\\/schema\\\/person\\\/97707fc8c64900cf36891127dbf9fba8\"},\"headline\":\"J\u00f3venes del Casal de Badalona y del Raval aprender\u00e1n valores a trav\u00e9s de la vela\",\"datePublished\":\"2017-03-29T10:50:52+00:00\",\"dateModified\":\"2023-05-01T17:12:46+00:00\",\"mainEntityOfPage\":{\"@id\":\"https:\\\/\\\/www.casaldelsinfants.org\\\/es\\\/actualidad\\\/jovenes-casal-badalona-raval-aprenderan-valores-vela\\\/\"},\"wordCount\":446,\"commentCount\":0,\"publisher\":{\"@id\":\"https:\\\/\\\/www.casaldelsinfants.org\\\/es\\\/#organization\"},\"image\":{\"@id\":\"https:\\\/\\\/www.casaldelsinfants.org\\\/es\\\/actualidad\\\/jovenes-casal-badalona-raval-aprenderan-valores-vela\\\/#primaryimage\"},\"thumbnailUrl\":\"https:\\\/\\\/www.casaldelsinfants.org\\\/wp-content\\\/uploads\\\/IMG_9901_0_0-scaled.jpg\",\"articleSection\":[\"Noticia\"],\"inLanguage\":\"es\",\"potentialAction\":[{\"@type\":\"CommentAction\",\"name\":\"Comment\",\"target\":[\"https:\\\/\\\/www.casaldelsinfants.org\\\/es\\\/actualidad\\\/jovenes-casal-badalona-raval-aprenderan-valores-vela\\\/#respond\"]}]},{\"@type\":\"WebPage\",\"@id\":\"https:\\\/\\\/www.casaldelsinfants.org\\\/es\\\/actualidad\\\/jovenes-casal-badalona-raval-aprenderan-valores-vela\\\/\",\"url\":\"https:\\\/\\\/www.casaldelsinfants.org\\\/es\\\/actualidad\\\/jovenes-casal-badalona-raval-aprenderan-valores-vela\\\/\",\"name\":\"J\u00f3venes del Casal de Badalona y del Raval aprender\u00e1n valores a trav\u00e9s de la vela - Casal dels Infants\",\"isPartOf\":{\"@id\":\"https:\\\/\\\/www.casaldelsinfants.org\\\/es\\\/#website\"},\"primaryImageOfPage\":{\"@id\":\"https:\\\/\\\/www.casaldelsinfants.org\\\/es\\\/actualidad\\\/jovenes-casal-badalona-raval-aprenderan-valores-vela\\\/#primaryimage\"},\"image\":{\"@id\":\"https:\\\/\\\/www.casaldelsinfants.org\\\/es\\\/actualidad\\\/jovenes-casal-badalona-raval-aprenderan-valores-vela\\\/#primaryimage\"},\"thumbnailUrl\":\"https:\\\/\\\/www.casaldelsinfants.org\\\/wp-content\\\/uploads\\\/IMG_9901_0_0-scaled.jpg\",\"datePublished\":\"2017-03-29T10:50:52+00:00\",\"dateModified\":\"2023-05-01T17:12:46+00:00\",\"breadcrumb\":{\"@id\":\"https:\\\/\\\/www.casaldelsinfants.org\\\/es\\\/actualidad\\\/jovenes-casal-badalona-raval-aprenderan-valores-vela\\\/#breadcrumb\"},\"inLanguage\":\"es\",\"potentialAction\":[{\"@type\":\"ReadAction\",\"target\":[\"https:\\\/\\\/www.casaldelsinfants.org\\\/es\\\/actualidad\\\/jovenes-casal-badalona-raval-aprenderan-valores-vela\\\/\"]}]},{\"@type\":\"ImageObject\",\"inLanguage\":\"es\",\"@id\":\"https:\\\/\\\/www.casaldelsinfants.org\\\/es\\\/actualidad\\\/jovenes-casal-badalona-raval-aprenderan-valores-vela\\\/#primaryimage\",\"url\":\"https:\\\/\\\/www.casaldelsinfants.org\\\/wp-content\\\/uploads\\\/IMG_9901_0_0-scaled.jpg\",\"contentUrl\":\"https:\\\/\\\/www.casaldelsinfants.org\\\/wp-content\\\/uploads\\\/IMG_9901_0_0-scaled.jpg\",\"width\":2560,\"height\":1707,\"caption\":\"Dos joves del Casal de Badalona en un veler\"},{\"@type\":\"BreadcrumbList\",\"@id\":\"https:\\\/\\\/www.casaldelsinfants.org\\\/es\\\/actualidad\\\/jovenes-casal-badalona-raval-aprenderan-valores-vela\\\/#breadcrumb\",\"itemListElement\":[{\"@type\":\"ListItem\",\"position\":1,\"name\":\"Inici\",\"item\":\"https:\\\/\\\/www.casaldelsinfants.org\\\/es\\\/\"},{\"@type\":\"ListItem\",\"position\":2,\"name\":\"J\u00f3venes del Casal de Badalona y del Raval aprender\u00e1n valores a trav\u00e9s de la vela\"}]},{\"@type\":\"WebSite\",\"@id\":\"https:\\\/\\\/www.casaldelsinfants.org\\\/es\\\/#website\",\"url\":\"https:\\\/\\\/www.casaldelsinfants.org\\\/es\\\/\",\"name\":\"Casal dels Infants\",\"description\":\"\",\"publisher\":{\"@id\":\"https:\\\/\\\/www.casaldelsinfants.org\\\/es\\\/#organization\"},\"potentialAction\":[{\"@type\":\"SearchAction\",\"target\":{\"@type\":\"EntryPoint\",\"urlTemplate\":\"https:\\\/\\\/www.casaldelsinfants.org\\\/es\\\/?s={search_term_string}\"},\"query-input\":{\"@type\":\"PropertyValueSpecification\",\"valueRequired\":true,\"valueName\":\"search_term_string\"}}],\"inLanguage\":\"es\"},{\"@type\":\"Organization\",\"@id\":\"https:\\\/\\\/www.casaldelsinfants.org\\\/es\\\/#organization\",\"name\":\"Casal dels Infants\",\"url\":\"https:\\\/\\\/www.casaldelsinfants.org\\\/es\\\/\",\"logo\":{\"@type\":\"ImageObject\",\"inLanguage\":\"es\",\"@id\":\"https:\\\/\\\/www.casaldelsinfants.org\\\/es\\\/#\\\/schema\\\/logo\\\/image\\\/\",\"url\":\"https:\\\/\\\/www.casaldelsinfants.org\\\/wp-content\\\/uploads\\\/logo-mail.png\",\"contentUrl\":\"https:\\\/\\\/www.casaldelsinfants.org\\\/wp-content\\\/uploads\\\/logo-mail.png\",\"width\":380,\"height\":158,\"caption\":\"Casal dels Infants\"},\"image\":{\"@id\":\"https:\\\/\\\/www.casaldelsinfants.org\\\/es\\\/#\\\/schema\\\/logo\\\/image\\\/\"},\"sameAs\":[\"https:\\\/\\\/www.facebook.com\\\/casalinfants\",\"https:\\\/\\\/x.com\\\/casalinfants\",\"https:\\\/\\\/www.youtube.com\\\/user\\\/CasaldelsInfants1\",\"https:\\\/\\\/www.instagram.com\\\/casalinfants\\\/\",\"https:\\\/\\\/www.linkedin.com\\\/company\\\/casaldelsinfants?trk=organization-update_share-update_actor-text\"]},{\"@type\":\"Person\",\"@id\":\"https:\\\/\\\/www.casaldelsinfants.org\\\/es\\\/#\\\/schema\\\/person\\\/97707fc8c64900cf36891127dbf9fba8\",\"name\":\"cdiAdmin\",\"sameAs\":[\"https:\\\/\\\/casaldelsinfants.org\"]}]}<\/script>\n<!-- \/ Yoast SEO plugin. -->","yoast_head_json":{"title":"J\u00f3venes del Casal de Badalona y del Raval aprender\u00e1n valores a trav\u00e9s de la vela - Casal dels Infants","robots":{"index":"index","follow":"follow","max-snippet":"max-snippet:-1","max-image-preview":"max-image-preview:large","max-video-preview":"max-video-preview:-1"},"canonical":"https:\/\/www.casaldelsinfants.org\/es\/actualidad\/jovenes-casal-badalona-raval-aprenderan-valores-vela\/","og_locale":"es_ES","og_type":"article","og_title":"J\u00f3venes del Casal de Badalona y del Raval aprender\u00e1n valores a trav\u00e9s de la vela - Casal dels Infants","og_description":"El Museo Mar\u00edtimo de Barcelona presenta el proyecto Catalu\u00f1a al Trav\u00e9s 2017 en colaboraci\u00f3n con la Asociaci\u00f3n Bricbarca y la Asociaci\u00f3n Amics del quetx Ciutat de Badalona. Se trata de la segunda edici\u00f3n de un programa de actividades alrededor de la experiencia de la navegaci\u00f3n que se desarrolla en varios puertos de la costa catalana. [&hellip;]","og_url":"https:\/\/www.casaldelsinfants.org\/es\/actualidad\/jovenes-casal-badalona-raval-aprenderan-valores-vela\/","og_site_name":"Casal dels Infants","article_publisher":"https:\/\/www.facebook.com\/casalinfants","article_published_time":"2017-03-29T10:50:52+00:00","article_modified_time":"2023-05-01T17:12:46+00:00","og_image":[{"width":2560,"height":1707,"url":"https:\/\/www.casaldelsinfants.org\/wp-content\/uploads\/IMG_9901_0_0-scaled.jpg","type":"image\/jpeg"}],"author":"cdiAdmin","twitter_card":"summary_large_image","twitter_creator":"@casalinfants","twitter_site":"@casalinfants","twitter_misc":{"Escrito por":"cdiAdmin","Tiempo de lectura":"2 minutos"},"schema":{"@context":"https:\/\/schema.org","@graph":[{"@type":"Article","@id":"https:\/\/www.casaldelsinfants.org\/es\/actualidad\/jovenes-casal-badalona-raval-aprenderan-valores-vela\/#article","isPartOf":{"@id":"https:\/\/www.casaldelsinfants.org\/es\/actualidad\/jovenes-casal-badalona-raval-aprenderan-valores-vela\/"},"author":{"name":"cdiAdmin","@id":"https:\/\/www.casaldelsinfants.org\/es\/#\/schema\/person\/97707fc8c64900cf36891127dbf9fba8"},"headline":"J\u00f3venes del Casal de Badalona y del Raval aprender\u00e1n valores a trav\u00e9s de la vela","datePublished":"2017-03-29T10:50:52+00:00","dateModified":"2023-05-01T17:12:46+00:00","mainEntityOfPage":{"@id":"https:\/\/www.casaldelsinfants.org\/es\/actualidad\/jovenes-casal-badalona-raval-aprenderan-valores-vela\/"},"wordCount":446,"commentCount":0,"publisher":{"@id":"https:\/\/www.casaldelsinfants.org\/es\/#organization"},"image":{"@id":"https:\/\/www.casaldelsinfants.org\/es\/actualidad\/jovenes-casal-badalona-raval-aprenderan-valores-vela\/#primaryimage"},"thumbnailUrl":"https:\/\/www.casaldelsinfants.org\/wp-content\/uploads\/IMG_9901_0_0-scaled.jpg","articleSection":["Noticia"],"inLanguage":"es","potentialAction":[{"@type":"CommentAction","name":"Comment","target":["https:\/\/www.casaldelsinfants.org\/es\/actualidad\/jovenes-casal-badalona-raval-aprenderan-valores-vela\/#respond"]}]},{"@type":"WebPage","@id":"https:\/\/www.casaldelsinfants.org\/es\/actualidad\/jovenes-casal-badalona-raval-aprenderan-valores-vela\/","url":"https:\/\/www.casaldelsinfants.org\/es\/actualidad\/jovenes-casal-badalona-raval-aprenderan-valores-vela\/","name":"J\u00f3venes del Casal de Badalona y del Raval aprender\u00e1n valores a trav\u00e9s de la vela - Casal dels Infants","isPartOf":{"@id":"https:\/\/www.casaldelsinfants.org\/es\/#website"},"primaryImageOfPage":{"@id":"https:\/\/www.casaldelsinfants.org\/es\/actualidad\/jovenes-casal-badalona-raval-aprenderan-valores-vela\/#primaryimage"},"image":{"@id":"https:\/\/www.casaldelsinfants.org\/es\/actualidad\/jovenes-casal-badalona-raval-aprenderan-valores-vela\/#primaryimage"},"thumbnailUrl":"https:\/\/www.casaldelsinfants.org\/wp-content\/uploads\/IMG_9901_0_0-scaled.jpg","datePublished":"2017-03-29T10:50:52+00:00","dateModified":"2023-05-01T17:12:46+00:00","breadcrumb":{"@id":"https:\/\/www.casaldelsinfants.org\/es\/actualidad\/jovenes-casal-badalona-raval-aprenderan-valores-vela\/#breadcrumb"},"inLanguage":"es","potentialAction":[{"@type":"ReadAction","target":["https:\/\/www.casaldelsinfants.org\/es\/actualidad\/jovenes-casal-badalona-raval-aprenderan-valores-vela\/"]}]},{"@type":"ImageObject","inLanguage":"es","@id":"https:\/\/www.casaldelsinfants.org\/es\/actualidad\/jovenes-casal-badalona-raval-aprenderan-valores-vela\/#primaryimage","url":"https:\/\/www.casaldelsinfants.org\/wp-content\/uploads\/IMG_9901_0_0-scaled.jpg","contentUrl":"https:\/\/www.casaldelsinfants.org\/wp-content\/uploads\/IMG_9901_0_0-scaled.jpg","width":2560,"height":1707,"caption":"Dos joves del Casal de Badalona en un veler"},{"@type":"BreadcrumbList","@id":"https:\/\/www.casaldelsinfants.org\/es\/actualidad\/jovenes-casal-badalona-raval-aprenderan-valores-vela\/#breadcrumb","itemListElement":[{"@type":"ListItem","position":1,"name":"Inici","item":"https:\/\/www.casaldelsinfants.org\/es\/"},{"@type":"ListItem","position":2,"name":"J\u00f3venes del Casal de Badalona y del Raval aprender\u00e1n valores a trav\u00e9s de la vela"}]},{"@type":"WebSite","@id":"https:\/\/www.casaldelsinfants.org\/es\/#website","url":"https:\/\/www.casaldelsinfants.org\/es\/","name":"Casal dels Infants","description":"","publisher":{"@id":"https:\/\/www.casaldelsinfants.org\/es\/#organization"},"potentialAction":[{"@type":"SearchAction","target":{"@type":"EntryPoint","urlTemplate":"https:\/\/www.casaldelsinfants.org\/es\/?s={search_term_string}"},"query-input":{"@type":"PropertyValueSpecification","valueRequired":true,"valueName":"search_term_string"}}],"inLanguage":"es"},{"@type":"Organization","@id":"https:\/\/www.casaldelsinfants.org\/es\/#organization","name":"Casal dels Infants","url":"https:\/\/www.casaldelsinfants.org\/es\/","logo":{"@type":"ImageObject","inLanguage":"es","@id":"https:\/\/www.casaldelsinfants.org\/es\/#\/schema\/logo\/image\/","url":"https:\/\/www.casaldelsinfants.org\/wp-content\/uploads\/logo-mail.png","contentUrl":"https:\/\/www.casaldelsinfants.org\/wp-content\/uploads\/logo-mail.png","width":380,"height":158,"caption":"Casal dels Infants"},"image":{"@id":"https:\/\/www.casaldelsinfants.org\/es\/#\/schema\/logo\/image\/"},"sameAs":["https:\/\/www.facebook.com\/casalinfants","https:\/\/x.com\/casalinfants","https:\/\/www.youtube.com\/user\/CasaldelsInfants1","https:\/\/www.instagram.com\/casalinfants\/","https:\/\/www.linkedin.com\/company\/casaldelsinfants?trk=organization-update_share-update_actor-text"]},{"@type":"Person","@id":"https:\/\/www.casaldelsinfants.org\/es\/#\/schema\/person\/97707fc8c64900cf36891127dbf9fba8","name":"cdiAdmin","sameAs":["https:\/\/casaldelsinfants.org"]}]}},"publishpress_future_action":{"enabled":false,"date":"2026-05-08 05:13:36","action":"change-status","newStatus":"draft","terms":[],"taxonomy":"category","extraData":[]},"publishpress_future_workflow_manual_trigger":{"enabledWorkflows":[]},"_links":{"self":[{"href":"https:\/\/www.casaldelsinfants.org\/es\/wp-json\/wp\/v2\/posts\/4586","targetHints":{"allow":["GET"]}}],"collection":[{"href":"https:\/\/www.casaldelsinfants.org\/es\/wp-json\/wp\/v2\/posts"}],"about":[{"href":"https:\/\/www.casaldelsinfants.org\/es\/wp-json\/wp\/v2\/types\/post"}],"author":[{"embeddable":true,"href":"https:\/\/www.casaldelsinfants.org\/es\/wp-json\/wp\/v2\/users\/1"}],"replies":[{"embeddable":true,"href":"https:\/\/www.casaldelsinfants.org\/es\/wp-json\/wp\/v2\/comments?post=4586"}],"version-history":[{"count":1,"href":"https:\/\/www.casaldelsinfants.org\/es\/wp-json\/wp\/v2\/posts\/4586\/revisions"}],"predecessor-version":[{"id":6487,"href":"https:\/\/www.casaldelsinfants.org\/es\/wp-json\/wp\/v2\/posts\/4586\/revisions\/6487"}],"wp:featuredmedia":[{"embeddable":true,"href":"https:\/\/www.casaldelsinfants.org\/es\/wp-json\/wp\/v2\/media\/3720"}],"wp:attachment":[{"href":"https:\/\/www.casaldelsinfants.org\/es\/wp-json\/wp\/v2\/media?parent=4586"}],"wp:term":[{"taxonomy":"category","embeddable":true,"href":"https:\/\/www.casaldelsinfants.org\/es\/wp-json\/wp\/v2\/categories?post=4586"},{"taxonomy":"post_tag","embeddable":true,"href":"https:\/\/www.casaldelsinfants.org\/es\/wp-json\/wp\/v2\/tags?post=4586"},{"taxonomy":"seus","embeddable":true,"href":"https:\/\/www.casaldelsinfants.org\/es\/wp-json\/wp\/v2\/seus?post=4586"},{"taxonomy":"eixos","embeddable":true,"href":"https:\/\/www.casaldelsinfants.org\/es\/wp-json\/wp\/v2\/eixos?post=4586"}],"curies":[{"name":"wp","href":"https:\/\/api.w.org\/{rel}","templated":true}]}}