{"id":4587,"date":"2017-03-29T12:16:38","date_gmt":"2017-03-29T10:16:38","guid":{"rendered":"https:\/\/casal.puntzero.cat\/noticies\/apartur-entrega-17278-euros-al-casal-en-la-campanya-del-check-solidari\/"},"modified":"2023-05-01T19:12:54","modified_gmt":"2023-05-01T17:12:54","slug":"apartur-entrega-17278-euros-al-casal-en-la-campanya-del-check-solidari","status":"publish","type":"post","link":"https:\/\/www.casaldelsinfants.org\/es\/actualidad\/apartur-entrega-17278-euros-al-casal-en-la-campanya-del-check-solidari\/","title":{"rendered":"APARTUR entrega 17.278 euros al Casal en la campa\u00f1a del \u2018Check In Solidari\u2019"},"content":{"rendered":"<p><img decoding=\"async\" src=\"\/wp-content\/uploads\/Check_In2017Entrega_0_0.jpg\" border=\"0\" alt=\"\" width=\"785\" height=\"703\" style=\"display: block; margin-left: auto; margin-right: auto;\" \/><\/p>\n<h4 style=\"text-align: justify;\">\u00a0<\/h4>\n<ul>\n<li style=\"text-align: justify;\">\n<h4>M\u00e1s de 2.100 apartamentos tur\u00edsticos de Barcelona han participado en la cuarta edici\u00f3n de esta campa\u00f1a solidaria que este a\u00f1o ha tenido al chef y pastelero Christian Escrib\u00e0 como padrino del acto.<\/h4>\n<\/li>\n<\/ul>\n<h4>\u00a0<\/h4>\n<ul>\n<li style=\"text-align: justify;\">\n<h4>La Asociaci\u00f3n de Apartamentos Tur\u00edsticos de Barcelona ha entregado este lunes al Casal dels Infants los m\u00e1s de 17 mil euros recaudados gracias a las reservas en apartamentos tur\u00edsticos de la ciudad. El dinero se destina a V\u00edncles, que apoya a madres vulnerables con beb\u00e9s de 0 a 3 a\u00f1os.<\/h4>\n<\/li>\n<\/ul>\n<h4>\u00a0<\/h4>\n<ul>\n<li style=\"text-align: justify;\">\n<h4>En total, en las cuatro ediciones que lleva haci\u00e9ndose el Check In Solidario se han recaudado m\u00e1s de 48.000 euros.<\/h4>\n<\/li>\n<\/ul>\n<p style=\"text-align: justify;\">\u00a0<\/p>\n<p style=\"text-align: justify;\">La Asociaci\u00f3n de Apartamentos Tur\u00edsticos de Barcelona (APARTUR) y el Casal dels Infants han celebrado este lunes la conclusi\u00f3n de la cuarta edici\u00f3n deI Check In Solidario, la campa\u00f1a que durando todo el verano ha recaudado fondos para el proyecto social maternoinfantil Vincles. La acci\u00f3n ha conseguido recaudar 17.278 euros que se destinar\u00e1n a apoyar al proyecte Vincles del Casal, que trabaja con madres vulnerables con beb\u00e9s de 0 a 3 a\u00f1os.<\/p>\n<p style=\"text-align: justify;\">\u00a0<\/p>\n<p style=\"text-align: justify;\">En esta edici\u00f3n, el acto ha contado con la presencia del chef y pastelero Christian Escrib\u00e0 que ha apadrinado el acto y ha puesto su granito de arena haciendo entrega de unas monas de Pascua a todos los ni\u00f1os del proyecto.<\/p>\n<p style=\"text-align: justify;\">\u00a0<\/p>\n<p style=\"text-align: justify;\">La campa\u00f1a Check In Solidario se enmarca en el conjunto de iniciativas que impulsa la Asociaci\u00f3n de Apartamentos Tur\u00edsticos de Barcelona en pro de un modelo de turismo responsable y sostenible y que quiere hacer llegar los beneficios del turismo a todos los habitantes de la ciudad. En total han participado 47 empresas del sector que forman parte de APARTUR y unos 2.107 apartamentos tur\u00edsticos que se han implicado durante todo el verano dando un euro por cada reserva hecha desde el 1 de junio al 15 de septiembre. La campa\u00f1a, por segundo a\u00f1o consecutivo, ha implicado tambi\u00e9n los turistas que se han alojado en estos pisos tur\u00edsticos y que han podido hacer sus donaciones a trav\u00e9s de una p\u00e1gina web habilitada para la ocasi\u00f3n.<\/p>\n<p style=\"text-align: justify;\">\u00a0<\/p>\n<p style=\"text-align: justify;\">Para Enrique Alc\u00e1ntara, presidente de APARTUR, \u201cesta iniciativa, que en sus cuatro a\u00f1os de vida ha recogido ya m\u00e1s de 48.000 euros, es un buen ejemplo de lo que se tendr\u00eda que hacer desde el sector tur\u00edstico para implicarse en el tejido social de la ciudad, donde propietario y turista ayudan a mejorar la vida de la gente de la ciudad\u00bb Por Alc\u00e1ntara es un claro ejemplo de los efectos que podr\u00eda tener una correcta redistribuci\u00f3n de los beneficios del turismo en perfecta convivencia con los vecinos.<\/p>\n<p style=\"text-align: justify;\">\u00a0<\/p>\n<p style=\"text-align: justify;\">Para el presidente de la patronal de los apartamentos, es muy gratificante ver como una iniciativa de estas caracter\u00edsticas crece a\u00f1o tras a\u00f1o y adem\u00e1s, puede, como este a\u00f1o, contar con una figura como la de Christian Escrib\u00e0 como padrino. \u00abTrabajamos desde ya en la pr\u00f3xima edici\u00f3n\u00bb ha remarcado Alc\u00e1ntara.<\/p>\n<p style=\"text-align: justify;\">\u00a0<\/p>\n<p style=\"text-align: justify;\">Por su parte, la directora general del Casal dels Infants, Rosa Balaguer, ha agradecido a Apartur el impulso y el liderazgo de la iniciativa solidaria que se consolida desde su primera edici\u00f3n en 2013. \u201cPor cuarto a\u00f1o consecutivo hemos conseguido unir esfuerzos para apoyar a las madres con hijos de hasta 3 a\u00f1os en situaci\u00f3n de vulnerabilidad, es un lujo contar con Apartur y con el apoyo de Christian Escrib\u00e0. Demostramos una vez m\u00e1s que s\u00f3lo si todas y todos aportamos nuestro granito de arena, \u00a1podremos revertir las desigualdades!\u201d. En el mismo sentido se ha pronunciado el chef y pastelero Christian Escrib\u00e0: \u201clas administraciones p\u00fablicas no llegan a todas las partes donde tendr\u00edan que llegar e iniciativas como esta son indispensables para que muchas familias tengan m\u00e1s oportunidades&#8230;adem\u00e1s, contando con el valioso trabajo del Casal dels Infants, sabemos certeza que estamos en buenas manos\u201d.<\/p>\n<p style=\"text-align: justify;\">\u00a0<\/p>\n<p style=\"text-align: justify;\">Sobre Vincles, Balaguer ha explicado que \u201clos primeros a\u00f1os de vida son fundamentales para el desarrollo de un ni\u00f1o y es imprescindible que tengan una red de confianza, una familia estable y unas relaciones sanas para poder salir adelante con garant\u00edas. Vincles es este espacio: acompa\u00f1amos a las madres para fortalecer la relaci\u00f3n con sus hijos\/as y tambi\u00e9n entre ellas, para que tengan una red de apoyo mutua y superen este momento de soledad en qu\u00e9 muchas se encuentran despu\u00e9s del nacimiento\u201d.<\/p>\n<p style=\"text-align: justify;\">\u00a0<\/p>\n<p>\u00a0<\/p>\n<p>\u00a0<\/p>\n","protected":false},"excerpt":{"rendered":"<p>\u00a0 M\u00e1s de 2.100 apartamentos tur\u00edsticos de Barcelona han participado en la cuarta edici\u00f3n de esta campa\u00f1a solidaria que este a\u00f1o ha tenido al chef y pastelero Christian Escrib\u00e0 como padrino del acto. \u00a0 La Asociaci\u00f3n de Apartamentos Tur\u00edsticos de Barcelona ha entregado este lunes al Casal dels Infants los m\u00e1s de 17 mil euros [&hellip;]<\/p>\n","protected":false},"author":1,"featured_media":3723,"comment_status":"open","ping_status":"open","sticky":false,"template":"","format":"standard","meta":{"_acf_changed":false,"_et_pb_use_builder":"","_et_pb_old_content":"","_et_gb_content_width":"","inline_featured_image":false,"footnotes":""},"categories":[125],"tags":[],"seus":[],"eixos":[],"class_list":["post-4587","post","type-post","status-publish","format-standard","has-post-thumbnail","hentry","category-noticias"],"acf":[],"yoast_head":"<!-- This site is optimized with the Yoast SEO plugin v27.4 - https:\/\/yoast.com\/product\/yoast-seo-wordpress\/ -->\n<title>APARTUR entrega 17.278 euros al Casal en la campa\u00f1a del \u2018Check In Solidari\u2019 - Casal dels Infants<\/title>\n<meta name=\"robots\" content=\"index, follow, max-snippet:-1, max-image-preview:large, max-video-preview:-1\" \/>\n<link rel=\"canonical\" href=\"https:\/\/www.casaldelsinfants.org\/es\/actualidad\/apartur-entrega-17278-euros-al-casal-en-la-campanya-del-check-solidari\/\" \/>\n<meta property=\"og:locale\" content=\"es_ES\" \/>\n<meta property=\"og:type\" content=\"article\" \/>\n<meta property=\"og:title\" content=\"APARTUR entrega 17.278 euros al Casal en la campa\u00f1a del \u2018Check In Solidari\u2019 - Casal dels Infants\" \/>\n<meta property=\"og:description\" content=\"\u00a0 M\u00e1s de 2.100 apartamentos tur\u00edsticos de Barcelona han participado en la cuarta edici\u00f3n de esta campa\u00f1a solidaria que este a\u00f1o ha tenido al chef y pastelero Christian Escrib\u00e0 como padrino del acto. \u00a0 La Asociaci\u00f3n de Apartamentos Tur\u00edsticos de Barcelona ha entregado este lunes al Casal dels Infants los m\u00e1s de 17 mil euros [&hellip;]\" \/>\n<meta property=\"og:url\" content=\"https:\/\/www.casaldelsinfants.org\/es\/actualidad\/apartur-entrega-17278-euros-al-casal-en-la-campanya-del-check-solidari\/\" \/>\n<meta property=\"og:site_name\" content=\"Casal dels Infants\" \/>\n<meta property=\"article:publisher\" content=\"https:\/\/www.facebook.com\/casalinfants\" \/>\n<meta property=\"article:published_time\" content=\"2017-03-29T10:16:38+00:00\" \/>\n<meta property=\"article:modified_time\" content=\"2023-05-01T17:12:54+00:00\" \/>\n<meta property=\"og:image\" content=\"https:\/\/www.casaldelsinfants.org\/wp-content\/uploads\/Check_In2017Entrega_0_0.jpg\" \/>\n\t<meta property=\"og:image:width\" content=\"2048\" \/>\n\t<meta property=\"og:image:height\" content=\"1834\" \/>\n\t<meta property=\"og:image:type\" content=\"image\/jpeg\" \/>\n<meta name=\"author\" content=\"cdiAdmin\" \/>\n<meta name=\"twitter:card\" content=\"summary_large_image\" \/>\n<meta name=\"twitter:creator\" content=\"@casalinfants\" \/>\n<meta name=\"twitter:site\" content=\"@casalinfants\" \/>\n<meta name=\"twitter:label1\" content=\"Escrito por\" \/>\n\t<meta name=\"twitter:data1\" content=\"cdiAdmin\" \/>\n\t<meta name=\"twitter:label2\" content=\"Tiempo de lectura\" \/>\n\t<meta name=\"twitter:data2\" content=\"4 minutos\" \/>\n<script type=\"application\/ld+json\" class=\"yoast-schema-graph\">{\"@context\":\"https:\\\/\\\/schema.org\",\"@graph\":[{\"@type\":\"Article\",\"@id\":\"https:\\\/\\\/www.casaldelsinfants.org\\\/es\\\/actualidad\\\/apartur-entrega-17278-euros-al-casal-en-la-campanya-del-check-solidari\\\/#article\",\"isPartOf\":{\"@id\":\"https:\\\/\\\/www.casaldelsinfants.org\\\/es\\\/actualidad\\\/apartur-entrega-17278-euros-al-casal-en-la-campanya-del-check-solidari\\\/\"},\"author\":{\"name\":\"cdiAdmin\",\"@id\":\"https:\\\/\\\/www.casaldelsinfants.org\\\/es\\\/#\\\/schema\\\/person\\\/97707fc8c64900cf36891127dbf9fba8\"},\"headline\":\"APARTUR entrega 17.278 euros al Casal en la campa\u00f1a del \u2018Check In Solidari\u2019\",\"datePublished\":\"2017-03-29T10:16:38+00:00\",\"dateModified\":\"2023-05-01T17:12:54+00:00\",\"mainEntityOfPage\":{\"@id\":\"https:\\\/\\\/www.casaldelsinfants.org\\\/es\\\/actualidad\\\/apartur-entrega-17278-euros-al-casal-en-la-campanya-del-check-solidari\\\/\"},\"wordCount\":772,\"commentCount\":0,\"publisher\":{\"@id\":\"https:\\\/\\\/www.casaldelsinfants.org\\\/es\\\/#organization\"},\"image\":{\"@id\":\"https:\\\/\\\/www.casaldelsinfants.org\\\/es\\\/actualidad\\\/apartur-entrega-17278-euros-al-casal-en-la-campanya-del-check-solidari\\\/#primaryimage\"},\"thumbnailUrl\":\"https:\\\/\\\/www.casaldelsinfants.org\\\/wp-content\\\/uploads\\\/Check_In2017Entrega_0_0.jpg\",\"articleSection\":[\"Noticia\"],\"inLanguage\":\"es\",\"potentialAction\":[{\"@type\":\"CommentAction\",\"name\":\"Comment\",\"target\":[\"https:\\\/\\\/www.casaldelsinfants.org\\\/es\\\/actualidad\\\/apartur-entrega-17278-euros-al-casal-en-la-campanya-del-check-solidari\\\/#respond\"]}]},{\"@type\":\"WebPage\",\"@id\":\"https:\\\/\\\/www.casaldelsinfants.org\\\/es\\\/actualidad\\\/apartur-entrega-17278-euros-al-casal-en-la-campanya-del-check-solidari\\\/\",\"url\":\"https:\\\/\\\/www.casaldelsinfants.org\\\/es\\\/actualidad\\\/apartur-entrega-17278-euros-al-casal-en-la-campanya-del-check-solidari\\\/\",\"name\":\"APARTUR entrega 17.278 euros al Casal en la campa\u00f1a del \u2018Check In Solidari\u2019 - Casal dels Infants\",\"isPartOf\":{\"@id\":\"https:\\\/\\\/www.casaldelsinfants.org\\\/es\\\/#website\"},\"primaryImageOfPage\":{\"@id\":\"https:\\\/\\\/www.casaldelsinfants.org\\\/es\\\/actualidad\\\/apartur-entrega-17278-euros-al-casal-en-la-campanya-del-check-solidari\\\/#primaryimage\"},\"image\":{\"@id\":\"https:\\\/\\\/www.casaldelsinfants.org\\\/es\\\/actualidad\\\/apartur-entrega-17278-euros-al-casal-en-la-campanya-del-check-solidari\\\/#primaryimage\"},\"thumbnailUrl\":\"https:\\\/\\\/www.casaldelsinfants.org\\\/wp-content\\\/uploads\\\/Check_In2017Entrega_0_0.jpg\",\"datePublished\":\"2017-03-29T10:16:38+00:00\",\"dateModified\":\"2023-05-01T17:12:54+00:00\",\"breadcrumb\":{\"@id\":\"https:\\\/\\\/www.casaldelsinfants.org\\\/es\\\/actualidad\\\/apartur-entrega-17278-euros-al-casal-en-la-campanya-del-check-solidari\\\/#breadcrumb\"},\"inLanguage\":\"es\",\"potentialAction\":[{\"@type\":\"ReadAction\",\"target\":[\"https:\\\/\\\/www.casaldelsinfants.org\\\/es\\\/actualidad\\\/apartur-entrega-17278-euros-al-casal-en-la-campanya-del-check-solidari\\\/\"]}]},{\"@type\":\"ImageObject\",\"inLanguage\":\"es\",\"@id\":\"https:\\\/\\\/www.casaldelsinfants.org\\\/es\\\/actualidad\\\/apartur-entrega-17278-euros-al-casal-en-la-campanya-del-check-solidari\\\/#primaryimage\",\"url\":\"https:\\\/\\\/www.casaldelsinfants.org\\\/wp-content\\\/uploads\\\/Check_In2017Entrega_0_0.jpg\",\"contentUrl\":\"https:\\\/\\\/www.casaldelsinfants.org\\\/wp-content\\\/uploads\\\/Check_In2017Entrega_0_0.jpg\",\"width\":2048,\"height\":1834,\"caption\":\"Rosa Balaguer amb el \\\"Check In Solidari\\\" amb l'Escrib\u00e0 i un representant d'Apartur.\"},{\"@type\":\"BreadcrumbList\",\"@id\":\"https:\\\/\\\/www.casaldelsinfants.org\\\/es\\\/actualidad\\\/apartur-entrega-17278-euros-al-casal-en-la-campanya-del-check-solidari\\\/#breadcrumb\",\"itemListElement\":[{\"@type\":\"ListItem\",\"position\":1,\"name\":\"Inici\",\"item\":\"https:\\\/\\\/www.casaldelsinfants.org\\\/es\\\/\"},{\"@type\":\"ListItem\",\"position\":2,\"name\":\"APARTUR entrega 17.278 euros al Casal en la campa\u00f1a del \u2018Check In Solidari\u2019\"}]},{\"@type\":\"WebSite\",\"@id\":\"https:\\\/\\\/www.casaldelsinfants.org\\\/es\\\/#website\",\"url\":\"https:\\\/\\\/www.casaldelsinfants.org\\\/es\\\/\",\"name\":\"Casal dels Infants\",\"description\":\"\",\"publisher\":{\"@id\":\"https:\\\/\\\/www.casaldelsinfants.org\\\/es\\\/#organization\"},\"potentialAction\":[{\"@type\":\"SearchAction\",\"target\":{\"@type\":\"EntryPoint\",\"urlTemplate\":\"https:\\\/\\\/www.casaldelsinfants.org\\\/es\\\/?s={search_term_string}\"},\"query-input\":{\"@type\":\"PropertyValueSpecification\",\"valueRequired\":true,\"valueName\":\"search_term_string\"}}],\"inLanguage\":\"es\"},{\"@type\":\"Organization\",\"@id\":\"https:\\\/\\\/www.casaldelsinfants.org\\\/es\\\/#organization\",\"name\":\"Casal dels Infants\",\"url\":\"https:\\\/\\\/www.casaldelsinfants.org\\\/es\\\/\",\"logo\":{\"@type\":\"ImageObject\",\"inLanguage\":\"es\",\"@id\":\"https:\\\/\\\/www.casaldelsinfants.org\\\/es\\\/#\\\/schema\\\/logo\\\/image\\\/\",\"url\":\"https:\\\/\\\/www.casaldelsinfants.org\\\/wp-content\\\/uploads\\\/logo-mail.png\",\"contentUrl\":\"https:\\\/\\\/www.casaldelsinfants.org\\\/wp-content\\\/uploads\\\/logo-mail.png\",\"width\":380,\"height\":158,\"caption\":\"Casal dels Infants\"},\"image\":{\"@id\":\"https:\\\/\\\/www.casaldelsinfants.org\\\/es\\\/#\\\/schema\\\/logo\\\/image\\\/\"},\"sameAs\":[\"https:\\\/\\\/www.facebook.com\\\/casalinfants\",\"https:\\\/\\\/x.com\\\/casalinfants\",\"https:\\\/\\\/www.youtube.com\\\/user\\\/CasaldelsInfants1\",\"https:\\\/\\\/www.instagram.com\\\/casalinfants\\\/\",\"https:\\\/\\\/www.linkedin.com\\\/company\\\/casaldelsinfants?trk=organization-update_share-update_actor-text\"]},{\"@type\":\"Person\",\"@id\":\"https:\\\/\\\/www.casaldelsinfants.org\\\/es\\\/#\\\/schema\\\/person\\\/97707fc8c64900cf36891127dbf9fba8\",\"name\":\"cdiAdmin\",\"sameAs\":[\"https:\\\/\\\/casaldelsinfants.org\"]}]}<\/script>\n<!-- \/ Yoast SEO plugin. -->","yoast_head_json":{"title":"APARTUR entrega 17.278 euros al Casal en la campa\u00f1a del \u2018Check In Solidari\u2019 - Casal dels Infants","robots":{"index":"index","follow":"follow","max-snippet":"max-snippet:-1","max-image-preview":"max-image-preview:large","max-video-preview":"max-video-preview:-1"},"canonical":"https:\/\/www.casaldelsinfants.org\/es\/actualidad\/apartur-entrega-17278-euros-al-casal-en-la-campanya-del-check-solidari\/","og_locale":"es_ES","og_type":"article","og_title":"APARTUR entrega 17.278 euros al Casal en la campa\u00f1a del \u2018Check In Solidari\u2019 - Casal dels Infants","og_description":"\u00a0 M\u00e1s de 2.100 apartamentos tur\u00edsticos de Barcelona han participado en la cuarta edici\u00f3n de esta campa\u00f1a solidaria que este a\u00f1o ha tenido al chef y pastelero Christian Escrib\u00e0 como padrino del acto. \u00a0 La Asociaci\u00f3n de Apartamentos Tur\u00edsticos de Barcelona ha entregado este lunes al Casal dels Infants los m\u00e1s de 17 mil euros [&hellip;]","og_url":"https:\/\/www.casaldelsinfants.org\/es\/actualidad\/apartur-entrega-17278-euros-al-casal-en-la-campanya-del-check-solidari\/","og_site_name":"Casal dels Infants","article_publisher":"https:\/\/www.facebook.com\/casalinfants","article_published_time":"2017-03-29T10:16:38+00:00","article_modified_time":"2023-05-01T17:12:54+00:00","og_image":[{"width":2048,"height":1834,"url":"https:\/\/www.casaldelsinfants.org\/wp-content\/uploads\/Check_In2017Entrega_0_0.jpg","type":"image\/jpeg"}],"author":"cdiAdmin","twitter_card":"summary_large_image","twitter_creator":"@casalinfants","twitter_site":"@casalinfants","twitter_misc":{"Escrito por":"cdiAdmin","Tiempo de lectura":"4 minutos"},"schema":{"@context":"https:\/\/schema.org","@graph":[{"@type":"Article","@id":"https:\/\/www.casaldelsinfants.org\/es\/actualidad\/apartur-entrega-17278-euros-al-casal-en-la-campanya-del-check-solidari\/#article","isPartOf":{"@id":"https:\/\/www.casaldelsinfants.org\/es\/actualidad\/apartur-entrega-17278-euros-al-casal-en-la-campanya-del-check-solidari\/"},"author":{"name":"cdiAdmin","@id":"https:\/\/www.casaldelsinfants.org\/es\/#\/schema\/person\/97707fc8c64900cf36891127dbf9fba8"},"headline":"APARTUR entrega 17.278 euros al Casal en la campa\u00f1a del \u2018Check In Solidari\u2019","datePublished":"2017-03-29T10:16:38+00:00","dateModified":"2023-05-01T17:12:54+00:00","mainEntityOfPage":{"@id":"https:\/\/www.casaldelsinfants.org\/es\/actualidad\/apartur-entrega-17278-euros-al-casal-en-la-campanya-del-check-solidari\/"},"wordCount":772,"commentCount":0,"publisher":{"@id":"https:\/\/www.casaldelsinfants.org\/es\/#organization"},"image":{"@id":"https:\/\/www.casaldelsinfants.org\/es\/actualidad\/apartur-entrega-17278-euros-al-casal-en-la-campanya-del-check-solidari\/#primaryimage"},"thumbnailUrl":"https:\/\/www.casaldelsinfants.org\/wp-content\/uploads\/Check_In2017Entrega_0_0.jpg","articleSection":["Noticia"],"inLanguage":"es","potentialAction":[{"@type":"CommentAction","name":"Comment","target":["https:\/\/www.casaldelsinfants.org\/es\/actualidad\/apartur-entrega-17278-euros-al-casal-en-la-campanya-del-check-solidari\/#respond"]}]},{"@type":"WebPage","@id":"https:\/\/www.casaldelsinfants.org\/es\/actualidad\/apartur-entrega-17278-euros-al-casal-en-la-campanya-del-check-solidari\/","url":"https:\/\/www.casaldelsinfants.org\/es\/actualidad\/apartur-entrega-17278-euros-al-casal-en-la-campanya-del-check-solidari\/","name":"APARTUR entrega 17.278 euros al Casal en la campa\u00f1a del \u2018Check In Solidari\u2019 - Casal dels Infants","isPartOf":{"@id":"https:\/\/www.casaldelsinfants.org\/es\/#website"},"primaryImageOfPage":{"@id":"https:\/\/www.casaldelsinfants.org\/es\/actualidad\/apartur-entrega-17278-euros-al-casal-en-la-campanya-del-check-solidari\/#primaryimage"},"image":{"@id":"https:\/\/www.casaldelsinfants.org\/es\/actualidad\/apartur-entrega-17278-euros-al-casal-en-la-campanya-del-check-solidari\/#primaryimage"},"thumbnailUrl":"https:\/\/www.casaldelsinfants.org\/wp-content\/uploads\/Check_In2017Entrega_0_0.jpg","datePublished":"2017-03-29T10:16:38+00:00","dateModified":"2023-05-01T17:12:54+00:00","breadcrumb":{"@id":"https:\/\/www.casaldelsinfants.org\/es\/actualidad\/apartur-entrega-17278-euros-al-casal-en-la-campanya-del-check-solidari\/#breadcrumb"},"inLanguage":"es","potentialAction":[{"@type":"ReadAction","target":["https:\/\/www.casaldelsinfants.org\/es\/actualidad\/apartur-entrega-17278-euros-al-casal-en-la-campanya-del-check-solidari\/"]}]},{"@type":"ImageObject","inLanguage":"es","@id":"https:\/\/www.casaldelsinfants.org\/es\/actualidad\/apartur-entrega-17278-euros-al-casal-en-la-campanya-del-check-solidari\/#primaryimage","url":"https:\/\/www.casaldelsinfants.org\/wp-content\/uploads\/Check_In2017Entrega_0_0.jpg","contentUrl":"https:\/\/www.casaldelsinfants.org\/wp-content\/uploads\/Check_In2017Entrega_0_0.jpg","width":2048,"height":1834,"caption":"Rosa Balaguer amb el \"Check In Solidari\" amb l'Escrib\u00e0 i un representant d'Apartur."},{"@type":"BreadcrumbList","@id":"https:\/\/www.casaldelsinfants.org\/es\/actualidad\/apartur-entrega-17278-euros-al-casal-en-la-campanya-del-check-solidari\/#breadcrumb","itemListElement":[{"@type":"ListItem","position":1,"name":"Inici","item":"https:\/\/www.casaldelsinfants.org\/es\/"},{"@type":"ListItem","position":2,"name":"APARTUR entrega 17.278 euros al Casal en la campa\u00f1a del \u2018Check In Solidari\u2019"}]},{"@type":"WebSite","@id":"https:\/\/www.casaldelsinfants.org\/es\/#website","url":"https:\/\/www.casaldelsinfants.org\/es\/","name":"Casal dels Infants","description":"","publisher":{"@id":"https:\/\/www.casaldelsinfants.org\/es\/#organization"},"potentialAction":[{"@type":"SearchAction","target":{"@type":"EntryPoint","urlTemplate":"https:\/\/www.casaldelsinfants.org\/es\/?s={search_term_string}"},"query-input":{"@type":"PropertyValueSpecification","valueRequired":true,"valueName":"search_term_string"}}],"inLanguage":"es"},{"@type":"Organization","@id":"https:\/\/www.casaldelsinfants.org\/es\/#organization","name":"Casal dels Infants","url":"https:\/\/www.casaldelsinfants.org\/es\/","logo":{"@type":"ImageObject","inLanguage":"es","@id":"https:\/\/www.casaldelsinfants.org\/es\/#\/schema\/logo\/image\/","url":"https:\/\/www.casaldelsinfants.org\/wp-content\/uploads\/logo-mail.png","contentUrl":"https:\/\/www.casaldelsinfants.org\/wp-content\/uploads\/logo-mail.png","width":380,"height":158,"caption":"Casal dels Infants"},"image":{"@id":"https:\/\/www.casaldelsinfants.org\/es\/#\/schema\/logo\/image\/"},"sameAs":["https:\/\/www.facebook.com\/casalinfants","https:\/\/x.com\/casalinfants","https:\/\/www.youtube.com\/user\/CasaldelsInfants1","https:\/\/www.instagram.com\/casalinfants\/","https:\/\/www.linkedin.com\/company\/casaldelsinfants?trk=organization-update_share-update_actor-text"]},{"@type":"Person","@id":"https:\/\/www.casaldelsinfants.org\/es\/#\/schema\/person\/97707fc8c64900cf36891127dbf9fba8","name":"cdiAdmin","sameAs":["https:\/\/casaldelsinfants.org"]}]}},"publishpress_future_action":{"enabled":false,"date":"2026-05-09 11:18:42","action":"change-status","newStatus":"draft","terms":[],"taxonomy":"category","extraData":[]},"publishpress_future_workflow_manual_trigger":{"enabledWorkflows":[]},"_links":{"self":[{"href":"https:\/\/www.casaldelsinfants.org\/es\/wp-json\/wp\/v2\/posts\/4587","targetHints":{"allow":["GET"]}}],"collection":[{"href":"https:\/\/www.casaldelsinfants.org\/es\/wp-json\/wp\/v2\/posts"}],"about":[{"href":"https:\/\/www.casaldelsinfants.org\/es\/wp-json\/wp\/v2\/types\/post"}],"author":[{"embeddable":true,"href":"https:\/\/www.casaldelsinfants.org\/es\/wp-json\/wp\/v2\/users\/1"}],"replies":[{"embeddable":true,"href":"https:\/\/www.casaldelsinfants.org\/es\/wp-json\/wp\/v2\/comments?post=4587"}],"version-history":[{"count":1,"href":"https:\/\/www.casaldelsinfants.org\/es\/wp-json\/wp\/v2\/posts\/4587\/revisions"}],"predecessor-version":[{"id":6488,"href":"https:\/\/www.casaldelsinfants.org\/es\/wp-json\/wp\/v2\/posts\/4587\/revisions\/6488"}],"wp:featuredmedia":[{"embeddable":true,"href":"https:\/\/www.casaldelsinfants.org\/es\/wp-json\/wp\/v2\/media\/3723"}],"wp:attachment":[{"href":"https:\/\/www.casaldelsinfants.org\/es\/wp-json\/wp\/v2\/media?parent=4587"}],"wp:term":[{"taxonomy":"category","embeddable":true,"href":"https:\/\/www.casaldelsinfants.org\/es\/wp-json\/wp\/v2\/categories?post=4587"},{"taxonomy":"post_tag","embeddable":true,"href":"https:\/\/www.casaldelsinfants.org\/es\/wp-json\/wp\/v2\/tags?post=4587"},{"taxonomy":"seus","embeddable":true,"href":"https:\/\/www.casaldelsinfants.org\/es\/wp-json\/wp\/v2\/seus?post=4587"},{"taxonomy":"eixos","embeddable":true,"href":"https:\/\/www.casaldelsinfants.org\/es\/wp-json\/wp\/v2\/eixos?post=4587"}],"curies":[{"name":"wp","href":"https:\/\/api.w.org\/{rel}","templated":true}]}}