{"id":4588,"date":"2017-03-13T15:37:58","date_gmt":"2017-03-13T13:37:58","guid":{"rendered":"https:\/\/casal.puntzero.cat\/noticies\/radio-escola-quan-la-universitat-es-suma-la-igualtat-doportunitats\/"},"modified":"2023-05-01T19:13:02","modified_gmt":"2023-05-01T17:13:02","slug":"radio-escola-quan-la-universitat-es-suma-la-igualtat-doportunitats","status":"publish","type":"post","link":"https:\/\/www.casaldelsinfants.org\/es\/actualidad\/radio-escuela-cuando-la-universidad-se-suma-la-igualdad-de-oportunidades\/","title":{"rendered":"Radio Escuela: cuando la universidad se suma a la igualdad de oportunidades"},"content":{"rendered":"<p><strong><img decoding=\"async\" src=\"\/wp-content\/uploads\/radioravalcarrousel.jpg\" border=\"0\" alt=\"\" width=\"612\" height=\"308\" style=\"display: block; margin-left: auto; margin-right: auto;\" \/><\/strong><\/p>\n<p><strong>\u00a0<\/strong><\/p>\n<p style=\"text-align: justify;\"><strong>Chicos y chicas del Casal del barrio del Raval se inician en la pr\u00e1ctica radiof\u00f3nica con una visita a las instalaciones de la Universidad Pompeu Fabra, donde hacen varios talleres. Al acabar grabar\u00e1n su propio programa de radio en los estudios de la universidad.<\/strong><\/p>\n<p style=\"text-align: justify;\">Radio Escuela es un espacio dirigido a adolescentes para promover la creatividad y trabajar sus habilidades comunicativas, tanto de expresi\u00f3n oral como escrita, y despertarles inter\u00e9s por las historias cotidianas. <em>\u201cComo Casal\u00a0 Abierto Adolescente del Raval, cada lunes disponemos de un espacio donde hacemos talleres tem\u00e1ticos de m\u00fasica, cocina, horticultura&#8230; hace tiempo que hab\u00edamos pensado hacer uno relacionado con la radio. Aqu\u00ed es donde aparece la propuesta de la N\u00faria y la Clara, voluntarias del Casal y alumnas de periodismo de la UPF, que nos plantean la idea de hacer Radio Escuela con los y las j\u00f3venes.\u201d<\/em> Nos explica \u00a0Miguel Valera, el educador que ha acompa\u00f1ado a los j\u00f3venes en el proceso.<\/p>\n<p style=\"text-align: justify;\">La propuesta surge a partir del Trabajo Final de grado en Periodismo de las dos voluntarias, que quieren acercar el mundo de la radio a j\u00f3venes sin experiencia a trav\u00e9s de una visita guiada a las instalaciones de la universidad y una serie de talleres pr\u00e1cticos. En total,\u00a0 han participado una docena de chicos y chicas del Casal y cuatro adultos que los han acompa\u00f1ado con la intenci\u00f3n de dotarlos de herramientas para que acaben haciendo su propio programa radiof\u00f3nico&#8230;\u00a1todo un reto!<\/p>\n<p style=\"text-align: justify;\"><em>\u201cHemos conseguido que los chicos y chicas se interesen por lo que pasa a su alrededor y, adem\u00e1s, a trav\u00e9s de la radio hemos trabajado habilidades sociales y comunicativas pero tambi\u00e9n la capacidad de organizaci\u00f3n.\u201d<\/em>, nos explica Laia Ribas, educadora responsable del Casal Abierto de Adolescentes.<\/p>\n<p style=\"text-align: justify;\"><em>\u201cRadio Escuela tambi\u00e9n les ha servido para entender mejor su barrio y conocer iniciativas como la plataforma Salvemos el Sant Pau, el aniversario de la Filmoteca, la librer\u00eda Veusambveus&#8230; la parte\u00a0 m\u00e1s t\u00e9cnica les ha permitido conocer mejor el oficio de periodista: han tenido que hacer investigaci\u00f3n, preparar entrevistas, montar un clip de audio&#8230; se han sabido organizar muy bien y han recibido a Clara y a N\u00faria con respeto y admiraci\u00f3n\u201d<\/em>, a\u00f1ade Miguel, \u201c<em>adem\u00e1s, les ha encantado la visita a la universidad: \u00a1fue una gran experiencia para todos los chicos y chicas trabajar en unas instalaciones de radio profesionales!\u201d.<\/em><\/p>\n<p style=\"text-align: justify;\">La experiencia, adem\u00e1s de conectar los y las j\u00f3venes con el periodismo, ha acercado la\u00a0 universidad a la realidad de los barrios vulnerables desde el voluntariado, sumando esfuerzos\u00a0 para conseguir que todos los adolescentes tengan las mismas oportunidades de salir adelante.<\/p>\n","protected":false},"excerpt":{"rendered":"<p>\u00a0 Chicos y chicas del Casal del barrio del Raval se inician en la pr\u00e1ctica radiof\u00f3nica con una visita a las instalaciones de la Universidad Pompeu Fabra, donde hacen varios talleres. Al acabar grabar\u00e1n su propio programa de radio en los estudios de la universidad. Radio Escuela es un espacio dirigido a adolescentes para promover [&hellip;]<\/p>\n","protected":false},"author":1,"featured_media":3726,"comment_status":"open","ping_status":"open","sticky":false,"template":"","format":"standard","meta":{"_acf_changed":false,"_et_pb_use_builder":"","_et_pb_old_content":"","_et_gb_content_width":"","inline_featured_image":false,"footnotes":""},"categories":[125],"tags":[],"seus":[],"eixos":[],"class_list":["post-4588","post","type-post","status-publish","format-standard","has-post-thumbnail","hentry","category-noticias"],"acf":[],"yoast_head":"<!-- This site is optimized with the Yoast SEO plugin v27.4 - https:\/\/yoast.com\/product\/yoast-seo-wordpress\/ -->\n<title>Radio Escuela: cuando la universidad se suma a la igualdad de oportunidades - Casal dels Infants<\/title>\n<meta name=\"robots\" content=\"index, follow, max-snippet:-1, max-image-preview:large, max-video-preview:-1\" \/>\n<link rel=\"canonical\" href=\"https:\/\/www.casaldelsinfants.org\/es\/actualidad\/radio-escuela-cuando-la-universidad-se-suma-la-igualdad-de-oportunidades\/\" \/>\n<meta property=\"og:locale\" content=\"es_ES\" \/>\n<meta property=\"og:type\" content=\"article\" \/>\n<meta property=\"og:title\" content=\"Radio Escuela: cuando la universidad se suma a la igualdad de oportunidades - Casal dels Infants\" \/>\n<meta property=\"og:description\" content=\"\u00a0 Chicos y chicas del Casal del barrio del Raval se inician en la pr\u00e1ctica radiof\u00f3nica con una visita a las instalaciones de la Universidad Pompeu Fabra, donde hacen varios talleres. Al acabar grabar\u00e1n su propio programa de radio en los estudios de la universidad. Radio Escuela es un espacio dirigido a adolescentes para promover [&hellip;]\" \/>\n<meta property=\"og:url\" content=\"https:\/\/www.casaldelsinfants.org\/es\/actualidad\/radio-escuela-cuando-la-universidad-se-suma-la-igualdad-de-oportunidades\/\" \/>\n<meta property=\"og:site_name\" content=\"Casal dels Infants\" \/>\n<meta property=\"article:publisher\" content=\"https:\/\/www.facebook.com\/casalinfants\" \/>\n<meta property=\"article:published_time\" content=\"2017-03-13T13:37:58+00:00\" \/>\n<meta property=\"article:modified_time\" content=\"2023-05-01T17:13:02+00:00\" \/>\n<meta property=\"og:image\" content=\"https:\/\/www.casaldelsinfants.org\/wp-content\/uploads\/radioravalcarrousel.jpg\" \/>\n\t<meta property=\"og:image:width\" content=\"637\" \/>\n\t<meta property=\"og:image:height\" content=\"321\" \/>\n\t<meta property=\"og:image:type\" content=\"image\/jpeg\" \/>\n<meta name=\"author\" content=\"cdiAdmin\" \/>\n<meta name=\"twitter:card\" content=\"summary_large_image\" \/>\n<meta name=\"twitter:creator\" content=\"@casalinfants\" \/>\n<meta name=\"twitter:site\" content=\"@casalinfants\" \/>\n<meta name=\"twitter:label1\" content=\"Escrito por\" \/>\n\t<meta name=\"twitter:data1\" content=\"cdiAdmin\" \/>\n\t<meta name=\"twitter:label2\" content=\"Tiempo de lectura\" \/>\n\t<meta name=\"twitter:data2\" content=\"2 minutos\" \/>\n<script type=\"application\/ld+json\" class=\"yoast-schema-graph\">{\"@context\":\"https:\\\/\\\/schema.org\",\"@graph\":[{\"@type\":\"Article\",\"@id\":\"https:\\\/\\\/www.casaldelsinfants.org\\\/es\\\/actualidad\\\/radio-escuela-cuando-la-universidad-se-suma-la-igualdad-de-oportunidades\\\/#article\",\"isPartOf\":{\"@id\":\"https:\\\/\\\/www.casaldelsinfants.org\\\/es\\\/actualidad\\\/radio-escuela-cuando-la-universidad-se-suma-la-igualdad-de-oportunidades\\\/\"},\"author\":{\"name\":\"cdiAdmin\",\"@id\":\"https:\\\/\\\/www.casaldelsinfants.org\\\/es\\\/#\\\/schema\\\/person\\\/97707fc8c64900cf36891127dbf9fba8\"},\"headline\":\"Radio Escuela: cuando la universidad se suma a la igualdad de oportunidades\",\"datePublished\":\"2017-03-13T13:37:58+00:00\",\"dateModified\":\"2023-05-01T17:13:02+00:00\",\"mainEntityOfPage\":{\"@id\":\"https:\\\/\\\/www.casaldelsinfants.org\\\/es\\\/actualidad\\\/radio-escuela-cuando-la-universidad-se-suma-la-igualdad-de-oportunidades\\\/\"},\"wordCount\":471,\"commentCount\":0,\"publisher\":{\"@id\":\"https:\\\/\\\/www.casaldelsinfants.org\\\/es\\\/#organization\"},\"image\":{\"@id\":\"https:\\\/\\\/www.casaldelsinfants.org\\\/es\\\/actualidad\\\/radio-escuela-cuando-la-universidad-se-suma-la-igualdad-de-oportunidades\\\/#primaryimage\"},\"thumbnailUrl\":\"https:\\\/\\\/www.casaldelsinfants.org\\\/wp-content\\\/uploads\\\/radioravalcarrousel.jpg\",\"articleSection\":[\"Noticia\"],\"inLanguage\":\"es\",\"potentialAction\":[{\"@type\":\"CommentAction\",\"name\":\"Comment\",\"target\":[\"https:\\\/\\\/www.casaldelsinfants.org\\\/es\\\/actualidad\\\/radio-escuela-cuando-la-universidad-se-suma-la-igualdad-de-oportunidades\\\/#respond\"]}]},{\"@type\":\"WebPage\",\"@id\":\"https:\\\/\\\/www.casaldelsinfants.org\\\/es\\\/actualidad\\\/radio-escuela-cuando-la-universidad-se-suma-la-igualdad-de-oportunidades\\\/\",\"url\":\"https:\\\/\\\/www.casaldelsinfants.org\\\/es\\\/actualidad\\\/radio-escuela-cuando-la-universidad-se-suma-la-igualdad-de-oportunidades\\\/\",\"name\":\"Radio Escuela: cuando la universidad se suma a la igualdad de oportunidades - Casal dels Infants\",\"isPartOf\":{\"@id\":\"https:\\\/\\\/www.casaldelsinfants.org\\\/es\\\/#website\"},\"primaryImageOfPage\":{\"@id\":\"https:\\\/\\\/www.casaldelsinfants.org\\\/es\\\/actualidad\\\/radio-escuela-cuando-la-universidad-se-suma-la-igualdad-de-oportunidades\\\/#primaryimage\"},\"image\":{\"@id\":\"https:\\\/\\\/www.casaldelsinfants.org\\\/es\\\/actualidad\\\/radio-escuela-cuando-la-universidad-se-suma-la-igualdad-de-oportunidades\\\/#primaryimage\"},\"thumbnailUrl\":\"https:\\\/\\\/www.casaldelsinfants.org\\\/wp-content\\\/uploads\\\/radioravalcarrousel.jpg\",\"datePublished\":\"2017-03-13T13:37:58+00:00\",\"dateModified\":\"2023-05-01T17:13:02+00:00\",\"breadcrumb\":{\"@id\":\"https:\\\/\\\/www.casaldelsinfants.org\\\/es\\\/actualidad\\\/radio-escuela-cuando-la-universidad-se-suma-la-igualdad-de-oportunidades\\\/#breadcrumb\"},\"inLanguage\":\"es\",\"potentialAction\":[{\"@type\":\"ReadAction\",\"target\":[\"https:\\\/\\\/www.casaldelsinfants.org\\\/es\\\/actualidad\\\/radio-escuela-cuando-la-universidad-se-suma-la-igualdad-de-oportunidades\\\/\"]}]},{\"@type\":\"ImageObject\",\"inLanguage\":\"es\",\"@id\":\"https:\\\/\\\/www.casaldelsinfants.org\\\/es\\\/actualidad\\\/radio-escuela-cuando-la-universidad-se-suma-la-igualdad-de-oportunidades\\\/#primaryimage\",\"url\":\"https:\\\/\\\/www.casaldelsinfants.org\\\/wp-content\\\/uploads\\\/radioravalcarrousel.jpg\",\"contentUrl\":\"https:\\\/\\\/www.casaldelsinfants.org\\\/wp-content\\\/uploads\\\/radioravalcarrousel.jpg\",\"width\":637,\"height\":321,\"caption\":\"Persones fent servir ordinadors.\"},{\"@type\":\"BreadcrumbList\",\"@id\":\"https:\\\/\\\/www.casaldelsinfants.org\\\/es\\\/actualidad\\\/radio-escuela-cuando-la-universidad-se-suma-la-igualdad-de-oportunidades\\\/#breadcrumb\",\"itemListElement\":[{\"@type\":\"ListItem\",\"position\":1,\"name\":\"Inici\",\"item\":\"https:\\\/\\\/www.casaldelsinfants.org\\\/es\\\/\"},{\"@type\":\"ListItem\",\"position\":2,\"name\":\"Radio Escuela: cuando la universidad se suma a la igualdad de oportunidades\"}]},{\"@type\":\"WebSite\",\"@id\":\"https:\\\/\\\/www.casaldelsinfants.org\\\/es\\\/#website\",\"url\":\"https:\\\/\\\/www.casaldelsinfants.org\\\/es\\\/\",\"name\":\"Casal dels Infants\",\"description\":\"\",\"publisher\":{\"@id\":\"https:\\\/\\\/www.casaldelsinfants.org\\\/es\\\/#organization\"},\"potentialAction\":[{\"@type\":\"SearchAction\",\"target\":{\"@type\":\"EntryPoint\",\"urlTemplate\":\"https:\\\/\\\/www.casaldelsinfants.org\\\/es\\\/?s={search_term_string}\"},\"query-input\":{\"@type\":\"PropertyValueSpecification\",\"valueRequired\":true,\"valueName\":\"search_term_string\"}}],\"inLanguage\":\"es\"},{\"@type\":\"Organization\",\"@id\":\"https:\\\/\\\/www.casaldelsinfants.org\\\/es\\\/#organization\",\"name\":\"Casal dels Infants\",\"url\":\"https:\\\/\\\/www.casaldelsinfants.org\\\/es\\\/\",\"logo\":{\"@type\":\"ImageObject\",\"inLanguage\":\"es\",\"@id\":\"https:\\\/\\\/www.casaldelsinfants.org\\\/es\\\/#\\\/schema\\\/logo\\\/image\\\/\",\"url\":\"https:\\\/\\\/www.casaldelsinfants.org\\\/wp-content\\\/uploads\\\/logo-mail.png\",\"contentUrl\":\"https:\\\/\\\/www.casaldelsinfants.org\\\/wp-content\\\/uploads\\\/logo-mail.png\",\"width\":380,\"height\":158,\"caption\":\"Casal dels Infants\"},\"image\":{\"@id\":\"https:\\\/\\\/www.casaldelsinfants.org\\\/es\\\/#\\\/schema\\\/logo\\\/image\\\/\"},\"sameAs\":[\"https:\\\/\\\/www.facebook.com\\\/casalinfants\",\"https:\\\/\\\/x.com\\\/casalinfants\",\"https:\\\/\\\/www.youtube.com\\\/user\\\/CasaldelsInfants1\",\"https:\\\/\\\/www.instagram.com\\\/casalinfants\\\/\",\"https:\\\/\\\/www.linkedin.com\\\/company\\\/casaldelsinfants?trk=organization-update_share-update_actor-text\"]},{\"@type\":\"Person\",\"@id\":\"https:\\\/\\\/www.casaldelsinfants.org\\\/es\\\/#\\\/schema\\\/person\\\/97707fc8c64900cf36891127dbf9fba8\",\"name\":\"cdiAdmin\",\"sameAs\":[\"https:\\\/\\\/casaldelsinfants.org\"]}]}<\/script>\n<!-- \/ Yoast SEO plugin. -->","yoast_head_json":{"title":"Radio Escuela: cuando la universidad se suma a la igualdad de oportunidades - Casal dels Infants","robots":{"index":"index","follow":"follow","max-snippet":"max-snippet:-1","max-image-preview":"max-image-preview:large","max-video-preview":"max-video-preview:-1"},"canonical":"https:\/\/www.casaldelsinfants.org\/es\/actualidad\/radio-escuela-cuando-la-universidad-se-suma-la-igualdad-de-oportunidades\/","og_locale":"es_ES","og_type":"article","og_title":"Radio Escuela: cuando la universidad se suma a la igualdad de oportunidades - Casal dels Infants","og_description":"\u00a0 Chicos y chicas del Casal del barrio del Raval se inician en la pr\u00e1ctica radiof\u00f3nica con una visita a las instalaciones de la Universidad Pompeu Fabra, donde hacen varios talleres. Al acabar grabar\u00e1n su propio programa de radio en los estudios de la universidad. Radio Escuela es un espacio dirigido a adolescentes para promover [&hellip;]","og_url":"https:\/\/www.casaldelsinfants.org\/es\/actualidad\/radio-escuela-cuando-la-universidad-se-suma-la-igualdad-de-oportunidades\/","og_site_name":"Casal dels Infants","article_publisher":"https:\/\/www.facebook.com\/casalinfants","article_published_time":"2017-03-13T13:37:58+00:00","article_modified_time":"2023-05-01T17:13:02+00:00","og_image":[{"width":637,"height":321,"url":"https:\/\/www.casaldelsinfants.org\/wp-content\/uploads\/radioravalcarrousel.jpg","type":"image\/jpeg"}],"author":"cdiAdmin","twitter_card":"summary_large_image","twitter_creator":"@casalinfants","twitter_site":"@casalinfants","twitter_misc":{"Escrito por":"cdiAdmin","Tiempo de lectura":"2 minutos"},"schema":{"@context":"https:\/\/schema.org","@graph":[{"@type":"Article","@id":"https:\/\/www.casaldelsinfants.org\/es\/actualidad\/radio-escuela-cuando-la-universidad-se-suma-la-igualdad-de-oportunidades\/#article","isPartOf":{"@id":"https:\/\/www.casaldelsinfants.org\/es\/actualidad\/radio-escuela-cuando-la-universidad-se-suma-la-igualdad-de-oportunidades\/"},"author":{"name":"cdiAdmin","@id":"https:\/\/www.casaldelsinfants.org\/es\/#\/schema\/person\/97707fc8c64900cf36891127dbf9fba8"},"headline":"Radio Escuela: cuando la universidad se suma a la igualdad de oportunidades","datePublished":"2017-03-13T13:37:58+00:00","dateModified":"2023-05-01T17:13:02+00:00","mainEntityOfPage":{"@id":"https:\/\/www.casaldelsinfants.org\/es\/actualidad\/radio-escuela-cuando-la-universidad-se-suma-la-igualdad-de-oportunidades\/"},"wordCount":471,"commentCount":0,"publisher":{"@id":"https:\/\/www.casaldelsinfants.org\/es\/#organization"},"image":{"@id":"https:\/\/www.casaldelsinfants.org\/es\/actualidad\/radio-escuela-cuando-la-universidad-se-suma-la-igualdad-de-oportunidades\/#primaryimage"},"thumbnailUrl":"https:\/\/www.casaldelsinfants.org\/wp-content\/uploads\/radioravalcarrousel.jpg","articleSection":["Noticia"],"inLanguage":"es","potentialAction":[{"@type":"CommentAction","name":"Comment","target":["https:\/\/www.casaldelsinfants.org\/es\/actualidad\/radio-escuela-cuando-la-universidad-se-suma-la-igualdad-de-oportunidades\/#respond"]}]},{"@type":"WebPage","@id":"https:\/\/www.casaldelsinfants.org\/es\/actualidad\/radio-escuela-cuando-la-universidad-se-suma-la-igualdad-de-oportunidades\/","url":"https:\/\/www.casaldelsinfants.org\/es\/actualidad\/radio-escuela-cuando-la-universidad-se-suma-la-igualdad-de-oportunidades\/","name":"Radio Escuela: cuando la universidad se suma a la igualdad de oportunidades - Casal dels Infants","isPartOf":{"@id":"https:\/\/www.casaldelsinfants.org\/es\/#website"},"primaryImageOfPage":{"@id":"https:\/\/www.casaldelsinfants.org\/es\/actualidad\/radio-escuela-cuando-la-universidad-se-suma-la-igualdad-de-oportunidades\/#primaryimage"},"image":{"@id":"https:\/\/www.casaldelsinfants.org\/es\/actualidad\/radio-escuela-cuando-la-universidad-se-suma-la-igualdad-de-oportunidades\/#primaryimage"},"thumbnailUrl":"https:\/\/www.casaldelsinfants.org\/wp-content\/uploads\/radioravalcarrousel.jpg","datePublished":"2017-03-13T13:37:58+00:00","dateModified":"2023-05-01T17:13:02+00:00","breadcrumb":{"@id":"https:\/\/www.casaldelsinfants.org\/es\/actualidad\/radio-escuela-cuando-la-universidad-se-suma-la-igualdad-de-oportunidades\/#breadcrumb"},"inLanguage":"es","potentialAction":[{"@type":"ReadAction","target":["https:\/\/www.casaldelsinfants.org\/es\/actualidad\/radio-escuela-cuando-la-universidad-se-suma-la-igualdad-de-oportunidades\/"]}]},{"@type":"ImageObject","inLanguage":"es","@id":"https:\/\/www.casaldelsinfants.org\/es\/actualidad\/radio-escuela-cuando-la-universidad-se-suma-la-igualdad-de-oportunidades\/#primaryimage","url":"https:\/\/www.casaldelsinfants.org\/wp-content\/uploads\/radioravalcarrousel.jpg","contentUrl":"https:\/\/www.casaldelsinfants.org\/wp-content\/uploads\/radioravalcarrousel.jpg","width":637,"height":321,"caption":"Persones fent servir ordinadors."},{"@type":"BreadcrumbList","@id":"https:\/\/www.casaldelsinfants.org\/es\/actualidad\/radio-escuela-cuando-la-universidad-se-suma-la-igualdad-de-oportunidades\/#breadcrumb","itemListElement":[{"@type":"ListItem","position":1,"name":"Inici","item":"https:\/\/www.casaldelsinfants.org\/es\/"},{"@type":"ListItem","position":2,"name":"Radio Escuela: cuando la universidad se suma a la igualdad de oportunidades"}]},{"@type":"WebSite","@id":"https:\/\/www.casaldelsinfants.org\/es\/#website","url":"https:\/\/www.casaldelsinfants.org\/es\/","name":"Casal dels Infants","description":"","publisher":{"@id":"https:\/\/www.casaldelsinfants.org\/es\/#organization"},"potentialAction":[{"@type":"SearchAction","target":{"@type":"EntryPoint","urlTemplate":"https:\/\/www.casaldelsinfants.org\/es\/?s={search_term_string}"},"query-input":{"@type":"PropertyValueSpecification","valueRequired":true,"valueName":"search_term_string"}}],"inLanguage":"es"},{"@type":"Organization","@id":"https:\/\/www.casaldelsinfants.org\/es\/#organization","name":"Casal dels Infants","url":"https:\/\/www.casaldelsinfants.org\/es\/","logo":{"@type":"ImageObject","inLanguage":"es","@id":"https:\/\/www.casaldelsinfants.org\/es\/#\/schema\/logo\/image\/","url":"https:\/\/www.casaldelsinfants.org\/wp-content\/uploads\/logo-mail.png","contentUrl":"https:\/\/www.casaldelsinfants.org\/wp-content\/uploads\/logo-mail.png","width":380,"height":158,"caption":"Casal dels Infants"},"image":{"@id":"https:\/\/www.casaldelsinfants.org\/es\/#\/schema\/logo\/image\/"},"sameAs":["https:\/\/www.facebook.com\/casalinfants","https:\/\/x.com\/casalinfants","https:\/\/www.youtube.com\/user\/CasaldelsInfants1","https:\/\/www.instagram.com\/casalinfants\/","https:\/\/www.linkedin.com\/company\/casaldelsinfants?trk=organization-update_share-update_actor-text"]},{"@type":"Person","@id":"https:\/\/www.casaldelsinfants.org\/es\/#\/schema\/person\/97707fc8c64900cf36891127dbf9fba8","name":"cdiAdmin","sameAs":["https:\/\/casaldelsinfants.org"]}]}},"publishpress_future_action":{"enabled":false,"date":"2026-05-07 11:29:55","action":"change-status","newStatus":"draft","terms":[],"taxonomy":"category","extraData":[]},"publishpress_future_workflow_manual_trigger":{"enabledWorkflows":[]},"_links":{"self":[{"href":"https:\/\/www.casaldelsinfants.org\/es\/wp-json\/wp\/v2\/posts\/4588","targetHints":{"allow":["GET"]}}],"collection":[{"href":"https:\/\/www.casaldelsinfants.org\/es\/wp-json\/wp\/v2\/posts"}],"about":[{"href":"https:\/\/www.casaldelsinfants.org\/es\/wp-json\/wp\/v2\/types\/post"}],"author":[{"embeddable":true,"href":"https:\/\/www.casaldelsinfants.org\/es\/wp-json\/wp\/v2\/users\/1"}],"replies":[{"embeddable":true,"href":"https:\/\/www.casaldelsinfants.org\/es\/wp-json\/wp\/v2\/comments?post=4588"}],"version-history":[{"count":1,"href":"https:\/\/www.casaldelsinfants.org\/es\/wp-json\/wp\/v2\/posts\/4588\/revisions"}],"predecessor-version":[{"id":6489,"href":"https:\/\/www.casaldelsinfants.org\/es\/wp-json\/wp\/v2\/posts\/4588\/revisions\/6489"}],"wp:featuredmedia":[{"embeddable":true,"href":"https:\/\/www.casaldelsinfants.org\/es\/wp-json\/wp\/v2\/media\/3726"}],"wp:attachment":[{"href":"https:\/\/www.casaldelsinfants.org\/es\/wp-json\/wp\/v2\/media?parent=4588"}],"wp:term":[{"taxonomy":"category","embeddable":true,"href":"https:\/\/www.casaldelsinfants.org\/es\/wp-json\/wp\/v2\/categories?post=4588"},{"taxonomy":"post_tag","embeddable":true,"href":"https:\/\/www.casaldelsinfants.org\/es\/wp-json\/wp\/v2\/tags?post=4588"},{"taxonomy":"seus","embeddable":true,"href":"https:\/\/www.casaldelsinfants.org\/es\/wp-json\/wp\/v2\/seus?post=4588"},{"taxonomy":"eixos","embeddable":true,"href":"https:\/\/www.casaldelsinfants.org\/es\/wp-json\/wp\/v2\/eixos?post=4588"}],"curies":[{"name":"wp","href":"https:\/\/api.w.org\/{rel}","templated":true}]}}