{"id":4589,"date":"2017-03-07T15:17:50","date_gmt":"2017-03-07T13:17:50","guid":{"rendered":"https:\/\/casal.puntzero.cat\/noticies\/la-magia-del-rei-carnestoltes-torna-als-barris\/"},"modified":"2023-05-01T19:13:09","modified_gmt":"2023-05-01T17:13:09","slug":"la-magia-del-rei-carnestoltes-torna-als-barris","status":"publish","type":"post","link":"https:\/\/www.casaldelsinfants.org\/es\/actualidad\/la-magia-del-carnaval-vuelve-los-barrios\/","title":{"rendered":"La magia del Carnaval vuelve a los barrios"},"content":{"rendered":"<h4 style=\"text-align: justify;\"><strong>\u00a0<\/strong><\/h4>\n<h4><strong><img decoding=\"async\" src=\"\/wp-content\/uploads\/IMG_7481.jpg\" border=\"0\" alt=\"\" width=\"768\" height=\"431\" style=\"display: block; margin-left: auto; margin-right: auto;\" \/><\/strong><\/h4>\n<h4 style=\"text-align: justify;\"><strong>\u00a0<\/strong><\/h4>\n<h4 style=\"text-align: justify;\"><strong>El esp\u00edritu festivo del Carnaval inunda el Casal de sonrisas, de colores, de ilusi\u00f3n! Los ni\u00f1os, j\u00f3venes y familias han participado en la creatividad y la expresividad con los vecinos y vecinas de su barrio . Una fiesta m\u00e1gica donde todo el mundo puede ser qui\u00e9n quiera ser!<\/strong><\/h4>\n<h4 style=\"text-align: justify;\"><strong>\u00a0<\/strong><\/h4>\n<p style=\"text-align: justify;\">Los ni\u00f1os y ni\u00f1as del Casal de Badalona, Santa Coloma, Sant Adri\u00e0 de Bes\u00f2s y Salt han participado en la fiesta de Carnaval de sus barrios en una semana donde se han ilusionado haciendo los disfraces y saliendo a la calle con los amigos y amigas&#8230;haciendo barrio!<\/p>\n<p style=\"text-align: justify;\">El Carrnaval \u00a0de Llefi\u00e0 es el Carnaval de Badalona, la fiesta oficial de toda la ciudad, y todo el Casal dels Infants-La Betsaida ha participado. Desde los m\u00e1s peque\u00f1os hasta los j\u00f3venes y las familias se han disfrazado de malabaristas, de magos y de domadores de leones para hacer la representaci\u00f3n m\u00e1s colorida y trabajada de un circo! As\u00ed lo ha reconocido la organizaci\u00f3n, que les ha dado un premio. Los j\u00f3venes del Casal, que han organizado la comparsa y los disfraces estaban <strong>\u201cmuy emocionados de recibir este gran reconocimiento\u201d <\/strong>ha comentado la educadora, Anna Francisco, <strong>\u201c hace semanas que se re\u00fanen para decidir la log\u00edstica del desfile, cada peque\u00f1o detalle: se han hecho responsables de que todos los ni\u00f1os y ni\u00f1as de la Betsaida se lo pasen bien y encima han recibido un premio! estamos muy contentos y orgullosos\u201d<\/strong>.<\/p>\n<p style=\"text-align: justify;\">\u00a0<\/p>\n<p style=\"text-align: justify;\">En Salt, los m\u00e1s peque\u00f1os han participado en un taller de creaci\u00f3n de disfraces y han decidido entre todos que la tem\u00e1tica de este a\u00f1o sea \u201ccocineros divertidos\u201d. Han elaborado el disfraz de pies a cabeza, empezando por el sombrero y el delantal&#8230;estaban para com\u00e9rselos! A su vez, los adolescentes han participado en talleres de caracterizaci\u00f3n de tem\u00e1tica zombie que, seg\u00fan la educadora Alicia Garcia, les ha hecho descubrir una faceta art\u00edstica y creativa que muchos no esperaban:<strong>\u201dlos chicos y chicas estaban muy emocionados porque las heridas que se maquillaban eran muy reales\u201d<\/strong>. Ra\u00edz de este entusiasmo, organizar\u00e1n talleres para que los peque\u00f1os puedan tambi\u00e9n disfrutar de esta experiencia.<\/p>\n<p style=\"text-align: justify;\">\u00a0<\/p>\n<p style=\"text-align: justify;\">El trabajo por la mejora de la convivencia entre culturas ha sido el eje vertebrador del Carnaval a Santa Coloma. Ha participado todo el Casal, en una fiesta \u201cpasada por agua\u201d que les ha obligado a disfrazarse dentro del local. A\u00fan as\u00ed esperan con ganas el desfile aplazado, que llenar\u00e1 las calles desde el barrio de Fondo hasta el Raval-Santa Rosa de fiesta y color!<\/p>\n<p style=\"text-align: justify;\">\u00a0<\/p>\n<p>Una semana despu\u00e9s del entierro de la sardina y, como ya es tradici\u00f3n, ha llegado la Ravalstoltada al barrio del Raval de Barcelona. Este a\u00f1o, debido a las obras de la plaza de Folch y Torres, el centro neur\u00e1lgico de la fiesta se ha desplazado a la Rambla del Raval, origen y final del desfile que ha reunido centenares de vecinos y vecinas, de ni\u00f1os, j\u00f3venes y familias del Casal bajo el lema \u201cmoda de todos los tiempos\u201d. <strong>\u201cLa Ravalstoltada ha transformado todos los rincones del Raval en una gran fiesta y ha repartido alegr\u00eda y complicidades entre los vecinos y las familias del Casal\u201d<\/strong>, ha comentado Olga Gall\u00e8s educadora y co-organizadora de la fiesta.<\/p>\n<p>\u00a0<\/p>\n","protected":false},"excerpt":{"rendered":"<p>\u00a0 \u00a0 El esp\u00edritu festivo del Carnaval inunda el Casal de sonrisas, de colores, de ilusi\u00f3n! Los ni\u00f1os, j\u00f3venes y familias han participado en la creatividad y la expresividad con los vecinos y vecinas de su barrio . Una fiesta m\u00e1gica donde todo el mundo puede ser qui\u00e9n quiera ser! \u00a0 Los ni\u00f1os y ni\u00f1as [&hellip;]<\/p>\n","protected":false},"author":1,"featured_media":3731,"comment_status":"open","ping_status":"open","sticky":false,"template":"","format":"standard","meta":{"_acf_changed":false,"_et_pb_use_builder":"","_et_pb_old_content":"","_et_gb_content_width":"","inline_featured_image":false,"footnotes":""},"categories":[125],"tags":[],"seus":[15],"eixos":[102],"class_list":["post-4589","post","type-post","status-publish","format-standard","has-post-thumbnail","hentry","category-noticias","seus-badalona","eixos-jovenes"],"acf":[],"yoast_head":"<!-- This site is optimized with the Yoast SEO plugin v27.4 - https:\/\/yoast.com\/product\/yoast-seo-wordpress\/ -->\n<title>La magia del Carnaval vuelve a los barrios - Casal dels Infants<\/title>\n<meta name=\"robots\" content=\"index, follow, max-snippet:-1, max-image-preview:large, max-video-preview:-1\" \/>\n<link rel=\"canonical\" href=\"https:\/\/www.casaldelsinfants.org\/es\/actualidad\/la-magia-del-carnaval-vuelve-los-barrios\/\" \/>\n<meta property=\"og:locale\" content=\"es_ES\" \/>\n<meta property=\"og:type\" content=\"article\" \/>\n<meta property=\"og:title\" content=\"La magia del Carnaval vuelve a los barrios - Casal dels Infants\" \/>\n<meta property=\"og:description\" content=\"\u00a0 \u00a0 El esp\u00edritu festivo del Carnaval inunda el Casal de sonrisas, de colores, de ilusi\u00f3n! Los ni\u00f1os, j\u00f3venes y familias han participado en la creatividad y la expresividad con los vecinos y vecinas de su barrio . Una fiesta m\u00e1gica donde todo el mundo puede ser qui\u00e9n quiera ser! \u00a0 Los ni\u00f1os y ni\u00f1as [&hellip;]\" \/>\n<meta property=\"og:url\" content=\"https:\/\/www.casaldelsinfants.org\/es\/actualidad\/la-magia-del-carnaval-vuelve-los-barrios\/\" \/>\n<meta property=\"og:site_name\" content=\"Casal dels Infants\" \/>\n<meta property=\"article:publisher\" content=\"https:\/\/www.facebook.com\/casalinfants\" \/>\n<meta property=\"article:published_time\" content=\"2017-03-07T13:17:50+00:00\" \/>\n<meta property=\"article:modified_time\" content=\"2023-05-01T17:13:09+00:00\" \/>\n<meta property=\"og:image\" content=\"https:\/\/www.casaldelsinfants.org\/wp-content\/uploads\/IMG_7481-scaled.jpg\" \/>\n\t<meta property=\"og:image:width\" content=\"2560\" \/>\n\t<meta property=\"og:image:height\" content=\"1439\" \/>\n\t<meta property=\"og:image:type\" content=\"image\/jpeg\" \/>\n<meta name=\"author\" content=\"cdiAdmin\" \/>\n<meta name=\"twitter:card\" content=\"summary_large_image\" \/>\n<meta name=\"twitter:creator\" content=\"@casalinfants\" \/>\n<meta name=\"twitter:site\" content=\"@casalinfants\" \/>\n<meta name=\"twitter:label1\" content=\"Escrito por\" \/>\n\t<meta name=\"twitter:data1\" content=\"cdiAdmin\" \/>\n\t<meta name=\"twitter:label2\" content=\"Tiempo de lectura\" \/>\n\t<meta name=\"twitter:data2\" content=\"3 minutos\" \/>\n<script type=\"application\/ld+json\" class=\"yoast-schema-graph\">{\"@context\":\"https:\\\/\\\/schema.org\",\"@graph\":[{\"@type\":\"Article\",\"@id\":\"https:\\\/\\\/www.casaldelsinfants.org\\\/es\\\/actualidad\\\/la-magia-del-carnaval-vuelve-los-barrios\\\/#article\",\"isPartOf\":{\"@id\":\"https:\\\/\\\/www.casaldelsinfants.org\\\/es\\\/actualidad\\\/la-magia-del-carnaval-vuelve-los-barrios\\\/\"},\"author\":{\"name\":\"cdiAdmin\",\"@id\":\"https:\\\/\\\/www.casaldelsinfants.org\\\/es\\\/#\\\/schema\\\/person\\\/97707fc8c64900cf36891127dbf9fba8\"},\"headline\":\"La magia del Carnaval vuelve a los barrios\",\"datePublished\":\"2017-03-07T13:17:50+00:00\",\"dateModified\":\"2023-05-01T17:13:09+00:00\",\"mainEntityOfPage\":{\"@id\":\"https:\\\/\\\/www.casaldelsinfants.org\\\/es\\\/actualidad\\\/la-magia-del-carnaval-vuelve-los-barrios\\\/\"},\"wordCount\":577,\"commentCount\":0,\"publisher\":{\"@id\":\"https:\\\/\\\/www.casaldelsinfants.org\\\/es\\\/#organization\"},\"image\":{\"@id\":\"https:\\\/\\\/www.casaldelsinfants.org\\\/es\\\/actualidad\\\/la-magia-del-carnaval-vuelve-los-barrios\\\/#primaryimage\"},\"thumbnailUrl\":\"https:\\\/\\\/www.casaldelsinfants.org\\\/wp-content\\\/uploads\\\/IMG_7481-scaled.jpg\",\"articleSection\":[\"Noticia\"],\"inLanguage\":\"es\",\"potentialAction\":[{\"@type\":\"CommentAction\",\"name\":\"Comment\",\"target\":[\"https:\\\/\\\/www.casaldelsinfants.org\\\/es\\\/actualidad\\\/la-magia-del-carnaval-vuelve-los-barrios\\\/#respond\"]}]},{\"@type\":\"WebPage\",\"@id\":\"https:\\\/\\\/www.casaldelsinfants.org\\\/es\\\/actualidad\\\/la-magia-del-carnaval-vuelve-los-barrios\\\/\",\"url\":\"https:\\\/\\\/www.casaldelsinfants.org\\\/es\\\/actualidad\\\/la-magia-del-carnaval-vuelve-los-barrios\\\/\",\"name\":\"La magia del Carnaval vuelve a los barrios - Casal dels Infants\",\"isPartOf\":{\"@id\":\"https:\\\/\\\/www.casaldelsinfants.org\\\/es\\\/#website\"},\"primaryImageOfPage\":{\"@id\":\"https:\\\/\\\/www.casaldelsinfants.org\\\/es\\\/actualidad\\\/la-magia-del-carnaval-vuelve-los-barrios\\\/#primaryimage\"},\"image\":{\"@id\":\"https:\\\/\\\/www.casaldelsinfants.org\\\/es\\\/actualidad\\\/la-magia-del-carnaval-vuelve-los-barrios\\\/#primaryimage\"},\"thumbnailUrl\":\"https:\\\/\\\/www.casaldelsinfants.org\\\/wp-content\\\/uploads\\\/IMG_7481-scaled.jpg\",\"datePublished\":\"2017-03-07T13:17:50+00:00\",\"dateModified\":\"2023-05-01T17:13:09+00:00\",\"breadcrumb\":{\"@id\":\"https:\\\/\\\/www.casaldelsinfants.org\\\/es\\\/actualidad\\\/la-magia-del-carnaval-vuelve-los-barrios\\\/#breadcrumb\"},\"inLanguage\":\"es\",\"potentialAction\":[{\"@type\":\"ReadAction\",\"target\":[\"https:\\\/\\\/www.casaldelsinfants.org\\\/es\\\/actualidad\\\/la-magia-del-carnaval-vuelve-los-barrios\\\/\"]}]},{\"@type\":\"ImageObject\",\"inLanguage\":\"es\",\"@id\":\"https:\\\/\\\/www.casaldelsinfants.org\\\/es\\\/actualidad\\\/la-magia-del-carnaval-vuelve-los-barrios\\\/#primaryimage\",\"url\":\"https:\\\/\\\/www.casaldelsinfants.org\\\/wp-content\\\/uploads\\\/IMG_7481-scaled.jpg\",\"contentUrl\":\"https:\\\/\\\/www.casaldelsinfants.org\\\/wp-content\\\/uploads\\\/IMG_7481-scaled.jpg\",\"width\":2560,\"height\":1439,\"caption\":\"Nens i nenes del Casal dels infants disfressats de superherois per Carnestoltes\"},{\"@type\":\"BreadcrumbList\",\"@id\":\"https:\\\/\\\/www.casaldelsinfants.org\\\/es\\\/actualidad\\\/la-magia-del-carnaval-vuelve-los-barrios\\\/#breadcrumb\",\"itemListElement\":[{\"@type\":\"ListItem\",\"position\":1,\"name\":\"Inici\",\"item\":\"https:\\\/\\\/www.casaldelsinfants.org\\\/es\\\/\"},{\"@type\":\"ListItem\",\"position\":2,\"name\":\"La magia del Carnaval vuelve a los barrios\"}]},{\"@type\":\"WebSite\",\"@id\":\"https:\\\/\\\/www.casaldelsinfants.org\\\/es\\\/#website\",\"url\":\"https:\\\/\\\/www.casaldelsinfants.org\\\/es\\\/\",\"name\":\"Casal dels Infants\",\"description\":\"\",\"publisher\":{\"@id\":\"https:\\\/\\\/www.casaldelsinfants.org\\\/es\\\/#organization\"},\"potentialAction\":[{\"@type\":\"SearchAction\",\"target\":{\"@type\":\"EntryPoint\",\"urlTemplate\":\"https:\\\/\\\/www.casaldelsinfants.org\\\/es\\\/?s={search_term_string}\"},\"query-input\":{\"@type\":\"PropertyValueSpecification\",\"valueRequired\":true,\"valueName\":\"search_term_string\"}}],\"inLanguage\":\"es\"},{\"@type\":\"Organization\",\"@id\":\"https:\\\/\\\/www.casaldelsinfants.org\\\/es\\\/#organization\",\"name\":\"Casal dels Infants\",\"url\":\"https:\\\/\\\/www.casaldelsinfants.org\\\/es\\\/\",\"logo\":{\"@type\":\"ImageObject\",\"inLanguage\":\"es\",\"@id\":\"https:\\\/\\\/www.casaldelsinfants.org\\\/es\\\/#\\\/schema\\\/logo\\\/image\\\/\",\"url\":\"https:\\\/\\\/www.casaldelsinfants.org\\\/wp-content\\\/uploads\\\/logo-mail.png\",\"contentUrl\":\"https:\\\/\\\/www.casaldelsinfants.org\\\/wp-content\\\/uploads\\\/logo-mail.png\",\"width\":380,\"height\":158,\"caption\":\"Casal dels Infants\"},\"image\":{\"@id\":\"https:\\\/\\\/www.casaldelsinfants.org\\\/es\\\/#\\\/schema\\\/logo\\\/image\\\/\"},\"sameAs\":[\"https:\\\/\\\/www.facebook.com\\\/casalinfants\",\"https:\\\/\\\/x.com\\\/casalinfants\",\"https:\\\/\\\/www.youtube.com\\\/user\\\/CasaldelsInfants1\",\"https:\\\/\\\/www.instagram.com\\\/casalinfants\\\/\",\"https:\\\/\\\/www.linkedin.com\\\/company\\\/casaldelsinfants?trk=organization-update_share-update_actor-text\"]},{\"@type\":\"Person\",\"@id\":\"https:\\\/\\\/www.casaldelsinfants.org\\\/es\\\/#\\\/schema\\\/person\\\/97707fc8c64900cf36891127dbf9fba8\",\"name\":\"cdiAdmin\",\"sameAs\":[\"https:\\\/\\\/casaldelsinfants.org\"]}]}<\/script>\n<!-- \/ Yoast SEO plugin. -->","yoast_head_json":{"title":"La magia del Carnaval vuelve a los barrios - Casal dels Infants","robots":{"index":"index","follow":"follow","max-snippet":"max-snippet:-1","max-image-preview":"max-image-preview:large","max-video-preview":"max-video-preview:-1"},"canonical":"https:\/\/www.casaldelsinfants.org\/es\/actualidad\/la-magia-del-carnaval-vuelve-los-barrios\/","og_locale":"es_ES","og_type":"article","og_title":"La magia del Carnaval vuelve a los barrios - Casal dels Infants","og_description":"\u00a0 \u00a0 El esp\u00edritu festivo del Carnaval inunda el Casal de sonrisas, de colores, de ilusi\u00f3n! Los ni\u00f1os, j\u00f3venes y familias han participado en la creatividad y la expresividad con los vecinos y vecinas de su barrio . Una fiesta m\u00e1gica donde todo el mundo puede ser qui\u00e9n quiera ser! \u00a0 Los ni\u00f1os y ni\u00f1as [&hellip;]","og_url":"https:\/\/www.casaldelsinfants.org\/es\/actualidad\/la-magia-del-carnaval-vuelve-los-barrios\/","og_site_name":"Casal dels Infants","article_publisher":"https:\/\/www.facebook.com\/casalinfants","article_published_time":"2017-03-07T13:17:50+00:00","article_modified_time":"2023-05-01T17:13:09+00:00","og_image":[{"width":2560,"height":1439,"url":"https:\/\/www.casaldelsinfants.org\/wp-content\/uploads\/IMG_7481-scaled.jpg","type":"image\/jpeg"}],"author":"cdiAdmin","twitter_card":"summary_large_image","twitter_creator":"@casalinfants","twitter_site":"@casalinfants","twitter_misc":{"Escrito por":"cdiAdmin","Tiempo de lectura":"3 minutos"},"schema":{"@context":"https:\/\/schema.org","@graph":[{"@type":"Article","@id":"https:\/\/www.casaldelsinfants.org\/es\/actualidad\/la-magia-del-carnaval-vuelve-los-barrios\/#article","isPartOf":{"@id":"https:\/\/www.casaldelsinfants.org\/es\/actualidad\/la-magia-del-carnaval-vuelve-los-barrios\/"},"author":{"name":"cdiAdmin","@id":"https:\/\/www.casaldelsinfants.org\/es\/#\/schema\/person\/97707fc8c64900cf36891127dbf9fba8"},"headline":"La magia del Carnaval vuelve a los barrios","datePublished":"2017-03-07T13:17:50+00:00","dateModified":"2023-05-01T17:13:09+00:00","mainEntityOfPage":{"@id":"https:\/\/www.casaldelsinfants.org\/es\/actualidad\/la-magia-del-carnaval-vuelve-los-barrios\/"},"wordCount":577,"commentCount":0,"publisher":{"@id":"https:\/\/www.casaldelsinfants.org\/es\/#organization"},"image":{"@id":"https:\/\/www.casaldelsinfants.org\/es\/actualidad\/la-magia-del-carnaval-vuelve-los-barrios\/#primaryimage"},"thumbnailUrl":"https:\/\/www.casaldelsinfants.org\/wp-content\/uploads\/IMG_7481-scaled.jpg","articleSection":["Noticia"],"inLanguage":"es","potentialAction":[{"@type":"CommentAction","name":"Comment","target":["https:\/\/www.casaldelsinfants.org\/es\/actualidad\/la-magia-del-carnaval-vuelve-los-barrios\/#respond"]}]},{"@type":"WebPage","@id":"https:\/\/www.casaldelsinfants.org\/es\/actualidad\/la-magia-del-carnaval-vuelve-los-barrios\/","url":"https:\/\/www.casaldelsinfants.org\/es\/actualidad\/la-magia-del-carnaval-vuelve-los-barrios\/","name":"La magia del Carnaval vuelve a los barrios - Casal dels Infants","isPartOf":{"@id":"https:\/\/www.casaldelsinfants.org\/es\/#website"},"primaryImageOfPage":{"@id":"https:\/\/www.casaldelsinfants.org\/es\/actualidad\/la-magia-del-carnaval-vuelve-los-barrios\/#primaryimage"},"image":{"@id":"https:\/\/www.casaldelsinfants.org\/es\/actualidad\/la-magia-del-carnaval-vuelve-los-barrios\/#primaryimage"},"thumbnailUrl":"https:\/\/www.casaldelsinfants.org\/wp-content\/uploads\/IMG_7481-scaled.jpg","datePublished":"2017-03-07T13:17:50+00:00","dateModified":"2023-05-01T17:13:09+00:00","breadcrumb":{"@id":"https:\/\/www.casaldelsinfants.org\/es\/actualidad\/la-magia-del-carnaval-vuelve-los-barrios\/#breadcrumb"},"inLanguage":"es","potentialAction":[{"@type":"ReadAction","target":["https:\/\/www.casaldelsinfants.org\/es\/actualidad\/la-magia-del-carnaval-vuelve-los-barrios\/"]}]},{"@type":"ImageObject","inLanguage":"es","@id":"https:\/\/www.casaldelsinfants.org\/es\/actualidad\/la-magia-del-carnaval-vuelve-los-barrios\/#primaryimage","url":"https:\/\/www.casaldelsinfants.org\/wp-content\/uploads\/IMG_7481-scaled.jpg","contentUrl":"https:\/\/www.casaldelsinfants.org\/wp-content\/uploads\/IMG_7481-scaled.jpg","width":2560,"height":1439,"caption":"Nens i nenes del Casal dels infants disfressats de superherois per Carnestoltes"},{"@type":"BreadcrumbList","@id":"https:\/\/www.casaldelsinfants.org\/es\/actualidad\/la-magia-del-carnaval-vuelve-los-barrios\/#breadcrumb","itemListElement":[{"@type":"ListItem","position":1,"name":"Inici","item":"https:\/\/www.casaldelsinfants.org\/es\/"},{"@type":"ListItem","position":2,"name":"La magia del Carnaval vuelve a los barrios"}]},{"@type":"WebSite","@id":"https:\/\/www.casaldelsinfants.org\/es\/#website","url":"https:\/\/www.casaldelsinfants.org\/es\/","name":"Casal dels Infants","description":"","publisher":{"@id":"https:\/\/www.casaldelsinfants.org\/es\/#organization"},"potentialAction":[{"@type":"SearchAction","target":{"@type":"EntryPoint","urlTemplate":"https:\/\/www.casaldelsinfants.org\/es\/?s={search_term_string}"},"query-input":{"@type":"PropertyValueSpecification","valueRequired":true,"valueName":"search_term_string"}}],"inLanguage":"es"},{"@type":"Organization","@id":"https:\/\/www.casaldelsinfants.org\/es\/#organization","name":"Casal dels Infants","url":"https:\/\/www.casaldelsinfants.org\/es\/","logo":{"@type":"ImageObject","inLanguage":"es","@id":"https:\/\/www.casaldelsinfants.org\/es\/#\/schema\/logo\/image\/","url":"https:\/\/www.casaldelsinfants.org\/wp-content\/uploads\/logo-mail.png","contentUrl":"https:\/\/www.casaldelsinfants.org\/wp-content\/uploads\/logo-mail.png","width":380,"height":158,"caption":"Casal dels Infants"},"image":{"@id":"https:\/\/www.casaldelsinfants.org\/es\/#\/schema\/logo\/image\/"},"sameAs":["https:\/\/www.facebook.com\/casalinfants","https:\/\/x.com\/casalinfants","https:\/\/www.youtube.com\/user\/CasaldelsInfants1","https:\/\/www.instagram.com\/casalinfants\/","https:\/\/www.linkedin.com\/company\/casaldelsinfants?trk=organization-update_share-update_actor-text"]},{"@type":"Person","@id":"https:\/\/www.casaldelsinfants.org\/es\/#\/schema\/person\/97707fc8c64900cf36891127dbf9fba8","name":"cdiAdmin","sameAs":["https:\/\/casaldelsinfants.org"]}]}},"publishpress_future_action":{"enabled":false,"date":"2026-05-07 11:12:19","action":"change-status","newStatus":"draft","terms":[],"taxonomy":"category","extraData":[]},"publishpress_future_workflow_manual_trigger":{"enabledWorkflows":[]},"_links":{"self":[{"href":"https:\/\/www.casaldelsinfants.org\/es\/wp-json\/wp\/v2\/posts\/4589","targetHints":{"allow":["GET"]}}],"collection":[{"href":"https:\/\/www.casaldelsinfants.org\/es\/wp-json\/wp\/v2\/posts"}],"about":[{"href":"https:\/\/www.casaldelsinfants.org\/es\/wp-json\/wp\/v2\/types\/post"}],"author":[{"embeddable":true,"href":"https:\/\/www.casaldelsinfants.org\/es\/wp-json\/wp\/v2\/users\/1"}],"replies":[{"embeddable":true,"href":"https:\/\/www.casaldelsinfants.org\/es\/wp-json\/wp\/v2\/comments?post=4589"}],"version-history":[{"count":1,"href":"https:\/\/www.casaldelsinfants.org\/es\/wp-json\/wp\/v2\/posts\/4589\/revisions"}],"predecessor-version":[{"id":6490,"href":"https:\/\/www.casaldelsinfants.org\/es\/wp-json\/wp\/v2\/posts\/4589\/revisions\/6490"}],"wp:featuredmedia":[{"embeddable":true,"href":"https:\/\/www.casaldelsinfants.org\/es\/wp-json\/wp\/v2\/media\/3731"}],"wp:attachment":[{"href":"https:\/\/www.casaldelsinfants.org\/es\/wp-json\/wp\/v2\/media?parent=4589"}],"wp:term":[{"taxonomy":"category","embeddable":true,"href":"https:\/\/www.casaldelsinfants.org\/es\/wp-json\/wp\/v2\/categories?post=4589"},{"taxonomy":"post_tag","embeddable":true,"href":"https:\/\/www.casaldelsinfants.org\/es\/wp-json\/wp\/v2\/tags?post=4589"},{"taxonomy":"seus","embeddable":true,"href":"https:\/\/www.casaldelsinfants.org\/es\/wp-json\/wp\/v2\/seus?post=4589"},{"taxonomy":"eixos","embeddable":true,"href":"https:\/\/www.casaldelsinfants.org\/es\/wp-json\/wp\/v2\/eixos?post=4589"}],"curies":[{"name":"wp","href":"https:\/\/api.w.org\/{rel}","templated":true}]}}