{"id":4590,"date":"2017-02-15T13:50:38","date_gmt":"2017-02-15T11:50:38","guid":{"rendered":"https:\/\/casal.puntzero.cat\/noticies\/laudiovisual-dels-adolescents-de-santa-coloma-contra-el-consum-de-drogues-es-premiat\/"},"modified":"2023-05-01T19:13:17","modified_gmt":"2023-05-01T17:13:17","slug":"laudiovisual-dels-adolescents-de-santa-coloma-contra-el-consum-de-drogues-es-premiat","status":"publish","type":"post","link":"https:\/\/www.casaldelsinfants.org\/es\/actualidad\/adolescentes-santa-coloma-contra-consumo-de-drogas\/","title":{"rendered":"El audiovisual de los adolescentes de Santa Coloma contra el consumo de drogas es  premiado por el Ayuntamiento"},"content":{"rendered":"<h4><strong><iframe loading=\"lazy\" frameborder=\"0\" height=\"495\" src=\"http:\/\/www.youtube.com\/embed\/KOteD-hcX-Y\" style=\"display: block; margin-left: auto; margin-right: auto;\" width=\"601\"><\/iframe><\/strong><\/h4>\n<h4 style=\"text-align: justify;\"><strong>&nbsp;<\/strong><\/h4>\n<h4 style=\"text-align: justify;\"><strong>Los chicos y chicas del Casal de Santa Coloma guionan y producen un v\u00eddeo donde reflexionan sobre la presi\u00f3n de grupo en el consumo de drogas. \u201cS\u00e9 t\u00fa\u201d es reconocido por el Ayuntamiento de la localidad, que entrega un premio compartido tambi\u00e9n con sus compa\u00f1eros de la Fundaci\u00f3n Germina y del Centro Abierto Rialles. <\/strong><\/h4>\n<p style=\"text-align: justify;\">\u201cDescarrega-t\u2019ho\u201d es una iniciativa de AUSPAM que ha involucrado a los adolescentes del Centro Abierto Rialles, de la Fundaci\u00f3n Germina y del Casal dels Infants en la elaboraci\u00f3n de v\u00eddeos para <strong>sensibilizar sobre el consumo de drogas<\/strong>.<\/p>\n<p style=\"text-align: justify;\">Despu\u00e9s de recibir una clase sobre la realizaci\u00f3n audiovisual, los chicos y chicas del Casal dels Infants &nbsp;empezaron a trabajar las ideas en grupo y propusieron cuatro guiones, de los cuales se&nbsp; escogi\u00f3 uno que trataba sobre el poder de la presi\u00f3n de grupo a la hora de incitar al consumo de tabaco o el cannabis, drogas con mucha aceptaci\u00f3n social por parte de los j\u00f3venes.&nbsp;<\/p>\n<p style=\"text-align: justify;\">Con la idea sobre la mesa, se concretaron los aspectos t\u00e9cnicos del v\u00eddeo. Gracias a esta planificaci\u00f3n y a la ayuda del <strong>c\u00e1mara profesional Adri\u00e1n Mar\u00edn<\/strong>, se pudieron filmar todas las presas necesarias en una ma\u00f1ana para despu\u00e9s poder editarlas y conseguir el audiovisual final, que tiene como t\u00edtulo \u201cS\u00e9 t\u00fa\u201d.<\/p>\n<p style=\"text-align: justify;\"><strong>\u201cUno de los valores m\u00e1s importantes del v\u00eddeo es que no se trata el consumo de drogas desde una l\u00f3gica paternalista y aleccionadora, sino que son los y las mismas adolescentes las que transmiten el mensaje a sus compa\u00f1eros desde la reflexi\u00f3n personal\u201d<\/strong>, explica L\u00eddia L\u00f3pez, educadora del Casal de Santa Coloma <strong>\u201ceste hecho da lugar a muchos procesos de apoderamiento entre los chicos y chicas que de otra manera ser\u00edan mucho m\u00e1s dif\u00edciles de conseguir\u201d<\/strong>.<\/p>\n<p style=\"text-align: justify;\">El proyecto \u201cDescarrega-t\u2019ho\u201d tambi\u00e9n lleg\u00f3 al Centro Abierto Rialles, que particip\u00f3 con el corto \u201c\u00bfConoces la ley?\u201d y la Fundaci\u00f3n Germina, que cre\u00f3 \u201cBusca tu ambiente\u201d. Los tres audiovisuales fueron reconocidos por el Ayuntamiento de Santa Coloma de Gramenet en un acto p\u00fablico en la Biblioteca Singuerl\u00edn. La alcaldesa, N\u00faria Parl\u00f3n, reconoci\u00f3 el valor del esfuerzo de los chicos y chicas para sensibilizar a sus compa\u00f1eros desde su mirada y les otorg\u00f3 un premio a cada uno de ellos.<\/p>\n<p style=\"text-align: justify;\">Actualmente, los v\u00eddeos est\u00e1n sirviendo de material de apoyo para sesiones de sensibilizaci\u00f3n en prevenci\u00f3n de consumo de drogas que AUSPAM hace a los institutos de Santa Coloma. <strong>\u201cM\u00e1s all\u00e1 del premio institucional, lo importante es el reconocimiento y reflexi\u00f3n que reciben de los y las compa\u00f1eras&#8230;les enorgullece&nbsp; y afecta positivamente en su autoestima y valores; esto es clave para el desarrollo personal en etapas vitales complicadas como la adolescencia\u201d<\/strong>, concluye L\u00f3pez.<\/p>\n","protected":false},"excerpt":{"rendered":"<p>&nbsp; Los chicos y chicas del Casal de Santa Coloma guionan y producen un v\u00eddeo donde reflexionan sobre la presi\u00f3n de grupo en el consumo de drogas. \u201cS\u00e9 t\u00fa\u201d es reconocido por el Ayuntamiento de la localidad, que entrega un premio compartido tambi\u00e9n con sus compa\u00f1eros de la Fundaci\u00f3n Germina y del Centro Abierto Rialles. [&hellip;]<\/p>\n","protected":false},"author":1,"featured_media":0,"comment_status":"open","ping_status":"open","sticky":false,"template":"","format":"standard","meta":{"_acf_changed":false,"_et_pb_use_builder":"","_et_pb_old_content":"","_et_gb_content_width":"","inline_featured_image":false,"footnotes":""},"categories":[125],"tags":[],"seus":[19],"eixos":[],"class_list":["post-4590","post","type-post","status-publish","format-standard","hentry","category-noticias","seus-santa-coloma-de-gramenet"],"acf":[],"yoast_head":"<!-- This site is optimized with the Yoast SEO plugin v27.4 - https:\/\/yoast.com\/product\/yoast-seo-wordpress\/ -->\n<title>Noticias | Casal dels Infants<\/title>\n<meta name=\"description\" content=\"Adolescentes participantes en el Casal dels Infants de Santa Coloma de Gramenet reciben un galard\u00f3n del Ayuntamiento por su contribuci\u00f3n a la prevenci\u00f3n de consumo de drogas con el audiovisual &quot;S\u00e9 t\u00fa&quot;.\" \/>\n<meta name=\"robots\" content=\"index, follow, max-snippet:-1, max-image-preview:large, max-video-preview:-1\" \/>\n<link rel=\"canonical\" href=\"https:\/\/www.casaldelsinfants.org\/es\/actualidad\/adolescentes-santa-coloma-contra-consumo-de-drogas\/\" \/>\n<meta property=\"og:locale\" content=\"es_ES\" \/>\n<meta property=\"og:type\" content=\"article\" \/>\n<meta property=\"og:title\" content=\"Noticias | Casal dels Infants\" \/>\n<meta property=\"og:description\" content=\"Adolescentes participantes en el Casal dels Infants de Santa Coloma de Gramenet reciben un galard\u00f3n del Ayuntamiento por su contribuci\u00f3n a la prevenci\u00f3n de consumo de drogas con el audiovisual &quot;S\u00e9 t\u00fa&quot;.\" \/>\n<meta property=\"og:url\" content=\"https:\/\/www.casaldelsinfants.org\/es\/actualidad\/adolescentes-santa-coloma-contra-consumo-de-drogas\/\" \/>\n<meta property=\"og:site_name\" content=\"Casal dels Infants\" \/>\n<meta property=\"article:publisher\" content=\"https:\/\/www.facebook.com\/casalinfants\" \/>\n<meta property=\"article:published_time\" content=\"2017-02-15T11:50:38+00:00\" \/>\n<meta property=\"article:modified_time\" content=\"2023-05-01T17:13:17+00:00\" \/>\n<meta name=\"author\" content=\"cdiAdmin\" \/>\n<meta name=\"twitter:card\" content=\"summary_large_image\" \/>\n<meta name=\"twitter:creator\" content=\"@casalinfants\" \/>\n<meta name=\"twitter:site\" content=\"@casalinfants\" \/>\n<meta name=\"twitter:label1\" content=\"Escrito por\" \/>\n\t<meta name=\"twitter:data1\" content=\"cdiAdmin\" \/>\n\t<meta name=\"twitter:label2\" content=\"Tiempo de lectura\" \/>\n\t<meta name=\"twitter:data2\" content=\"2 minutos\" \/>\n<script type=\"application\/ld+json\" class=\"yoast-schema-graph\">{\"@context\":\"https:\\\/\\\/schema.org\",\"@graph\":[{\"@type\":\"Article\",\"@id\":\"https:\\\/\\\/www.casaldelsinfants.org\\\/es\\\/actualidad\\\/adolescentes-santa-coloma-contra-consumo-de-drogas\\\/#article\",\"isPartOf\":{\"@id\":\"https:\\\/\\\/www.casaldelsinfants.org\\\/es\\\/actualidad\\\/adolescentes-santa-coloma-contra-consumo-de-drogas\\\/\"},\"author\":{\"name\":\"cdiAdmin\",\"@id\":\"https:\\\/\\\/www.casaldelsinfants.org\\\/es\\\/#\\\/schema\\\/person\\\/97707fc8c64900cf36891127dbf9fba8\"},\"headline\":\"El audiovisual de los adolescentes de Santa Coloma contra el consumo de drogas es premiado por el Ayuntamiento\",\"datePublished\":\"2017-02-15T11:50:38+00:00\",\"dateModified\":\"2023-05-01T17:13:17+00:00\",\"mainEntityOfPage\":{\"@id\":\"https:\\\/\\\/www.casaldelsinfants.org\\\/es\\\/actualidad\\\/adolescentes-santa-coloma-contra-consumo-de-drogas\\\/\"},\"wordCount\":508,\"commentCount\":0,\"publisher\":{\"@id\":\"https:\\\/\\\/www.casaldelsinfants.org\\\/es\\\/#organization\"},\"articleSection\":[\"Noticia\"],\"inLanguage\":\"es\",\"potentialAction\":[{\"@type\":\"CommentAction\",\"name\":\"Comment\",\"target\":[\"https:\\\/\\\/www.casaldelsinfants.org\\\/es\\\/actualidad\\\/adolescentes-santa-coloma-contra-consumo-de-drogas\\\/#respond\"]}]},{\"@type\":\"WebPage\",\"@id\":\"https:\\\/\\\/www.casaldelsinfants.org\\\/es\\\/actualidad\\\/adolescentes-santa-coloma-contra-consumo-de-drogas\\\/\",\"url\":\"https:\\\/\\\/www.casaldelsinfants.org\\\/es\\\/actualidad\\\/adolescentes-santa-coloma-contra-consumo-de-drogas\\\/\",\"name\":\"Noticias | Casal dels Infants\",\"isPartOf\":{\"@id\":\"https:\\\/\\\/www.casaldelsinfants.org\\\/es\\\/#website\"},\"datePublished\":\"2017-02-15T11:50:38+00:00\",\"dateModified\":\"2023-05-01T17:13:17+00:00\",\"description\":\"Adolescentes participantes en el Casal dels Infants de Santa Coloma de Gramenet reciben un galard\u00f3n del Ayuntamiento por su contribuci\u00f3n a la prevenci\u00f3n de consumo de drogas con el audiovisual \\\"S\u00e9 t\u00fa\\\".\",\"breadcrumb\":{\"@id\":\"https:\\\/\\\/www.casaldelsinfants.org\\\/es\\\/actualidad\\\/adolescentes-santa-coloma-contra-consumo-de-drogas\\\/#breadcrumb\"},\"inLanguage\":\"es\",\"potentialAction\":[{\"@type\":\"ReadAction\",\"target\":[\"https:\\\/\\\/www.casaldelsinfants.org\\\/es\\\/actualidad\\\/adolescentes-santa-coloma-contra-consumo-de-drogas\\\/\"]}]},{\"@type\":\"BreadcrumbList\",\"@id\":\"https:\\\/\\\/www.casaldelsinfants.org\\\/es\\\/actualidad\\\/adolescentes-santa-coloma-contra-consumo-de-drogas\\\/#breadcrumb\",\"itemListElement\":[{\"@type\":\"ListItem\",\"position\":1,\"name\":\"Inici\",\"item\":\"https:\\\/\\\/www.casaldelsinfants.org\\\/es\\\/\"},{\"@type\":\"ListItem\",\"position\":2,\"name\":\"El audiovisual de los adolescentes de Santa Coloma contra el consumo de drogas es premiado por el Ayuntamiento\"}]},{\"@type\":\"WebSite\",\"@id\":\"https:\\\/\\\/www.casaldelsinfants.org\\\/es\\\/#website\",\"url\":\"https:\\\/\\\/www.casaldelsinfants.org\\\/es\\\/\",\"name\":\"Casal dels Infants\",\"description\":\"\",\"publisher\":{\"@id\":\"https:\\\/\\\/www.casaldelsinfants.org\\\/es\\\/#organization\"},\"potentialAction\":[{\"@type\":\"SearchAction\",\"target\":{\"@type\":\"EntryPoint\",\"urlTemplate\":\"https:\\\/\\\/www.casaldelsinfants.org\\\/es\\\/?s={search_term_string}\"},\"query-input\":{\"@type\":\"PropertyValueSpecification\",\"valueRequired\":true,\"valueName\":\"search_term_string\"}}],\"inLanguage\":\"es\"},{\"@type\":\"Organization\",\"@id\":\"https:\\\/\\\/www.casaldelsinfants.org\\\/es\\\/#organization\",\"name\":\"Casal dels Infants\",\"url\":\"https:\\\/\\\/www.casaldelsinfants.org\\\/es\\\/\",\"logo\":{\"@type\":\"ImageObject\",\"inLanguage\":\"es\",\"@id\":\"https:\\\/\\\/www.casaldelsinfants.org\\\/es\\\/#\\\/schema\\\/logo\\\/image\\\/\",\"url\":\"https:\\\/\\\/www.casaldelsinfants.org\\\/wp-content\\\/uploads\\\/logo-mail.png\",\"contentUrl\":\"https:\\\/\\\/www.casaldelsinfants.org\\\/wp-content\\\/uploads\\\/logo-mail.png\",\"width\":380,\"height\":158,\"caption\":\"Casal dels Infants\"},\"image\":{\"@id\":\"https:\\\/\\\/www.casaldelsinfants.org\\\/es\\\/#\\\/schema\\\/logo\\\/image\\\/\"},\"sameAs\":[\"https:\\\/\\\/www.facebook.com\\\/casalinfants\",\"https:\\\/\\\/x.com\\\/casalinfants\",\"https:\\\/\\\/www.youtube.com\\\/user\\\/CasaldelsInfants1\",\"https:\\\/\\\/www.instagram.com\\\/casalinfants\\\/\",\"https:\\\/\\\/www.linkedin.com\\\/company\\\/casaldelsinfants?trk=organization-update_share-update_actor-text\"]},{\"@type\":\"Person\",\"@id\":\"https:\\\/\\\/www.casaldelsinfants.org\\\/es\\\/#\\\/schema\\\/person\\\/97707fc8c64900cf36891127dbf9fba8\",\"name\":\"cdiAdmin\",\"sameAs\":[\"https:\\\/\\\/casaldelsinfants.org\"]}]}<\/script>\n<!-- \/ Yoast SEO plugin. -->","yoast_head_json":{"title":"Noticias | Casal dels Infants","description":"Adolescentes participantes en el Casal dels Infants de Santa Coloma de Gramenet reciben un galard\u00f3n del Ayuntamiento por su contribuci\u00f3n a la prevenci\u00f3n de consumo de drogas con el audiovisual \"S\u00e9 t\u00fa\".","robots":{"index":"index","follow":"follow","max-snippet":"max-snippet:-1","max-image-preview":"max-image-preview:large","max-video-preview":"max-video-preview:-1"},"canonical":"https:\/\/www.casaldelsinfants.org\/es\/actualidad\/adolescentes-santa-coloma-contra-consumo-de-drogas\/","og_locale":"es_ES","og_type":"article","og_title":"Noticias | Casal dels Infants","og_description":"Adolescentes participantes en el Casal dels Infants de Santa Coloma de Gramenet reciben un galard\u00f3n del Ayuntamiento por su contribuci\u00f3n a la prevenci\u00f3n de consumo de drogas con el audiovisual \"S\u00e9 t\u00fa\".","og_url":"https:\/\/www.casaldelsinfants.org\/es\/actualidad\/adolescentes-santa-coloma-contra-consumo-de-drogas\/","og_site_name":"Casal dels Infants","article_publisher":"https:\/\/www.facebook.com\/casalinfants","article_published_time":"2017-02-15T11:50:38+00:00","article_modified_time":"2023-05-01T17:13:17+00:00","author":"cdiAdmin","twitter_card":"summary_large_image","twitter_creator":"@casalinfants","twitter_site":"@casalinfants","twitter_misc":{"Escrito por":"cdiAdmin","Tiempo de lectura":"2 minutos"},"schema":{"@context":"https:\/\/schema.org","@graph":[{"@type":"Article","@id":"https:\/\/www.casaldelsinfants.org\/es\/actualidad\/adolescentes-santa-coloma-contra-consumo-de-drogas\/#article","isPartOf":{"@id":"https:\/\/www.casaldelsinfants.org\/es\/actualidad\/adolescentes-santa-coloma-contra-consumo-de-drogas\/"},"author":{"name":"cdiAdmin","@id":"https:\/\/www.casaldelsinfants.org\/es\/#\/schema\/person\/97707fc8c64900cf36891127dbf9fba8"},"headline":"El audiovisual de los adolescentes de Santa Coloma contra el consumo de drogas es premiado por el Ayuntamiento","datePublished":"2017-02-15T11:50:38+00:00","dateModified":"2023-05-01T17:13:17+00:00","mainEntityOfPage":{"@id":"https:\/\/www.casaldelsinfants.org\/es\/actualidad\/adolescentes-santa-coloma-contra-consumo-de-drogas\/"},"wordCount":508,"commentCount":0,"publisher":{"@id":"https:\/\/www.casaldelsinfants.org\/es\/#organization"},"articleSection":["Noticia"],"inLanguage":"es","potentialAction":[{"@type":"CommentAction","name":"Comment","target":["https:\/\/www.casaldelsinfants.org\/es\/actualidad\/adolescentes-santa-coloma-contra-consumo-de-drogas\/#respond"]}]},{"@type":"WebPage","@id":"https:\/\/www.casaldelsinfants.org\/es\/actualidad\/adolescentes-santa-coloma-contra-consumo-de-drogas\/","url":"https:\/\/www.casaldelsinfants.org\/es\/actualidad\/adolescentes-santa-coloma-contra-consumo-de-drogas\/","name":"Noticias | Casal dels Infants","isPartOf":{"@id":"https:\/\/www.casaldelsinfants.org\/es\/#website"},"datePublished":"2017-02-15T11:50:38+00:00","dateModified":"2023-05-01T17:13:17+00:00","description":"Adolescentes participantes en el Casal dels Infants de Santa Coloma de Gramenet reciben un galard\u00f3n del Ayuntamiento por su contribuci\u00f3n a la prevenci\u00f3n de consumo de drogas con el audiovisual \"S\u00e9 t\u00fa\".","breadcrumb":{"@id":"https:\/\/www.casaldelsinfants.org\/es\/actualidad\/adolescentes-santa-coloma-contra-consumo-de-drogas\/#breadcrumb"},"inLanguage":"es","potentialAction":[{"@type":"ReadAction","target":["https:\/\/www.casaldelsinfants.org\/es\/actualidad\/adolescentes-santa-coloma-contra-consumo-de-drogas\/"]}]},{"@type":"BreadcrumbList","@id":"https:\/\/www.casaldelsinfants.org\/es\/actualidad\/adolescentes-santa-coloma-contra-consumo-de-drogas\/#breadcrumb","itemListElement":[{"@type":"ListItem","position":1,"name":"Inici","item":"https:\/\/www.casaldelsinfants.org\/es\/"},{"@type":"ListItem","position":2,"name":"El audiovisual de los adolescentes de Santa Coloma contra el consumo de drogas es premiado por el Ayuntamiento"}]},{"@type":"WebSite","@id":"https:\/\/www.casaldelsinfants.org\/es\/#website","url":"https:\/\/www.casaldelsinfants.org\/es\/","name":"Casal dels Infants","description":"","publisher":{"@id":"https:\/\/www.casaldelsinfants.org\/es\/#organization"},"potentialAction":[{"@type":"SearchAction","target":{"@type":"EntryPoint","urlTemplate":"https:\/\/www.casaldelsinfants.org\/es\/?s={search_term_string}"},"query-input":{"@type":"PropertyValueSpecification","valueRequired":true,"valueName":"search_term_string"}}],"inLanguage":"es"},{"@type":"Organization","@id":"https:\/\/www.casaldelsinfants.org\/es\/#organization","name":"Casal dels Infants","url":"https:\/\/www.casaldelsinfants.org\/es\/","logo":{"@type":"ImageObject","inLanguage":"es","@id":"https:\/\/www.casaldelsinfants.org\/es\/#\/schema\/logo\/image\/","url":"https:\/\/www.casaldelsinfants.org\/wp-content\/uploads\/logo-mail.png","contentUrl":"https:\/\/www.casaldelsinfants.org\/wp-content\/uploads\/logo-mail.png","width":380,"height":158,"caption":"Casal dels Infants"},"image":{"@id":"https:\/\/www.casaldelsinfants.org\/es\/#\/schema\/logo\/image\/"},"sameAs":["https:\/\/www.facebook.com\/casalinfants","https:\/\/x.com\/casalinfants","https:\/\/www.youtube.com\/user\/CasaldelsInfants1","https:\/\/www.instagram.com\/casalinfants\/","https:\/\/www.linkedin.com\/company\/casaldelsinfants?trk=organization-update_share-update_actor-text"]},{"@type":"Person","@id":"https:\/\/www.casaldelsinfants.org\/es\/#\/schema\/person\/97707fc8c64900cf36891127dbf9fba8","name":"cdiAdmin","sameAs":["https:\/\/casaldelsinfants.org"]}]}},"publishpress_future_action":{"enabled":false,"date":"2026-05-07 11:34:37","action":"change-status","newStatus":"draft","terms":[],"taxonomy":"category","extraData":[]},"publishpress_future_workflow_manual_trigger":{"enabledWorkflows":[]},"_links":{"self":[{"href":"https:\/\/www.casaldelsinfants.org\/es\/wp-json\/wp\/v2\/posts\/4590","targetHints":{"allow":["GET"]}}],"collection":[{"href":"https:\/\/www.casaldelsinfants.org\/es\/wp-json\/wp\/v2\/posts"}],"about":[{"href":"https:\/\/www.casaldelsinfants.org\/es\/wp-json\/wp\/v2\/types\/post"}],"author":[{"embeddable":true,"href":"https:\/\/www.casaldelsinfants.org\/es\/wp-json\/wp\/v2\/users\/1"}],"replies":[{"embeddable":true,"href":"https:\/\/www.casaldelsinfants.org\/es\/wp-json\/wp\/v2\/comments?post=4590"}],"version-history":[{"count":1,"href":"https:\/\/www.casaldelsinfants.org\/es\/wp-json\/wp\/v2\/posts\/4590\/revisions"}],"predecessor-version":[{"id":6491,"href":"https:\/\/www.casaldelsinfants.org\/es\/wp-json\/wp\/v2\/posts\/4590\/revisions\/6491"}],"wp:attachment":[{"href":"https:\/\/www.casaldelsinfants.org\/es\/wp-json\/wp\/v2\/media?parent=4590"}],"wp:term":[{"taxonomy":"category","embeddable":true,"href":"https:\/\/www.casaldelsinfants.org\/es\/wp-json\/wp\/v2\/categories?post=4590"},{"taxonomy":"post_tag","embeddable":true,"href":"https:\/\/www.casaldelsinfants.org\/es\/wp-json\/wp\/v2\/tags?post=4590"},{"taxonomy":"seus","embeddable":true,"href":"https:\/\/www.casaldelsinfants.org\/es\/wp-json\/wp\/v2\/seus?post=4590"},{"taxonomy":"eixos","embeddable":true,"href":"https:\/\/www.casaldelsinfants.org\/es\/wp-json\/wp\/v2\/eixos?post=4590"}],"curies":[{"name":"wp","href":"https:\/\/api.w.org\/{rel}","templated":true}]}}