{"id":4591,"date":"2017-02-09T13:53:00","date_gmt":"2017-02-09T11:53:00","guid":{"rendered":"https:\/\/casal.puntzero.cat\/noticies\/nens-i-nenes-del-raval-sendinsen-en-les-diferents-cultures-mediterranies-traves-de\/"},"modified":"2023-05-30T15:27:37","modified_gmt":"2023-05-30T13:27:37","slug":"nens-i-nenes-del-raval-sendinsen-en-les-diferents-cultures-mediterranies-traves-de","status":"publish","type":"post","link":"https:\/\/www.casaldelsinfants.org\/es\/actualidad\/ninos-raval-culturas-mediterranias-con-pangeapolis\/","title":{"rendered":"Nens i nenes del Raval s\u2019endinsen en les diferents cultures mediterr\u00e0nies a trav\u00e9s de Pange\u00e0polis"},"content":{"rendered":"<p><img decoding=\"async\" src=\"\/wp-content\/uploads\/inline-images\/pangepolis-mans_0_0.jpg\" alt=\"\" border=\"0\" \/><\/p>\n<h4>Aprendre geografia no es tracta nom\u00e9s de saber situar pa\u00efsos sobre el mapa, i sin\u00f3 pregunteu-ho als nens i nenes de l\u2019Espai Tecnol\u00f2gic del Casal del Raval! A trav\u00e9s de la iniciativa Pange\u00e0polis, no nom\u00e9s han apr\u00e8s a situar els diferents pa\u00efsos de la Mediterr\u00e0nia sin\u00f3 tamb\u00e9 a descobrir, a trav\u00e9s de diferents vestigis i monuments, la conviv\u00e8ncia entre cultures fins els nostres dies.<\/h4>\n<h4 style=\"text-align: justify;\"><\/h4>\n<p style=\"text-align: justify;\"><span style=\"font-size: 12.16px;\">Des de fa uns mesos, l\u2019Espai Tecnol\u00f2gic del Raval es converteix cada dimecres i dijous a la tarda en una mena de laboratori del coneixement, on nens i nenes fan maquetes interactives, construeixen monuments en miniatura i reflexionen sobre els or\u00edgens de les cultures que poblen la Mediterr\u00e0nia. A m\u00e9s, es treballen habilitats manuals i es fomenta la creativitat, la lectura i el treball en equip. \u201cTreballem en la construcci\u00f3 f\u00edsica del coneixement.\u201d Ens explica en Marc Pasqual, educador responsable. \u201cAvui en dia, qualsevol nen o nena pot saber on es situa un pa\u00eds i con\u00e8ixer la seva cultura amb un sol clic, per\u00f2 a nosaltres el qu\u00e8 ens interessa \u00e9s el valor de treballar amb les mans i el contacte amb les persones.\u201d En Marc ens explica tamb\u00e9 que aquesta manera de treballar implica m\u00e9s feina i m\u00e9s temps, per\u00f2 tamb\u00e9 suposa m\u00e9s implicaci\u00f3 per part dels infants: \u201cAix\u00f2 afavoreix clarament l\u2019aprenentatge ja que els nens i nenes s\u2019empoderen i es fan seu el que se&#8217;ls explica.\u201d conclueix l\u2019educador. <\/span><\/p>\n<p style=\"text-align: justify;\"><span style=\"font-size: 12.16px;\">Per altra banda, a m\u00e9s de potenciar les aptituds personals i d&#8217;aprenentatge dels infants, un altre objectiu de la iniciativa \u00e9s trencar amb els estereotips a trav\u00e9s de la descoberta de les diferents cultures que conviuen i han conviscut a la Mediterr\u00e0nia, al llarg del temps. Aix\u00ed doncs, despr\u00e9s de fer una maqueta per situar els diferents pa\u00efsos i construir diferents monuments caracter\u00edstics de cada pa\u00eds, s&#8217;iniciar\u00e0 una fase d&#8217;entrevistes a testimonis de diferents pa\u00efsos. Aquestes les faran els propis infants i seran l&#8217;eina que permetr\u00e0 con\u00e8ixer la diversitat d\u2019or\u00edgens des d&#8217;un punt de vista m\u00e9s personal, a la vegada que es treballaran les relacions intergeneracionals i les habilitats orals dels nens i nenes. El projecte t\u00e9 previst finalitzar al juny amb un acte final que consistir\u00e0 en un \u00e0pat comunitari amb menjar de diverses cultures, i on es convidar\u00e0 tota la gent que ha participat al projecte, des dels propis nens i nenes, passant pels testimonis entrevistats com voluntaris i volunt\u00e0ries del Casal, que cada dimecres i dijous donen suport a l\u2019activitat. <\/span><\/p>\n<p style=\"text-align: justify;\"><span style=\"font-size: 12.16px;\">En definitiva, \u201cPange\u00e0polis no \u00e9s cosa d\u2019un dia sin\u00f3 que es tracta d&#8217;un treball de formiga de construir, d&#8217;imaginar, de recollir experi\u00e8ncies. A m\u00e9s, el contacte amb els testimonis i les seves hist\u00f2ries i viv\u00e8ncies fomenta el tracte entre iguals i el treball col\u00b7laboratiu.\u201d afegeix en Marc, remarcant tamb\u00e9 la import\u00e0ncia de propostes d\u2019aprenentatge compartit, on els infants s\u00f3n una part imprescindible de tot el proc\u00e9s.<\/span><\/p>\n<p style=\"text-align: justify;\"><span style=\"font-size: 12.16px;\">\u00a0<\/span><\/p>\n<p><a title=\"#Pange\u00e0polis\" href=\"https:\/\/www.flickr.com\/photos\/xarxaomnia\/albums\/72157677748971985\" data-flickr-embed=\"true\"><img decoding=\"async\" style=\"display: block; margin-left: auto; margin-right: auto;\" src=\"\/wp-content\/uploads\/inline-images\/31480529101_0bc6aa28d1_z_0_0.jpg\" alt=\"#Pange\u00e0polis\" width=\"640\" height=\"431\" border=\"0\" \/><\/a><\/p>\n<p><script charset=\"utf-8\" type=\"text\/javascript\" src=\"http:\/\/embedr.flickr.com\/assets\/client-code.js\"><\/script><\/p>\n<p><iframe loading=\"lazy\" style=\"display: block; margin-left: auto; margin-right: auto;\" src=\"https:\/\/www.youtube.com\/embed\/ZiqEOAAIV8M?showinfo=0\" width=\"640\" height=\"360\" frameborder=\"0\"><\/iframe><\/p>\n<h4 style=\"text-align: center;\"><a href=\"https:\/\/www.youtube.com\/channel\/UC8OCle9dSH6FvkIn7NE8DWA\" target=\"_blank\" rel=\"noopener\">Consulta aqu\u00ed la resta de v\u00eddeos de Pange\u00e0polis!<\/a><\/h4>\n","protected":false},"excerpt":{"rendered":"<p>Aprendre geografia no es tracta nom\u00e9s de saber situar pa\u00efsos sobre el mapa, i sin\u00f3 pregunteu-ho als nens i nenes de l\u2019Espai Tecnol\u00f2gic del Casal del Raval! A trav\u00e9s de la iniciativa Pange\u00e0polis, no nom\u00e9s han apr\u00e8s a situar els diferents pa\u00efsos de la Mediterr\u00e0nia sin\u00f3 tamb\u00e9 a descobrir, a trav\u00e9s de diferents vestigis i [&hellip;]<\/p>\n","protected":false},"author":1,"featured_media":3735,"comment_status":"open","ping_status":"open","sticky":false,"template":"","format":"standard","meta":{"_acf_changed":false,"_et_pb_use_builder":"","_et_pb_old_content":"","_et_gb_content_width":"","inline_featured_image":false,"footnotes":""},"categories":[125],"tags":[],"seus":[],"eixos":[],"class_list":["post-4591","post","type-post","status-publish","format-standard","has-post-thumbnail","hentry","category-noticias"],"acf":[],"yoast_head":"<!-- This site is optimized with the Yoast SEO plugin v27.4 - https:\/\/yoast.com\/product\/yoast-seo-wordpress\/ -->\n<title>Nens i nenes del Raval s\u2019endinsen en les diferents cultures mediterr\u00e0nies a trav\u00e9s de Pange\u00e0polis - Casal dels Infants<\/title>\n<meta name=\"robots\" content=\"index, follow, max-snippet:-1, max-image-preview:large, max-video-preview:-1\" \/>\n<link rel=\"canonical\" href=\"https:\/\/www.casaldelsinfants.org\/es\/actualidad\/ninos-raval-culturas-mediterranias-con-pangeapolis\/\" \/>\n<meta property=\"og:locale\" content=\"es_ES\" \/>\n<meta property=\"og:type\" content=\"article\" \/>\n<meta property=\"og:title\" content=\"Nens i nenes del Raval s\u2019endinsen en les diferents cultures mediterr\u00e0nies a trav\u00e9s de Pange\u00e0polis - Casal dels Infants\" \/>\n<meta property=\"og:description\" content=\"Aprendre geografia no es tracta nom\u00e9s de saber situar pa\u00efsos sobre el mapa, i sin\u00f3 pregunteu-ho als nens i nenes de l\u2019Espai Tecnol\u00f2gic del Casal del Raval! A trav\u00e9s de la iniciativa Pange\u00e0polis, no nom\u00e9s han apr\u00e8s a situar els diferents pa\u00efsos de la Mediterr\u00e0nia sin\u00f3 tamb\u00e9 a descobrir, a trav\u00e9s de diferents vestigis i [&hellip;]\" \/>\n<meta property=\"og:url\" content=\"https:\/\/www.casaldelsinfants.org\/es\/actualidad\/ninos-raval-culturas-mediterranias-con-pangeapolis\/\" \/>\n<meta property=\"og:site_name\" content=\"Casal dels Infants\" \/>\n<meta property=\"article:publisher\" content=\"https:\/\/www.facebook.com\/casalinfants\" \/>\n<meta property=\"article:published_time\" content=\"2017-02-09T11:53:00+00:00\" \/>\n<meta property=\"article:modified_time\" content=\"2023-05-30T13:27:37+00:00\" \/>\n<meta property=\"og:image\" content=\"https:\/\/www.casaldelsinfants.org\/wp-content\/uploads\/pangepolis-mans_0_0.jpg\" \/>\n\t<meta property=\"og:image:width\" content=\"800\" \/>\n\t<meta property=\"og:image:height\" content=\"377\" \/>\n\t<meta property=\"og:image:type\" content=\"image\/jpeg\" \/>\n<meta name=\"author\" content=\"cdiAdmin\" \/>\n<meta name=\"twitter:card\" content=\"summary_large_image\" \/>\n<meta name=\"twitter:creator\" content=\"@casalinfants\" \/>\n<meta name=\"twitter:site\" content=\"@casalinfants\" \/>\n<meta name=\"twitter:label1\" content=\"Escrito por\" \/>\n\t<meta name=\"twitter:data1\" content=\"cdiAdmin\" \/>\n\t<meta name=\"twitter:label2\" content=\"Tiempo de lectura\" \/>\n\t<meta name=\"twitter:data2\" content=\"4 minutos\" \/>\n<script type=\"application\/ld+json\" class=\"yoast-schema-graph\">{\"@context\":\"https:\\\/\\\/schema.org\",\"@graph\":[{\"@type\":\"Article\",\"@id\":\"https:\\\/\\\/www.casaldelsinfants.org\\\/es\\\/actualidad\\\/ninos-raval-culturas-mediterranias-con-pangeapolis\\\/#article\",\"isPartOf\":{\"@id\":\"https:\\\/\\\/www.casaldelsinfants.org\\\/es\\\/actualidad\\\/ninos-raval-culturas-mediterranias-con-pangeapolis\\\/\"},\"author\":{\"name\":\"cdiAdmin\",\"@id\":\"https:\\\/\\\/www.casaldelsinfants.org\\\/es\\\/#\\\/schema\\\/person\\\/97707fc8c64900cf36891127dbf9fba8\"},\"headline\":\"Nens i nenes del Raval s\u2019endinsen en les diferents cultures mediterr\u00e0nies a trav\u00e9s de Pange\u00e0polis\",\"datePublished\":\"2017-02-09T11:53:00+00:00\",\"dateModified\":\"2023-05-30T13:27:37+00:00\",\"mainEntityOfPage\":{\"@id\":\"https:\\\/\\\/www.casaldelsinfants.org\\\/es\\\/actualidad\\\/ninos-raval-culturas-mediterranias-con-pangeapolis\\\/\"},\"wordCount\":561,\"commentCount\":0,\"publisher\":{\"@id\":\"https:\\\/\\\/www.casaldelsinfants.org\\\/es\\\/#organization\"},\"image\":{\"@id\":\"https:\\\/\\\/www.casaldelsinfants.org\\\/es\\\/actualidad\\\/ninos-raval-culturas-mediterranias-con-pangeapolis\\\/#primaryimage\"},\"thumbnailUrl\":\"https:\\\/\\\/www.casaldelsinfants.org\\\/wp-content\\\/uploads\\\/pangepolis-mans_0_0.jpg\",\"articleSection\":[\"Noticia\"],\"inLanguage\":\"es\",\"potentialAction\":[{\"@type\":\"CommentAction\",\"name\":\"Comment\",\"target\":[\"https:\\\/\\\/www.casaldelsinfants.org\\\/es\\\/actualidad\\\/ninos-raval-culturas-mediterranias-con-pangeapolis\\\/#respond\"]}]},{\"@type\":\"WebPage\",\"@id\":\"https:\\\/\\\/www.casaldelsinfants.org\\\/es\\\/actualidad\\\/ninos-raval-culturas-mediterranias-con-pangeapolis\\\/\",\"url\":\"https:\\\/\\\/www.casaldelsinfants.org\\\/es\\\/actualidad\\\/ninos-raval-culturas-mediterranias-con-pangeapolis\\\/\",\"name\":\"Nens i nenes del Raval s\u2019endinsen en les diferents cultures mediterr\u00e0nies a trav\u00e9s de Pange\u00e0polis - Casal dels Infants\",\"isPartOf\":{\"@id\":\"https:\\\/\\\/www.casaldelsinfants.org\\\/es\\\/#website\"},\"primaryImageOfPage\":{\"@id\":\"https:\\\/\\\/www.casaldelsinfants.org\\\/es\\\/actualidad\\\/ninos-raval-culturas-mediterranias-con-pangeapolis\\\/#primaryimage\"},\"image\":{\"@id\":\"https:\\\/\\\/www.casaldelsinfants.org\\\/es\\\/actualidad\\\/ninos-raval-culturas-mediterranias-con-pangeapolis\\\/#primaryimage\"},\"thumbnailUrl\":\"https:\\\/\\\/www.casaldelsinfants.org\\\/wp-content\\\/uploads\\\/pangepolis-mans_0_0.jpg\",\"datePublished\":\"2017-02-09T11:53:00+00:00\",\"dateModified\":\"2023-05-30T13:27:37+00:00\",\"breadcrumb\":{\"@id\":\"https:\\\/\\\/www.casaldelsinfants.org\\\/es\\\/actualidad\\\/ninos-raval-culturas-mediterranias-con-pangeapolis\\\/#breadcrumb\"},\"inLanguage\":\"es\",\"potentialAction\":[{\"@type\":\"ReadAction\",\"target\":[\"https:\\\/\\\/www.casaldelsinfants.org\\\/es\\\/actualidad\\\/ninos-raval-culturas-mediterranias-con-pangeapolis\\\/\"]}]},{\"@type\":\"ImageObject\",\"inLanguage\":\"es\",\"@id\":\"https:\\\/\\\/www.casaldelsinfants.org\\\/es\\\/actualidad\\\/ninos-raval-culturas-mediterranias-con-pangeapolis\\\/#primaryimage\",\"url\":\"https:\\\/\\\/www.casaldelsinfants.org\\\/wp-content\\\/uploads\\\/pangepolis-mans_0_0.jpg\",\"contentUrl\":\"https:\\\/\\\/www.casaldelsinfants.org\\\/wp-content\\\/uploads\\\/pangepolis-mans_0_0.jpg\",\"width\":800,\"height\":377,\"caption\":\"Foto de les mans de sis nens agafant amb les mans el dibuix amb la forma del seu pa\u00eds de proced\u00e8ncia.\"},{\"@type\":\"BreadcrumbList\",\"@id\":\"https:\\\/\\\/www.casaldelsinfants.org\\\/es\\\/actualidad\\\/ninos-raval-culturas-mediterranias-con-pangeapolis\\\/#breadcrumb\",\"itemListElement\":[{\"@type\":\"ListItem\",\"position\":1,\"name\":\"Inici\",\"item\":\"https:\\\/\\\/www.casaldelsinfants.org\\\/es\\\/\"},{\"@type\":\"ListItem\",\"position\":2,\"name\":\"Nens i nenes del Raval s\u2019endinsen en les diferents cultures mediterr\u00e0nies a trav\u00e9s de Pange\u00e0polis\"}]},{\"@type\":\"WebSite\",\"@id\":\"https:\\\/\\\/www.casaldelsinfants.org\\\/es\\\/#website\",\"url\":\"https:\\\/\\\/www.casaldelsinfants.org\\\/es\\\/\",\"name\":\"Casal dels Infants\",\"description\":\"\",\"publisher\":{\"@id\":\"https:\\\/\\\/www.casaldelsinfants.org\\\/es\\\/#organization\"},\"potentialAction\":[{\"@type\":\"SearchAction\",\"target\":{\"@type\":\"EntryPoint\",\"urlTemplate\":\"https:\\\/\\\/www.casaldelsinfants.org\\\/es\\\/?s={search_term_string}\"},\"query-input\":{\"@type\":\"PropertyValueSpecification\",\"valueRequired\":true,\"valueName\":\"search_term_string\"}}],\"inLanguage\":\"es\"},{\"@type\":\"Organization\",\"@id\":\"https:\\\/\\\/www.casaldelsinfants.org\\\/es\\\/#organization\",\"name\":\"Casal dels Infants\",\"url\":\"https:\\\/\\\/www.casaldelsinfants.org\\\/es\\\/\",\"logo\":{\"@type\":\"ImageObject\",\"inLanguage\":\"es\",\"@id\":\"https:\\\/\\\/www.casaldelsinfants.org\\\/es\\\/#\\\/schema\\\/logo\\\/image\\\/\",\"url\":\"https:\\\/\\\/www.casaldelsinfants.org\\\/wp-content\\\/uploads\\\/logo-mail.png\",\"contentUrl\":\"https:\\\/\\\/www.casaldelsinfants.org\\\/wp-content\\\/uploads\\\/logo-mail.png\",\"width\":380,\"height\":158,\"caption\":\"Casal dels Infants\"},\"image\":{\"@id\":\"https:\\\/\\\/www.casaldelsinfants.org\\\/es\\\/#\\\/schema\\\/logo\\\/image\\\/\"},\"sameAs\":[\"https:\\\/\\\/www.facebook.com\\\/casalinfants\",\"https:\\\/\\\/x.com\\\/casalinfants\",\"https:\\\/\\\/www.youtube.com\\\/user\\\/CasaldelsInfants1\",\"https:\\\/\\\/www.instagram.com\\\/casalinfants\\\/\",\"https:\\\/\\\/www.linkedin.com\\\/company\\\/casaldelsinfants?trk=organization-update_share-update_actor-text\"]},{\"@type\":\"Person\",\"@id\":\"https:\\\/\\\/www.casaldelsinfants.org\\\/es\\\/#\\\/schema\\\/person\\\/97707fc8c64900cf36891127dbf9fba8\",\"name\":\"cdiAdmin\",\"sameAs\":[\"https:\\\/\\\/casaldelsinfants.org\"]}]}<\/script>\n<!-- \/ Yoast SEO plugin. -->","yoast_head_json":{"title":"Nens i nenes del Raval s\u2019endinsen en les diferents cultures mediterr\u00e0nies a trav\u00e9s de Pange\u00e0polis - Casal dels Infants","robots":{"index":"index","follow":"follow","max-snippet":"max-snippet:-1","max-image-preview":"max-image-preview:large","max-video-preview":"max-video-preview:-1"},"canonical":"https:\/\/www.casaldelsinfants.org\/es\/actualidad\/ninos-raval-culturas-mediterranias-con-pangeapolis\/","og_locale":"es_ES","og_type":"article","og_title":"Nens i nenes del Raval s\u2019endinsen en les diferents cultures mediterr\u00e0nies a trav\u00e9s de Pange\u00e0polis - Casal dels Infants","og_description":"Aprendre geografia no es tracta nom\u00e9s de saber situar pa\u00efsos sobre el mapa, i sin\u00f3 pregunteu-ho als nens i nenes de l\u2019Espai Tecnol\u00f2gic del Casal del Raval! A trav\u00e9s de la iniciativa Pange\u00e0polis, no nom\u00e9s han apr\u00e8s a situar els diferents pa\u00efsos de la Mediterr\u00e0nia sin\u00f3 tamb\u00e9 a descobrir, a trav\u00e9s de diferents vestigis i [&hellip;]","og_url":"https:\/\/www.casaldelsinfants.org\/es\/actualidad\/ninos-raval-culturas-mediterranias-con-pangeapolis\/","og_site_name":"Casal dels Infants","article_publisher":"https:\/\/www.facebook.com\/casalinfants","article_published_time":"2017-02-09T11:53:00+00:00","article_modified_time":"2023-05-30T13:27:37+00:00","og_image":[{"width":800,"height":377,"url":"https:\/\/www.casaldelsinfants.org\/wp-content\/uploads\/pangepolis-mans_0_0.jpg","type":"image\/jpeg"}],"author":"cdiAdmin","twitter_card":"summary_large_image","twitter_creator":"@casalinfants","twitter_site":"@casalinfants","twitter_misc":{"Escrito por":"cdiAdmin","Tiempo de lectura":"4 minutos"},"schema":{"@context":"https:\/\/schema.org","@graph":[{"@type":"Article","@id":"https:\/\/www.casaldelsinfants.org\/es\/actualidad\/ninos-raval-culturas-mediterranias-con-pangeapolis\/#article","isPartOf":{"@id":"https:\/\/www.casaldelsinfants.org\/es\/actualidad\/ninos-raval-culturas-mediterranias-con-pangeapolis\/"},"author":{"name":"cdiAdmin","@id":"https:\/\/www.casaldelsinfants.org\/es\/#\/schema\/person\/97707fc8c64900cf36891127dbf9fba8"},"headline":"Nens i nenes del Raval s\u2019endinsen en les diferents cultures mediterr\u00e0nies a trav\u00e9s de Pange\u00e0polis","datePublished":"2017-02-09T11:53:00+00:00","dateModified":"2023-05-30T13:27:37+00:00","mainEntityOfPage":{"@id":"https:\/\/www.casaldelsinfants.org\/es\/actualidad\/ninos-raval-culturas-mediterranias-con-pangeapolis\/"},"wordCount":561,"commentCount":0,"publisher":{"@id":"https:\/\/www.casaldelsinfants.org\/es\/#organization"},"image":{"@id":"https:\/\/www.casaldelsinfants.org\/es\/actualidad\/ninos-raval-culturas-mediterranias-con-pangeapolis\/#primaryimage"},"thumbnailUrl":"https:\/\/www.casaldelsinfants.org\/wp-content\/uploads\/pangepolis-mans_0_0.jpg","articleSection":["Noticia"],"inLanguage":"es","potentialAction":[{"@type":"CommentAction","name":"Comment","target":["https:\/\/www.casaldelsinfants.org\/es\/actualidad\/ninos-raval-culturas-mediterranias-con-pangeapolis\/#respond"]}]},{"@type":"WebPage","@id":"https:\/\/www.casaldelsinfants.org\/es\/actualidad\/ninos-raval-culturas-mediterranias-con-pangeapolis\/","url":"https:\/\/www.casaldelsinfants.org\/es\/actualidad\/ninos-raval-culturas-mediterranias-con-pangeapolis\/","name":"Nens i nenes del Raval s\u2019endinsen en les diferents cultures mediterr\u00e0nies a trav\u00e9s de Pange\u00e0polis - Casal dels Infants","isPartOf":{"@id":"https:\/\/www.casaldelsinfants.org\/es\/#website"},"primaryImageOfPage":{"@id":"https:\/\/www.casaldelsinfants.org\/es\/actualidad\/ninos-raval-culturas-mediterranias-con-pangeapolis\/#primaryimage"},"image":{"@id":"https:\/\/www.casaldelsinfants.org\/es\/actualidad\/ninos-raval-culturas-mediterranias-con-pangeapolis\/#primaryimage"},"thumbnailUrl":"https:\/\/www.casaldelsinfants.org\/wp-content\/uploads\/pangepolis-mans_0_0.jpg","datePublished":"2017-02-09T11:53:00+00:00","dateModified":"2023-05-30T13:27:37+00:00","breadcrumb":{"@id":"https:\/\/www.casaldelsinfants.org\/es\/actualidad\/ninos-raval-culturas-mediterranias-con-pangeapolis\/#breadcrumb"},"inLanguage":"es","potentialAction":[{"@type":"ReadAction","target":["https:\/\/www.casaldelsinfants.org\/es\/actualidad\/ninos-raval-culturas-mediterranias-con-pangeapolis\/"]}]},{"@type":"ImageObject","inLanguage":"es","@id":"https:\/\/www.casaldelsinfants.org\/es\/actualidad\/ninos-raval-culturas-mediterranias-con-pangeapolis\/#primaryimage","url":"https:\/\/www.casaldelsinfants.org\/wp-content\/uploads\/pangepolis-mans_0_0.jpg","contentUrl":"https:\/\/www.casaldelsinfants.org\/wp-content\/uploads\/pangepolis-mans_0_0.jpg","width":800,"height":377,"caption":"Foto de les mans de sis nens agafant amb les mans el dibuix amb la forma del seu pa\u00eds de proced\u00e8ncia."},{"@type":"BreadcrumbList","@id":"https:\/\/www.casaldelsinfants.org\/es\/actualidad\/ninos-raval-culturas-mediterranias-con-pangeapolis\/#breadcrumb","itemListElement":[{"@type":"ListItem","position":1,"name":"Inici","item":"https:\/\/www.casaldelsinfants.org\/es\/"},{"@type":"ListItem","position":2,"name":"Nens i nenes del Raval s\u2019endinsen en les diferents cultures mediterr\u00e0nies a trav\u00e9s de Pange\u00e0polis"}]},{"@type":"WebSite","@id":"https:\/\/www.casaldelsinfants.org\/es\/#website","url":"https:\/\/www.casaldelsinfants.org\/es\/","name":"Casal dels Infants","description":"","publisher":{"@id":"https:\/\/www.casaldelsinfants.org\/es\/#organization"},"potentialAction":[{"@type":"SearchAction","target":{"@type":"EntryPoint","urlTemplate":"https:\/\/www.casaldelsinfants.org\/es\/?s={search_term_string}"},"query-input":{"@type":"PropertyValueSpecification","valueRequired":true,"valueName":"search_term_string"}}],"inLanguage":"es"},{"@type":"Organization","@id":"https:\/\/www.casaldelsinfants.org\/es\/#organization","name":"Casal dels Infants","url":"https:\/\/www.casaldelsinfants.org\/es\/","logo":{"@type":"ImageObject","inLanguage":"es","@id":"https:\/\/www.casaldelsinfants.org\/es\/#\/schema\/logo\/image\/","url":"https:\/\/www.casaldelsinfants.org\/wp-content\/uploads\/logo-mail.png","contentUrl":"https:\/\/www.casaldelsinfants.org\/wp-content\/uploads\/logo-mail.png","width":380,"height":158,"caption":"Casal dels Infants"},"image":{"@id":"https:\/\/www.casaldelsinfants.org\/es\/#\/schema\/logo\/image\/"},"sameAs":["https:\/\/www.facebook.com\/casalinfants","https:\/\/x.com\/casalinfants","https:\/\/www.youtube.com\/user\/CasaldelsInfants1","https:\/\/www.instagram.com\/casalinfants\/","https:\/\/www.linkedin.com\/company\/casaldelsinfants?trk=organization-update_share-update_actor-text"]},{"@type":"Person","@id":"https:\/\/www.casaldelsinfants.org\/es\/#\/schema\/person\/97707fc8c64900cf36891127dbf9fba8","name":"cdiAdmin","sameAs":["https:\/\/casaldelsinfants.org"]}]}},"publishpress_future_action":{"enabled":false,"date":"2026-05-07 11:18:13","action":"change-status","newStatus":"draft","terms":[],"taxonomy":"category","extraData":[]},"publishpress_future_workflow_manual_trigger":{"enabledWorkflows":[]},"_links":{"self":[{"href":"https:\/\/www.casaldelsinfants.org\/es\/wp-json\/wp\/v2\/posts\/4591","targetHints":{"allow":["GET"]}}],"collection":[{"href":"https:\/\/www.casaldelsinfants.org\/es\/wp-json\/wp\/v2\/posts"}],"about":[{"href":"https:\/\/www.casaldelsinfants.org\/es\/wp-json\/wp\/v2\/types\/post"}],"author":[{"embeddable":true,"href":"https:\/\/www.casaldelsinfants.org\/es\/wp-json\/wp\/v2\/users\/1"}],"replies":[{"embeddable":true,"href":"https:\/\/www.casaldelsinfants.org\/es\/wp-json\/wp\/v2\/comments?post=4591"}],"version-history":[{"count":2,"href":"https:\/\/www.casaldelsinfants.org\/es\/wp-json\/wp\/v2\/posts\/4591\/revisions"}],"predecessor-version":[{"id":11742,"href":"https:\/\/www.casaldelsinfants.org\/es\/wp-json\/wp\/v2\/posts\/4591\/revisions\/11742"}],"wp:featuredmedia":[{"embeddable":true,"href":"https:\/\/www.casaldelsinfants.org\/es\/wp-json\/wp\/v2\/media\/3735"}],"wp:attachment":[{"href":"https:\/\/www.casaldelsinfants.org\/es\/wp-json\/wp\/v2\/media?parent=4591"}],"wp:term":[{"taxonomy":"category","embeddable":true,"href":"https:\/\/www.casaldelsinfants.org\/es\/wp-json\/wp\/v2\/categories?post=4591"},{"taxonomy":"post_tag","embeddable":true,"href":"https:\/\/www.casaldelsinfants.org\/es\/wp-json\/wp\/v2\/tags?post=4591"},{"taxonomy":"seus","embeddable":true,"href":"https:\/\/www.casaldelsinfants.org\/es\/wp-json\/wp\/v2\/seus?post=4591"},{"taxonomy":"eixos","embeddable":true,"href":"https:\/\/www.casaldelsinfants.org\/es\/wp-json\/wp\/v2\/eixos?post=4591"}],"curies":[{"name":"wp","href":"https:\/\/api.w.org\/{rel}","templated":true}]}}