{"id":4592,"date":"2017-02-06T13:57:04","date_gmt":"2017-02-06T11:57:04","guid":{"rendered":"https:\/\/casal.puntzero.cat\/noticies\/la-tapa-solidaria-es-consolida-com-el-compromis-anual-de-la-restauracio-amb-el-casal-dels\/"},"modified":"2023-05-01T19:13:33","modified_gmt":"2023-05-01T17:13:33","slug":"la-tapa-solidaria-es-consolida-com-el-compromis-anual-de-la-restauracio-amb-el-casal-dels","status":"publish","type":"post","link":"https:\/\/www.casaldelsinfants.org\/es\/actualidad\/tapa-solidaria-se-consolida-compromiso-anual-restauracion\/","title":{"rendered":"La Tapa Solidaria se consolida como el compromiso anual de la restauraci\u00f3n con el Casal dels Infants"},"content":{"rendered":"<p><strong><img decoding=\"async\" alt=\"\" border=\"0\" data-entity-type=\"\" data-entity-uuid=\"\" height=\"488\" src=\"\/wp-content\/uploads\/ActeCloenta_Tapa6.jpg\" style=\"display: block; margin-left: auto; margin-right: auto;\" width=\"732\" \/><\/strong><\/p>\n<ul>\n<li><strong>La iniciativa apadrinada por los hermanos Albert y Ferran Adri\u00e0 transforma las mejores tapas de la ciudad en oportunidades para los ni\u00f1os m\u00e1s vulnerables.<\/strong><\/li>\n<li><strong>La Tapa Solidaria ha conseguido casi 150.000 euros con 300.000 tapas consumidas en las 6 ediciones.<\/strong><\/li>\n<li><strong>Gracias a los 80 restaurantes y 45.000 personas<\/strong> que han probado la Tapa, el Casal dels Infants &nbsp;recibir\u00e1 22.500 euros para acompa\u00f1ar a &nbsp;m\u00e1s de 330 madres y beb\u00e9s del proyecto\u00bbV\u00ednculos\u00bb en Barcelona, Santa Coloma, Badalona y Salt.<\/li>\n<\/ul>\n<p>&nbsp;<\/p>\n<p>Barcelona, 03 de febrero de 2017 &#8211; Esta tarde, el <strong>restaurante Arola del Hotel Arts<\/strong> ha sido el escenario, por 6\u00ba a\u00f1o consecutivo, de la finalizaci\u00f3n de la campa\u00f1a solidaria que suma el esfuerzo de los restaurantes barceloneses y del Casal dels Infants en la lucha contra las desigualdades.<\/p>\n<p>&nbsp;<\/p>\n<p>La 6a edici\u00f3n de la<a href=\"https:\/\/tapasolidaria.org\/\" target=\"_blank\" rel=\"noopener\"> Tapa Solidaria<\/a>, que arranc\u00f3 el pasado mes de octubre <strong>con la implicaci\u00f3n de 80 restaurantes de Barcelona<\/strong> y de todo Catalu\u00f1a,<strong> ha destinado 0,50 c\u00e9ntimos de la venta de una tapa de la carta<\/strong> de cada restaurante al proyecto maternoinfantil \u00ab<a href=\"https:\/\/tapasolidaria.casaldelsinfants.org\/\" target=\"_blank\" rel=\"noopener\">V\u00ednculos<\/a>\u00bb&nbsp; del Casal dels Infants. Se trata de una iniciativa que nace de la conciencia de que<strong> invertir en educaci\u00f3n, cuanto antes mejor, contribuye a la igualdad de oportunidades de todos los ni\u00f1os y ni\u00f1as.<\/strong> Por eso el servicio apoya cada d\u00eda a madres con beb\u00e9s de 0 a 3 a\u00f1os en situaciones de vulnerabilidad. \u00abEn la 6a edici\u00f3n han participado<strong> 80 restaurantes amigos<\/strong> y casi <strong>45.000 personas que han probado las tapas solidarias y m\u00e1s de 3.300 han seguido la iniciativa en las redes sociales<\/strong>\u00bb ha explicado el vicepresidente del Casal dels Infants, Llu\u00eds Prats. \u00abLa Tapa es el compromiso anual de la restauraci\u00f3n catalana con los ni\u00f1os del pa\u00eds, estos 6 a\u00f1os de solidaridad continuada lo demuestran&#8230;gracias a la suma de esfuerzos este a\u00f1o<strong> podremos apoyar a 330 madres y beb\u00e9s de los barrios de Barcelona, Santa Coloma, Badalona y Salt\u00bb.<\/strong><\/p>\n<p><strong>&nbsp;<\/strong><\/p>\n<p>Como resultado de la campa\u00f1a,<strong> el Casal recibir\u00e1 22.500 euros<\/strong> que servir\u00e1n para reforzar \u00abV\u00ednculos\u00bb a barrios de Barcelona, Santa Coloma de Gramenet, Badalona y Salt. \u00abComo <strong>ejemplo del que podremos hacer,<\/strong> 4.016&nbsp; tapas de Bomba&nbsp; aseguran el acompa\u00f1amiento de un beb\u00e9 en la Peque\u00f1a Escuela durante un a\u00f1o, 3.200 tapas de combinado de olivas y berberechos hacen posible los espacios compartidos de madres y beb\u00e9s durante un trimestre y1.800 tapas de croquetas de tinta de calamar permiten la&nbsp; orientaci\u00f3n laboral de 5 madres para encontrar trabajo\u00bb ha explicado Prats ante los periodistas y autoridades presentes en el acto.<\/p>\n<p>Despu\u00e9s de la intervenci\u00f3n de Prats, ha tomado la palabra Albert Adri\u00e0, \u00abun placer colaborar con el Casal dels Infants, queremos hacer crecer esta gran familia de restaurantes solidarios, el a\u00f1o que viene esperamos ser muchos m\u00e1s!\u00bb<\/p>\n<p>&nbsp;<\/p>\n<p><strong>Sergi Arola, anfitri\u00f3n del acto de conclusi\u00f3n por sexto a\u00f1o consecutivo<\/strong>, que ha se\u00f1alado que en esta \u00e9poca son<strong> especialmente importantes iniciativas como esta<\/strong> \u00abestamos muy orgullosos de contribuir a que la uni\u00f3n entre el sector gastron\u00f3mico y el social sea cada vez m\u00e1s fuerte, podemos decir que&nbsp; somos referencia y estamos muy contentos, pues esto permite que entidades del valor del Casal dels Infants puedan continuar con su trabajo a favor de una sociedad m\u00e1s justa que todos deseamos\u00bb, ha remarcado ante el tambi\u00e9n chef y padrino de la campa\u00f1a, Albert Adri\u00e0.<\/p>\n<p>&nbsp;<\/p>\n<p>Por su parte, el chef <strong>Mariano Andr\u00e9s, propietario del restaurante Seville&#8217;s en Dubai<\/strong>, tambi\u00e9n ha intervenido para hacer, en directo, <strong>el sorteo de un viaje para dos personas en los Emiratos \u00c1rabes Unidos para visitar su restaurante.<\/strong> Los comensales, que han participado en la campa\u00f1a, no s\u00f3lo han podido participar en este sorteo, sino que, adem\u00e1s, han podido <strong>llenar con sus datos unos posavasos entre los que se ha sorteado una comida para dos personas en uno de los restaurantes participantes.<\/strong><\/p>\n<p>&nbsp;<\/p>\n<p>Al acto de conclusi\u00f3n&nbsp; en el restaurante Arola tambi\u00e9n han intervenido <strong>representantes de instituciones p\u00fablicas como Laia Ortiz<\/strong>, Tinente a la &nbsp;Alcald\u00eda del Ayuntamiento de Barcelona que ha destacado la vinculaci\u00f3n de las empresas como el Hotel Artes y los &nbsp;restaurantes con el sector social, \u00abel Casal dels infants es uno de los grandes patrimonios intangibles de la ciudad. Construye respuestas detectando casos de emergencia y siendo pionero en las respuestas. Tenemos que poder garantizar recursos a las familias, especialmente a las monoparentales, que sufren especialmente las consecuencias de las desigualdades. La Tapa Solidaria es tambi\u00e9n hacer part\u00edcipe a la ciudadan\u00eda y esto tiene un gran valor.\u00bb<\/p>\n<p>&nbsp;<\/p>\n<p>&nbsp;<strong>Y &nbsp;Francesc Iglesies<\/strong>, Secretario de Asuntos Sociales &nbsp;y Familias de la Generalitat de Catalu\u00f1a que ha comentado \u00abque una organizaci\u00f3n como el Casal pueda reunir tantas personas para ayudar a 300 familias es un \u00e9xito rotundo y nos hace sentir orgullosos. Es fundamental apoyar en los primeros a\u00f1os de vida de un ni\u00f1o para superar las dificultades del futuro. Apoyar es b\u00e1sico, por eso creemos que V\u00ednculos es un modelo a seguir y queremos extenderlo &nbsp;al conjunto de los barrios\u00bb.<\/p>\n<p>&nbsp;<\/p>\n<p><strong>El cuadro de personalidades asistentes lo han completado Bernat Valls<\/strong>, Director General de Acci\u00f3n C\u00edvica y Comunitaria del Departamento de Bienestar Social y Familia de la Generalitat, <strong>Xavier Trias<\/strong>, Cabeza de la Oposici\u00f3n del Ayuntamiento de Barcelona, <strong>Maite Fandos<\/strong> de la Diputaci\u00f3n de Barcelona y<strong> Salvador Puig Rodr\u00edguez<\/strong>, Director del INCAVI.<\/p>\n","protected":false},"excerpt":{"rendered":"<p>La iniciativa apadrinada por los hermanos Albert y Ferran Adri\u00e0 transforma las mejores tapas de la ciudad en oportunidades para los ni\u00f1os m\u00e1s vulnerables. La Tapa Solidaria ha conseguido casi 150.000 euros con 300.000 tapas consumidas en las 6 ediciones. Gracias a los 80 restaurantes y 45.000 personas que han probado la Tapa, el Casal [&hellip;]<\/p>\n","protected":false},"author":1,"featured_media":3738,"comment_status":"open","ping_status":"open","sticky":false,"template":"","format":"standard","meta":{"_acf_changed":false,"_et_pb_use_builder":"","_et_pb_old_content":"","_et_gb_content_width":"","inline_featured_image":false,"footnotes":""},"categories":[125],"tags":[],"seus":[],"eixos":[],"class_list":["post-4592","post","type-post","status-publish","format-standard","has-post-thumbnail","hentry","category-noticias"],"acf":[],"yoast_head":"<!-- This site is optimized with the Yoast SEO plugin v27.4 - https:\/\/yoast.com\/product\/yoast-seo-wordpress\/ -->\n<title>Tapa solidaria| Noticias| Casal dels Infants<\/title>\n<meta name=\"description\" content=\"La iniciativa de la Tapa solidaria se consolida como el compromiso anual de la restauraci\u00f3n con el Casal dels Infants. La 6a edici\u00f3n de la Tapa Solidaria, que arranc\u00f3 el pasado mes de octubre con la implicaci\u00f3n de 80 restaurantes de Barcelona y de todo Catalu\u00f1a, ha destinado 0,50 c\u00e9ntimos de la venta de una tapa de la carta de cada restaurante al proyecto maternoinfantil &quot;V\u00ednculos&quot; del Casal dels Infants.\" \/>\n<meta name=\"robots\" content=\"index, follow, max-snippet:-1, max-image-preview:large, max-video-preview:-1\" \/>\n<link rel=\"canonical\" href=\"https:\/\/www.casaldelsinfants.org\/es\/actualidad\/tapa-solidaria-se-consolida-compromiso-anual-restauracion\/\" \/>\n<meta property=\"og:locale\" content=\"es_ES\" \/>\n<meta property=\"og:type\" content=\"article\" \/>\n<meta property=\"og:title\" content=\"Tapa solidaria| Noticias| Casal dels Infants\" \/>\n<meta property=\"og:description\" content=\"La iniciativa de la Tapa solidaria se consolida como el compromiso anual de la restauraci\u00f3n con el Casal dels Infants. La 6a edici\u00f3n de la Tapa Solidaria, que arranc\u00f3 el pasado mes de octubre con la implicaci\u00f3n de 80 restaurantes de Barcelona y de todo Catalu\u00f1a, ha destinado 0,50 c\u00e9ntimos de la venta de una tapa de la carta de cada restaurante al proyecto maternoinfantil &quot;V\u00ednculos&quot; del Casal dels Infants.\" \/>\n<meta property=\"og:url\" content=\"https:\/\/www.casaldelsinfants.org\/es\/actualidad\/tapa-solidaria-se-consolida-compromiso-anual-restauracion\/\" \/>\n<meta property=\"og:site_name\" content=\"Casal dels Infants\" \/>\n<meta property=\"article:publisher\" content=\"https:\/\/www.facebook.com\/casalinfants\" \/>\n<meta property=\"article:published_time\" content=\"2017-02-06T11:57:04+00:00\" \/>\n<meta property=\"article:modified_time\" content=\"2023-05-01T17:13:33+00:00\" \/>\n<meta property=\"og:image\" content=\"https:\/\/www.casaldelsinfants.org\/wp-content\/uploads\/ActeCloenta_Tapa6-scaled.jpg\" \/>\n\t<meta property=\"og:image:width\" content=\"2560\" \/>\n\t<meta property=\"og:image:height\" content=\"1707\" \/>\n\t<meta property=\"og:image:type\" content=\"image\/jpeg\" \/>\n<meta name=\"author\" content=\"cdiAdmin\" \/>\n<meta name=\"twitter:card\" content=\"summary_large_image\" \/>\n<meta name=\"twitter:creator\" content=\"@casalinfants\" \/>\n<meta name=\"twitter:site\" content=\"@casalinfants\" \/>\n<meta name=\"twitter:label1\" content=\"Escrito por\" \/>\n\t<meta name=\"twitter:data1\" content=\"cdiAdmin\" \/>\n\t<meta name=\"twitter:label2\" content=\"Tiempo de lectura\" \/>\n\t<meta name=\"twitter:data2\" content=\"5 minutos\" \/>\n<script type=\"application\/ld+json\" class=\"yoast-schema-graph\">{\"@context\":\"https:\\\/\\\/schema.org\",\"@graph\":[{\"@type\":\"Article\",\"@id\":\"https:\\\/\\\/www.casaldelsinfants.org\\\/es\\\/actualidad\\\/tapa-solidaria-se-consolida-compromiso-anual-restauracion\\\/#article\",\"isPartOf\":{\"@id\":\"https:\\\/\\\/www.casaldelsinfants.org\\\/es\\\/actualidad\\\/tapa-solidaria-se-consolida-compromiso-anual-restauracion\\\/\"},\"author\":{\"name\":\"cdiAdmin\",\"@id\":\"https:\\\/\\\/www.casaldelsinfants.org\\\/es\\\/#\\\/schema\\\/person\\\/97707fc8c64900cf36891127dbf9fba8\"},\"headline\":\"La Tapa Solidaria se consolida como el compromiso anual de la restauraci\u00f3n con el Casal dels Infants\",\"datePublished\":\"2017-02-06T11:57:04+00:00\",\"dateModified\":\"2023-05-01T17:13:33+00:00\",\"mainEntityOfPage\":{\"@id\":\"https:\\\/\\\/www.casaldelsinfants.org\\\/es\\\/actualidad\\\/tapa-solidaria-se-consolida-compromiso-anual-restauracion\\\/\"},\"wordCount\":957,\"commentCount\":0,\"publisher\":{\"@id\":\"https:\\\/\\\/www.casaldelsinfants.org\\\/es\\\/#organization\"},\"image\":{\"@id\":\"https:\\\/\\\/www.casaldelsinfants.org\\\/es\\\/actualidad\\\/tapa-solidaria-se-consolida-compromiso-anual-restauracion\\\/#primaryimage\"},\"thumbnailUrl\":\"https:\\\/\\\/www.casaldelsinfants.org\\\/wp-content\\\/uploads\\\/ActeCloenta_Tapa6-scaled.jpg\",\"articleSection\":[\"Noticia\"],\"inLanguage\":\"es\",\"potentialAction\":[{\"@type\":\"CommentAction\",\"name\":\"Comment\",\"target\":[\"https:\\\/\\\/www.casaldelsinfants.org\\\/es\\\/actualidad\\\/tapa-solidaria-se-consolida-compromiso-anual-restauracion\\\/#respond\"]}]},{\"@type\":\"WebPage\",\"@id\":\"https:\\\/\\\/www.casaldelsinfants.org\\\/es\\\/actualidad\\\/tapa-solidaria-se-consolida-compromiso-anual-restauracion\\\/\",\"url\":\"https:\\\/\\\/www.casaldelsinfants.org\\\/es\\\/actualidad\\\/tapa-solidaria-se-consolida-compromiso-anual-restauracion\\\/\",\"name\":\"Tapa solidaria| Noticias| Casal dels Infants\",\"isPartOf\":{\"@id\":\"https:\\\/\\\/www.casaldelsinfants.org\\\/es\\\/#website\"},\"primaryImageOfPage\":{\"@id\":\"https:\\\/\\\/www.casaldelsinfants.org\\\/es\\\/actualidad\\\/tapa-solidaria-se-consolida-compromiso-anual-restauracion\\\/#primaryimage\"},\"image\":{\"@id\":\"https:\\\/\\\/www.casaldelsinfants.org\\\/es\\\/actualidad\\\/tapa-solidaria-se-consolida-compromiso-anual-restauracion\\\/#primaryimage\"},\"thumbnailUrl\":\"https:\\\/\\\/www.casaldelsinfants.org\\\/wp-content\\\/uploads\\\/ActeCloenta_Tapa6-scaled.jpg\",\"datePublished\":\"2017-02-06T11:57:04+00:00\",\"dateModified\":\"2023-05-01T17:13:33+00:00\",\"description\":\"La iniciativa de la Tapa solidaria se consolida como el compromiso anual de la restauraci\u00f3n con el Casal dels Infants. La 6a edici\u00f3n de la Tapa Solidaria, que arranc\u00f3 el pasado mes de octubre con la implicaci\u00f3n de 80 restaurantes de Barcelona y de todo Catalu\u00f1a, ha destinado 0,50 c\u00e9ntimos de la venta de una tapa de la carta de cada restaurante al proyecto maternoinfantil \\\"V\u00ednculos\\\" del Casal dels Infants.\",\"breadcrumb\":{\"@id\":\"https:\\\/\\\/www.casaldelsinfants.org\\\/es\\\/actualidad\\\/tapa-solidaria-se-consolida-compromiso-anual-restauracion\\\/#breadcrumb\"},\"inLanguage\":\"es\",\"potentialAction\":[{\"@type\":\"ReadAction\",\"target\":[\"https:\\\/\\\/www.casaldelsinfants.org\\\/es\\\/actualidad\\\/tapa-solidaria-se-consolida-compromiso-anual-restauracion\\\/\"]}]},{\"@type\":\"ImageObject\",\"inLanguage\":\"es\",\"@id\":\"https:\\\/\\\/www.casaldelsinfants.org\\\/es\\\/actualidad\\\/tapa-solidaria-se-consolida-compromiso-anual-restauracion\\\/#primaryimage\",\"url\":\"https:\\\/\\\/www.casaldelsinfants.org\\\/wp-content\\\/uploads\\\/ActeCloenta_Tapa6-scaled.jpg\",\"contentUrl\":\"https:\\\/\\\/www.casaldelsinfants.org\\\/wp-content\\\/uploads\\\/ActeCloenta_Tapa6-scaled.jpg\",\"width\":2560,\"height\":1707,\"caption\":\"Grup de persones a la 6ta edici\u00f3 de la Tapa Solid\u00e0ria\"},{\"@type\":\"BreadcrumbList\",\"@id\":\"https:\\\/\\\/www.casaldelsinfants.org\\\/es\\\/actualidad\\\/tapa-solidaria-se-consolida-compromiso-anual-restauracion\\\/#breadcrumb\",\"itemListElement\":[{\"@type\":\"ListItem\",\"position\":1,\"name\":\"Inici\",\"item\":\"https:\\\/\\\/www.casaldelsinfants.org\\\/es\\\/\"},{\"@type\":\"ListItem\",\"position\":2,\"name\":\"La Tapa Solidaria se consolida como el compromiso anual de la restauraci\u00f3n con el Casal dels Infants\"}]},{\"@type\":\"WebSite\",\"@id\":\"https:\\\/\\\/www.casaldelsinfants.org\\\/es\\\/#website\",\"url\":\"https:\\\/\\\/www.casaldelsinfants.org\\\/es\\\/\",\"name\":\"Casal dels Infants\",\"description\":\"\",\"publisher\":{\"@id\":\"https:\\\/\\\/www.casaldelsinfants.org\\\/es\\\/#organization\"},\"potentialAction\":[{\"@type\":\"SearchAction\",\"target\":{\"@type\":\"EntryPoint\",\"urlTemplate\":\"https:\\\/\\\/www.casaldelsinfants.org\\\/es\\\/?s={search_term_string}\"},\"query-input\":{\"@type\":\"PropertyValueSpecification\",\"valueRequired\":true,\"valueName\":\"search_term_string\"}}],\"inLanguage\":\"es\"},{\"@type\":\"Organization\",\"@id\":\"https:\\\/\\\/www.casaldelsinfants.org\\\/es\\\/#organization\",\"name\":\"Casal dels Infants\",\"url\":\"https:\\\/\\\/www.casaldelsinfants.org\\\/es\\\/\",\"logo\":{\"@type\":\"ImageObject\",\"inLanguage\":\"es\",\"@id\":\"https:\\\/\\\/www.casaldelsinfants.org\\\/es\\\/#\\\/schema\\\/logo\\\/image\\\/\",\"url\":\"https:\\\/\\\/www.casaldelsinfants.org\\\/wp-content\\\/uploads\\\/logo-mail.png\",\"contentUrl\":\"https:\\\/\\\/www.casaldelsinfants.org\\\/wp-content\\\/uploads\\\/logo-mail.png\",\"width\":380,\"height\":158,\"caption\":\"Casal dels Infants\"},\"image\":{\"@id\":\"https:\\\/\\\/www.casaldelsinfants.org\\\/es\\\/#\\\/schema\\\/logo\\\/image\\\/\"},\"sameAs\":[\"https:\\\/\\\/www.facebook.com\\\/casalinfants\",\"https:\\\/\\\/x.com\\\/casalinfants\",\"https:\\\/\\\/www.youtube.com\\\/user\\\/CasaldelsInfants1\",\"https:\\\/\\\/www.instagram.com\\\/casalinfants\\\/\",\"https:\\\/\\\/www.linkedin.com\\\/company\\\/casaldelsinfants?trk=organization-update_share-update_actor-text\"]},{\"@type\":\"Person\",\"@id\":\"https:\\\/\\\/www.casaldelsinfants.org\\\/es\\\/#\\\/schema\\\/person\\\/97707fc8c64900cf36891127dbf9fba8\",\"name\":\"cdiAdmin\",\"sameAs\":[\"https:\\\/\\\/casaldelsinfants.org\"]}]}<\/script>\n<!-- \/ Yoast SEO plugin. -->","yoast_head_json":{"title":"Tapa solidaria| Noticias| Casal dels Infants","description":"La iniciativa de la Tapa solidaria se consolida como el compromiso anual de la restauraci\u00f3n con el Casal dels Infants. La 6a edici\u00f3n de la Tapa Solidaria, que arranc\u00f3 el pasado mes de octubre con la implicaci\u00f3n de 80 restaurantes de Barcelona y de todo Catalu\u00f1a, ha destinado 0,50 c\u00e9ntimos de la venta de una tapa de la carta de cada restaurante al proyecto maternoinfantil \"V\u00ednculos\" del Casal dels Infants.","robots":{"index":"index","follow":"follow","max-snippet":"max-snippet:-1","max-image-preview":"max-image-preview:large","max-video-preview":"max-video-preview:-1"},"canonical":"https:\/\/www.casaldelsinfants.org\/es\/actualidad\/tapa-solidaria-se-consolida-compromiso-anual-restauracion\/","og_locale":"es_ES","og_type":"article","og_title":"Tapa solidaria| Noticias| Casal dels Infants","og_description":"La iniciativa de la Tapa solidaria se consolida como el compromiso anual de la restauraci\u00f3n con el Casal dels Infants. La 6a edici\u00f3n de la Tapa Solidaria, que arranc\u00f3 el pasado mes de octubre con la implicaci\u00f3n de 80 restaurantes de Barcelona y de todo Catalu\u00f1a, ha destinado 0,50 c\u00e9ntimos de la venta de una tapa de la carta de cada restaurante al proyecto maternoinfantil \"V\u00ednculos\" del Casal dels Infants.","og_url":"https:\/\/www.casaldelsinfants.org\/es\/actualidad\/tapa-solidaria-se-consolida-compromiso-anual-restauracion\/","og_site_name":"Casal dels Infants","article_publisher":"https:\/\/www.facebook.com\/casalinfants","article_published_time":"2017-02-06T11:57:04+00:00","article_modified_time":"2023-05-01T17:13:33+00:00","og_image":[{"width":2560,"height":1707,"url":"https:\/\/www.casaldelsinfants.org\/wp-content\/uploads\/ActeCloenta_Tapa6-scaled.jpg","type":"image\/jpeg"}],"author":"cdiAdmin","twitter_card":"summary_large_image","twitter_creator":"@casalinfants","twitter_site":"@casalinfants","twitter_misc":{"Escrito por":"cdiAdmin","Tiempo de lectura":"5 minutos"},"schema":{"@context":"https:\/\/schema.org","@graph":[{"@type":"Article","@id":"https:\/\/www.casaldelsinfants.org\/es\/actualidad\/tapa-solidaria-se-consolida-compromiso-anual-restauracion\/#article","isPartOf":{"@id":"https:\/\/www.casaldelsinfants.org\/es\/actualidad\/tapa-solidaria-se-consolida-compromiso-anual-restauracion\/"},"author":{"name":"cdiAdmin","@id":"https:\/\/www.casaldelsinfants.org\/es\/#\/schema\/person\/97707fc8c64900cf36891127dbf9fba8"},"headline":"La Tapa Solidaria se consolida como el compromiso anual de la restauraci\u00f3n con el Casal dels Infants","datePublished":"2017-02-06T11:57:04+00:00","dateModified":"2023-05-01T17:13:33+00:00","mainEntityOfPage":{"@id":"https:\/\/www.casaldelsinfants.org\/es\/actualidad\/tapa-solidaria-se-consolida-compromiso-anual-restauracion\/"},"wordCount":957,"commentCount":0,"publisher":{"@id":"https:\/\/www.casaldelsinfants.org\/es\/#organization"},"image":{"@id":"https:\/\/www.casaldelsinfants.org\/es\/actualidad\/tapa-solidaria-se-consolida-compromiso-anual-restauracion\/#primaryimage"},"thumbnailUrl":"https:\/\/www.casaldelsinfants.org\/wp-content\/uploads\/ActeCloenta_Tapa6-scaled.jpg","articleSection":["Noticia"],"inLanguage":"es","potentialAction":[{"@type":"CommentAction","name":"Comment","target":["https:\/\/www.casaldelsinfants.org\/es\/actualidad\/tapa-solidaria-se-consolida-compromiso-anual-restauracion\/#respond"]}]},{"@type":"WebPage","@id":"https:\/\/www.casaldelsinfants.org\/es\/actualidad\/tapa-solidaria-se-consolida-compromiso-anual-restauracion\/","url":"https:\/\/www.casaldelsinfants.org\/es\/actualidad\/tapa-solidaria-se-consolida-compromiso-anual-restauracion\/","name":"Tapa solidaria| Noticias| Casal dels Infants","isPartOf":{"@id":"https:\/\/www.casaldelsinfants.org\/es\/#website"},"primaryImageOfPage":{"@id":"https:\/\/www.casaldelsinfants.org\/es\/actualidad\/tapa-solidaria-se-consolida-compromiso-anual-restauracion\/#primaryimage"},"image":{"@id":"https:\/\/www.casaldelsinfants.org\/es\/actualidad\/tapa-solidaria-se-consolida-compromiso-anual-restauracion\/#primaryimage"},"thumbnailUrl":"https:\/\/www.casaldelsinfants.org\/wp-content\/uploads\/ActeCloenta_Tapa6-scaled.jpg","datePublished":"2017-02-06T11:57:04+00:00","dateModified":"2023-05-01T17:13:33+00:00","description":"La iniciativa de la Tapa solidaria se consolida como el compromiso anual de la restauraci\u00f3n con el Casal dels Infants. La 6a edici\u00f3n de la Tapa Solidaria, que arranc\u00f3 el pasado mes de octubre con la implicaci\u00f3n de 80 restaurantes de Barcelona y de todo Catalu\u00f1a, ha destinado 0,50 c\u00e9ntimos de la venta de una tapa de la carta de cada restaurante al proyecto maternoinfantil \"V\u00ednculos\" del Casal dels Infants.","breadcrumb":{"@id":"https:\/\/www.casaldelsinfants.org\/es\/actualidad\/tapa-solidaria-se-consolida-compromiso-anual-restauracion\/#breadcrumb"},"inLanguage":"es","potentialAction":[{"@type":"ReadAction","target":["https:\/\/www.casaldelsinfants.org\/es\/actualidad\/tapa-solidaria-se-consolida-compromiso-anual-restauracion\/"]}]},{"@type":"ImageObject","inLanguage":"es","@id":"https:\/\/www.casaldelsinfants.org\/es\/actualidad\/tapa-solidaria-se-consolida-compromiso-anual-restauracion\/#primaryimage","url":"https:\/\/www.casaldelsinfants.org\/wp-content\/uploads\/ActeCloenta_Tapa6-scaled.jpg","contentUrl":"https:\/\/www.casaldelsinfants.org\/wp-content\/uploads\/ActeCloenta_Tapa6-scaled.jpg","width":2560,"height":1707,"caption":"Grup de persones a la 6ta edici\u00f3 de la Tapa Solid\u00e0ria"},{"@type":"BreadcrumbList","@id":"https:\/\/www.casaldelsinfants.org\/es\/actualidad\/tapa-solidaria-se-consolida-compromiso-anual-restauracion\/#breadcrumb","itemListElement":[{"@type":"ListItem","position":1,"name":"Inici","item":"https:\/\/www.casaldelsinfants.org\/es\/"},{"@type":"ListItem","position":2,"name":"La Tapa Solidaria se consolida como el compromiso anual de la restauraci\u00f3n con el Casal dels Infants"}]},{"@type":"WebSite","@id":"https:\/\/www.casaldelsinfants.org\/es\/#website","url":"https:\/\/www.casaldelsinfants.org\/es\/","name":"Casal dels Infants","description":"","publisher":{"@id":"https:\/\/www.casaldelsinfants.org\/es\/#organization"},"potentialAction":[{"@type":"SearchAction","target":{"@type":"EntryPoint","urlTemplate":"https:\/\/www.casaldelsinfants.org\/es\/?s={search_term_string}"},"query-input":{"@type":"PropertyValueSpecification","valueRequired":true,"valueName":"search_term_string"}}],"inLanguage":"es"},{"@type":"Organization","@id":"https:\/\/www.casaldelsinfants.org\/es\/#organization","name":"Casal dels Infants","url":"https:\/\/www.casaldelsinfants.org\/es\/","logo":{"@type":"ImageObject","inLanguage":"es","@id":"https:\/\/www.casaldelsinfants.org\/es\/#\/schema\/logo\/image\/","url":"https:\/\/www.casaldelsinfants.org\/wp-content\/uploads\/logo-mail.png","contentUrl":"https:\/\/www.casaldelsinfants.org\/wp-content\/uploads\/logo-mail.png","width":380,"height":158,"caption":"Casal dels Infants"},"image":{"@id":"https:\/\/www.casaldelsinfants.org\/es\/#\/schema\/logo\/image\/"},"sameAs":["https:\/\/www.facebook.com\/casalinfants","https:\/\/x.com\/casalinfants","https:\/\/www.youtube.com\/user\/CasaldelsInfants1","https:\/\/www.instagram.com\/casalinfants\/","https:\/\/www.linkedin.com\/company\/casaldelsinfants?trk=organization-update_share-update_actor-text"]},{"@type":"Person","@id":"https:\/\/www.casaldelsinfants.org\/es\/#\/schema\/person\/97707fc8c64900cf36891127dbf9fba8","name":"cdiAdmin","sameAs":["https:\/\/casaldelsinfants.org"]}]}},"publishpress_future_action":{"enabled":false,"date":"2026-05-06 12:35:26","action":"change-status","newStatus":"draft","terms":[],"taxonomy":"category","extraData":[]},"publishpress_future_workflow_manual_trigger":{"enabledWorkflows":[]},"_links":{"self":[{"href":"https:\/\/www.casaldelsinfants.org\/es\/wp-json\/wp\/v2\/posts\/4592","targetHints":{"allow":["GET"]}}],"collection":[{"href":"https:\/\/www.casaldelsinfants.org\/es\/wp-json\/wp\/v2\/posts"}],"about":[{"href":"https:\/\/www.casaldelsinfants.org\/es\/wp-json\/wp\/v2\/types\/post"}],"author":[{"embeddable":true,"href":"https:\/\/www.casaldelsinfants.org\/es\/wp-json\/wp\/v2\/users\/1"}],"replies":[{"embeddable":true,"href":"https:\/\/www.casaldelsinfants.org\/es\/wp-json\/wp\/v2\/comments?post=4592"}],"version-history":[{"count":1,"href":"https:\/\/www.casaldelsinfants.org\/es\/wp-json\/wp\/v2\/posts\/4592\/revisions"}],"predecessor-version":[{"id":6492,"href":"https:\/\/www.casaldelsinfants.org\/es\/wp-json\/wp\/v2\/posts\/4592\/revisions\/6492"}],"wp:featuredmedia":[{"embeddable":true,"href":"https:\/\/www.casaldelsinfants.org\/es\/wp-json\/wp\/v2\/media\/3738"}],"wp:attachment":[{"href":"https:\/\/www.casaldelsinfants.org\/es\/wp-json\/wp\/v2\/media?parent=4592"}],"wp:term":[{"taxonomy":"category","embeddable":true,"href":"https:\/\/www.casaldelsinfants.org\/es\/wp-json\/wp\/v2\/categories?post=4592"},{"taxonomy":"post_tag","embeddable":true,"href":"https:\/\/www.casaldelsinfants.org\/es\/wp-json\/wp\/v2\/tags?post=4592"},{"taxonomy":"seus","embeddable":true,"href":"https:\/\/www.casaldelsinfants.org\/es\/wp-json\/wp\/v2\/seus?post=4592"},{"taxonomy":"eixos","embeddable":true,"href":"https:\/\/www.casaldelsinfants.org\/es\/wp-json\/wp\/v2\/eixos?post=4592"}],"curies":[{"name":"wp","href":"https:\/\/api.w.org\/{rel}","templated":true}]}}