{"id":4594,"date":"2016-12-27T16:51:11","date_gmt":"2016-12-27T14:51:11","guid":{"rendered":"https:\/\/casal.puntzero.cat\/noticies\/passar-el-nadal-al-casal\/"},"modified":"2023-05-01T19:13:45","modified_gmt":"2023-05-01T17:13:45","slug":"passar-el-nadal-al-casal","status":"publish","type":"post","link":"https:\/\/www.casaldelsinfants.org\/es\/actualidad\/pasar-la-navidad-en-el-casal\/","title":{"rendered":"Pasar la Navidad en el Casal"},"content":{"rendered":"<h4 style=\"text-align: justify;\">\u00a0<\/h4>\n<h4 style=\"text-align: justify;\">\u00a0<\/h4>\n<h4 style=\"text-align: justify;\"><img decoding=\"async\" src=\"\/wp-content\/uploads\/img-20161222-wa0004-0-0.jpg\" border=\"0\" alt=\"\" width=\"854\" height=\"640\" \/><\/h4>\n<h4 style=\"text-align: justify;\">\u00a0<\/h4>\n<h4 style=\"text-align: justify;\">Llegan las fiestas navide\u00f1as y el Casal no cierra por vacaciones, sino que abre sus puertas a un mont\u00f3n de actividades l\u00fadicas y culturales. Nos lo pasamos bien y compartimos valores!<\/h4>\n<p style=\"text-align: justify;\">El\u00a0 Casal dels Infants se viste de Navidad estos d\u00edas en los diferentes barrios. Mientras los ni\u00f1os y ni\u00f1as est\u00e1n ansiosos de abrir sus regalos, el equipo de voluntarios\/se y educadores\/se apuran los minutos para ilusionar con una gran variedad de actividades a los m\u00e1s peque\u00f1os durante estos d\u00edas. En el Raval y en el Bes\u00f2s (Barcelona), en \u00a0Llefi\u00e0 y Sant Roc (Badalona), en Fondo y Raval-Santa Rosa (Santa Coloma), en la Mina (Sant Adri\u00e0) y en Salt (Giron\u00e8s) celebramos que, si hacemos pi\u00f1a, tenemos m\u00e1s fuerzas para salir adelante durante la Navidad y durante todo el a\u00f1o!!<\/p>\n<p style=\"text-align: justify;\">Lo explica Rosa Balaguer, directora general del Casal, \u201ces muy importante que los ni\u00f1os y ni\u00f1as tengan un apoyo educativo tambi\u00e9n durante las vacaciones. Cuando las escuelas cierran tienen m\u00e1s horas libres que, bien\u00a0 acompa\u00f1adas, pueden reforzar su ilusi\u00f3n y dejar de lado las preocupaciones de su d\u00eda a d\u00eda\u201d, y contin\u00faa, \u201clos ni\u00f1os tienen que preocuparse, de hacer amigos, de pasarlo bien, de ser ni\u00f1os!\u201d.<\/p>\n<p style=\"text-align: justify;\">En este sentido, en Santa Coloma, los m\u00e1s peque\u00f1os saldr\u00e1n del barrio para visitar el Sal\u00f3n de la infancia y disfrutar\u00e1n de una pel\u00edcula con la colaboraci\u00f3n de los cines Texas. Los adolescentes tambi\u00e9n marchar\u00e1n, en este caso de colonias, tres d\u00edas a \u00a0Clariana de Cardener y a la vuelta, celebrar\u00e1n una cena para acabar las fiestas como se merecen.<\/p>\n<p style=\"text-align: justify;\">En Salt ir\u00e1n a patinar sobre hielo y har\u00e1n una excursi\u00f3n en bicicleta al mirador de Girona para observar la comarca con perspectiva ya que \u201ces muy importante que los ni\u00f1os salgan de su din\u00e1mica, aprendan a ver la ciudad y la comarca desde otra perspectiva, que la haga m\u00e1s cercana y alcanzable\u201d, comenta el director del Casal de Salt, Ferran L\u00f3pez. Las familias, por su parte, visitar\u00e1n el Espai Caixa donde podr\u00e1n disfrutar del espect\u00e1culo Pianissimo Circus y participar\u00e1n en el Taller de Deixalles Mutants que organiza Basurama en el CaixaF\u00f2rum de Girona, donde tambi\u00e9n podr\u00e1n dejarse llevar por su creatividad.<\/p>\n<p style=\"text-align: justify;\">Buscando reforzar su talento art\u00edstico, los ni\u00f1os del Raval (Barcelona) har\u00e1n manualidades con las familias, aprender\u00e1n canciones y bailar\u00e1n \u201czumba\u201d y el m\u00e1s esperado a pesar de que menos art\u00edstico&#8230;har\u00e1n cagar el ti\u00f3 a golpes de bast\u00f3n!!<\/p>\n<p style=\"text-align: justify;\">La tradici\u00f3n y los valores que acompa\u00f1an estas fechas son, quiz\u00e1s, el palo de pajar de la Navidad en el Casal \u201cestamos organizando una gincana para devolver la fe en los Reyes Magos de Oriente\u201d, comenta la educadora de la Mina, Eva Ledesma, \u201cqueremos que los ni\u00f1os y ni\u00f1as recuperen la ilusi\u00f3n, vuelvan a tener fantas\u00eda y crean que todo es posible\u201d. Seguimos acompa\u00f1ando sus sue\u00f1os, su futuro. \u00a1FELIZ NAVIDAD!<\/p>\n","protected":false},"excerpt":{"rendered":"<p>\u00a0 \u00a0 \u00a0 Llegan las fiestas navide\u00f1as y el Casal no cierra por vacaciones, sino que abre sus puertas a un mont\u00f3n de actividades l\u00fadicas y culturales. Nos lo pasamos bien y compartimos valores! El\u00a0 Casal dels Infants se viste de Navidad estos d\u00edas en los diferentes barrios. Mientras los ni\u00f1os y ni\u00f1as est\u00e1n ansiosos [&hellip;]<\/p>\n","protected":false},"author":1,"featured_media":3744,"comment_status":"open","ping_status":"open","sticky":false,"template":"","format":"standard","meta":{"_acf_changed":false,"_et_pb_use_builder":"","_et_pb_old_content":"","_et_gb_content_width":"","inline_featured_image":false,"footnotes":""},"categories":[125],"tags":[],"seus":[],"eixos":[],"class_list":["post-4594","post","type-post","status-publish","format-standard","has-post-thumbnail","hentry","category-noticias"],"acf":[],"yoast_head":"<!-- This site is optimized with the Yoast SEO plugin v27.4 - https:\/\/yoast.com\/product\/yoast-seo-wordpress\/ -->\n<title>Pasar la Navidad en el Casal - Casal dels Infants<\/title>\n<meta name=\"robots\" content=\"index, follow, max-snippet:-1, max-image-preview:large, max-video-preview:-1\" \/>\n<link rel=\"canonical\" href=\"https:\/\/www.casaldelsinfants.org\/es\/actualidad\/pasar-la-navidad-en-el-casal\/\" \/>\n<meta property=\"og:locale\" content=\"es_ES\" \/>\n<meta property=\"og:type\" content=\"article\" \/>\n<meta property=\"og:title\" content=\"Pasar la Navidad en el Casal - Casal dels Infants\" \/>\n<meta property=\"og:description\" content=\"\u00a0 \u00a0 \u00a0 Llegan las fiestas navide\u00f1as y el Casal no cierra por vacaciones, sino que abre sus puertas a un mont\u00f3n de actividades l\u00fadicas y culturales. Nos lo pasamos bien y compartimos valores! El\u00a0 Casal dels Infants se viste de Navidad estos d\u00edas en los diferentes barrios. Mientras los ni\u00f1os y ni\u00f1as est\u00e1n ansiosos [&hellip;]\" \/>\n<meta property=\"og:url\" content=\"https:\/\/www.casaldelsinfants.org\/es\/actualidad\/pasar-la-navidad-en-el-casal\/\" \/>\n<meta property=\"og:site_name\" content=\"Casal dels Infants\" \/>\n<meta property=\"article:publisher\" content=\"https:\/\/www.facebook.com\/casalinfants\" \/>\n<meta property=\"article:published_time\" content=\"2016-12-27T14:51:11+00:00\" \/>\n<meta property=\"article:modified_time\" content=\"2023-05-01T17:13:45+00:00\" \/>\n<meta property=\"og:image\" content=\"https:\/\/www.casaldelsinfants.org\/wp-content\/uploads\/IMG-20161222-WA0004_0_0.jpg\" \/>\n\t<meta property=\"og:image:width\" content=\"1600\" \/>\n\t<meta property=\"og:image:height\" content=\"1200\" \/>\n\t<meta property=\"og:image:type\" content=\"image\/jpeg\" \/>\n<meta name=\"author\" content=\"cdiAdmin\" \/>\n<meta name=\"twitter:card\" content=\"summary_large_image\" \/>\n<meta name=\"twitter:creator\" content=\"@casalinfants\" \/>\n<meta name=\"twitter:site\" content=\"@casalinfants\" \/>\n<meta name=\"twitter:label1\" content=\"Escrito por\" \/>\n\t<meta name=\"twitter:data1\" content=\"cdiAdmin\" \/>\n\t<meta name=\"twitter:label2\" content=\"Tiempo de lectura\" \/>\n\t<meta name=\"twitter:data2\" content=\"3 minutos\" \/>\n<script type=\"application\/ld+json\" class=\"yoast-schema-graph\">{\"@context\":\"https:\\\/\\\/schema.org\",\"@graph\":[{\"@type\":\"Article\",\"@id\":\"https:\\\/\\\/www.casaldelsinfants.org\\\/es\\\/actualidad\\\/pasar-la-navidad-en-el-casal\\\/#article\",\"isPartOf\":{\"@id\":\"https:\\\/\\\/www.casaldelsinfants.org\\\/es\\\/actualidad\\\/pasar-la-navidad-en-el-casal\\\/\"},\"author\":{\"name\":\"cdiAdmin\",\"@id\":\"https:\\\/\\\/www.casaldelsinfants.org\\\/es\\\/#\\\/schema\\\/person\\\/97707fc8c64900cf36891127dbf9fba8\"},\"headline\":\"Pasar la Navidad en el Casal\",\"datePublished\":\"2016-12-27T14:51:11+00:00\",\"dateModified\":\"2023-05-01T17:13:45+00:00\",\"mainEntityOfPage\":{\"@id\":\"https:\\\/\\\/www.casaldelsinfants.org\\\/es\\\/actualidad\\\/pasar-la-navidad-en-el-casal\\\/\"},\"wordCount\":542,\"commentCount\":0,\"publisher\":{\"@id\":\"https:\\\/\\\/www.casaldelsinfants.org\\\/es\\\/#organization\"},\"image\":{\"@id\":\"https:\\\/\\\/www.casaldelsinfants.org\\\/es\\\/actualidad\\\/pasar-la-navidad-en-el-casal\\\/#primaryimage\"},\"thumbnailUrl\":\"https:\\\/\\\/www.casaldelsinfants.org\\\/wp-content\\\/uploads\\\/IMG-20161222-WA0004_0_0.jpg\",\"articleSection\":[\"Noticia\"],\"inLanguage\":\"es\",\"potentialAction\":[{\"@type\":\"CommentAction\",\"name\":\"Comment\",\"target\":[\"https:\\\/\\\/www.casaldelsinfants.org\\\/es\\\/actualidad\\\/pasar-la-navidad-en-el-casal\\\/#respond\"]}]},{\"@type\":\"WebPage\",\"@id\":\"https:\\\/\\\/www.casaldelsinfants.org\\\/es\\\/actualidad\\\/pasar-la-navidad-en-el-casal\\\/\",\"url\":\"https:\\\/\\\/www.casaldelsinfants.org\\\/es\\\/actualidad\\\/pasar-la-navidad-en-el-casal\\\/\",\"name\":\"Pasar la Navidad en el Casal - Casal dels Infants\",\"isPartOf\":{\"@id\":\"https:\\\/\\\/www.casaldelsinfants.org\\\/es\\\/#website\"},\"primaryImageOfPage\":{\"@id\":\"https:\\\/\\\/www.casaldelsinfants.org\\\/es\\\/actualidad\\\/pasar-la-navidad-en-el-casal\\\/#primaryimage\"},\"image\":{\"@id\":\"https:\\\/\\\/www.casaldelsinfants.org\\\/es\\\/actualidad\\\/pasar-la-navidad-en-el-casal\\\/#primaryimage\"},\"thumbnailUrl\":\"https:\\\/\\\/www.casaldelsinfants.org\\\/wp-content\\\/uploads\\\/IMG-20161222-WA0004_0_0.jpg\",\"datePublished\":\"2016-12-27T14:51:11+00:00\",\"dateModified\":\"2023-05-01T17:13:45+00:00\",\"breadcrumb\":{\"@id\":\"https:\\\/\\\/www.casaldelsinfants.org\\\/es\\\/actualidad\\\/pasar-la-navidad-en-el-casal\\\/#breadcrumb\"},\"inLanguage\":\"es\",\"potentialAction\":[{\"@type\":\"ReadAction\",\"target\":[\"https:\\\/\\\/www.casaldelsinfants.org\\\/es\\\/actualidad\\\/pasar-la-navidad-en-el-casal\\\/\"]}]},{\"@type\":\"ImageObject\",\"inLanguage\":\"es\",\"@id\":\"https:\\\/\\\/www.casaldelsinfants.org\\\/es\\\/actualidad\\\/pasar-la-navidad-en-el-casal\\\/#primaryimage\",\"url\":\"https:\\\/\\\/www.casaldelsinfants.org\\\/wp-content\\\/uploads\\\/IMG-20161222-WA0004_0_0.jpg\",\"contentUrl\":\"https:\\\/\\\/www.casaldelsinfants.org\\\/wp-content\\\/uploads\\\/IMG-20161222-WA0004_0_0.jpg\",\"width\":1600,\"height\":1200,\"caption\":\"Passar el Nadal al Casal\"},{\"@type\":\"BreadcrumbList\",\"@id\":\"https:\\\/\\\/www.casaldelsinfants.org\\\/es\\\/actualidad\\\/pasar-la-navidad-en-el-casal\\\/#breadcrumb\",\"itemListElement\":[{\"@type\":\"ListItem\",\"position\":1,\"name\":\"Inici\",\"item\":\"https:\\\/\\\/www.casaldelsinfants.org\\\/es\\\/\"},{\"@type\":\"ListItem\",\"position\":2,\"name\":\"Pasar la Navidad en el Casal\"}]},{\"@type\":\"WebSite\",\"@id\":\"https:\\\/\\\/www.casaldelsinfants.org\\\/es\\\/#website\",\"url\":\"https:\\\/\\\/www.casaldelsinfants.org\\\/es\\\/\",\"name\":\"Casal dels Infants\",\"description\":\"\",\"publisher\":{\"@id\":\"https:\\\/\\\/www.casaldelsinfants.org\\\/es\\\/#organization\"},\"potentialAction\":[{\"@type\":\"SearchAction\",\"target\":{\"@type\":\"EntryPoint\",\"urlTemplate\":\"https:\\\/\\\/www.casaldelsinfants.org\\\/es\\\/?s={search_term_string}\"},\"query-input\":{\"@type\":\"PropertyValueSpecification\",\"valueRequired\":true,\"valueName\":\"search_term_string\"}}],\"inLanguage\":\"es\"},{\"@type\":\"Organization\",\"@id\":\"https:\\\/\\\/www.casaldelsinfants.org\\\/es\\\/#organization\",\"name\":\"Casal dels Infants\",\"url\":\"https:\\\/\\\/www.casaldelsinfants.org\\\/es\\\/\",\"logo\":{\"@type\":\"ImageObject\",\"inLanguage\":\"es\",\"@id\":\"https:\\\/\\\/www.casaldelsinfants.org\\\/es\\\/#\\\/schema\\\/logo\\\/image\\\/\",\"url\":\"https:\\\/\\\/www.casaldelsinfants.org\\\/wp-content\\\/uploads\\\/logo-mail.png\",\"contentUrl\":\"https:\\\/\\\/www.casaldelsinfants.org\\\/wp-content\\\/uploads\\\/logo-mail.png\",\"width\":380,\"height\":158,\"caption\":\"Casal dels Infants\"},\"image\":{\"@id\":\"https:\\\/\\\/www.casaldelsinfants.org\\\/es\\\/#\\\/schema\\\/logo\\\/image\\\/\"},\"sameAs\":[\"https:\\\/\\\/www.facebook.com\\\/casalinfants\",\"https:\\\/\\\/x.com\\\/casalinfants\",\"https:\\\/\\\/www.youtube.com\\\/user\\\/CasaldelsInfants1\",\"https:\\\/\\\/www.instagram.com\\\/casalinfants\\\/\",\"https:\\\/\\\/www.linkedin.com\\\/company\\\/casaldelsinfants?trk=organization-update_share-update_actor-text\"]},{\"@type\":\"Person\",\"@id\":\"https:\\\/\\\/www.casaldelsinfants.org\\\/es\\\/#\\\/schema\\\/person\\\/97707fc8c64900cf36891127dbf9fba8\",\"name\":\"cdiAdmin\",\"sameAs\":[\"https:\\\/\\\/casaldelsinfants.org\"]}]}<\/script>\n<!-- \/ Yoast SEO plugin. -->","yoast_head_json":{"title":"Pasar la Navidad en el Casal - Casal dels Infants","robots":{"index":"index","follow":"follow","max-snippet":"max-snippet:-1","max-image-preview":"max-image-preview:large","max-video-preview":"max-video-preview:-1"},"canonical":"https:\/\/www.casaldelsinfants.org\/es\/actualidad\/pasar-la-navidad-en-el-casal\/","og_locale":"es_ES","og_type":"article","og_title":"Pasar la Navidad en el Casal - Casal dels Infants","og_description":"\u00a0 \u00a0 \u00a0 Llegan las fiestas navide\u00f1as y el Casal no cierra por vacaciones, sino que abre sus puertas a un mont\u00f3n de actividades l\u00fadicas y culturales. Nos lo pasamos bien y compartimos valores! El\u00a0 Casal dels Infants se viste de Navidad estos d\u00edas en los diferentes barrios. Mientras los ni\u00f1os y ni\u00f1as est\u00e1n ansiosos [&hellip;]","og_url":"https:\/\/www.casaldelsinfants.org\/es\/actualidad\/pasar-la-navidad-en-el-casal\/","og_site_name":"Casal dels Infants","article_publisher":"https:\/\/www.facebook.com\/casalinfants","article_published_time":"2016-12-27T14:51:11+00:00","article_modified_time":"2023-05-01T17:13:45+00:00","og_image":[{"width":1600,"height":1200,"url":"https:\/\/www.casaldelsinfants.org\/wp-content\/uploads\/IMG-20161222-WA0004_0_0.jpg","type":"image\/jpeg"}],"author":"cdiAdmin","twitter_card":"summary_large_image","twitter_creator":"@casalinfants","twitter_site":"@casalinfants","twitter_misc":{"Escrito por":"cdiAdmin","Tiempo de lectura":"3 minutos"},"schema":{"@context":"https:\/\/schema.org","@graph":[{"@type":"Article","@id":"https:\/\/www.casaldelsinfants.org\/es\/actualidad\/pasar-la-navidad-en-el-casal\/#article","isPartOf":{"@id":"https:\/\/www.casaldelsinfants.org\/es\/actualidad\/pasar-la-navidad-en-el-casal\/"},"author":{"name":"cdiAdmin","@id":"https:\/\/www.casaldelsinfants.org\/es\/#\/schema\/person\/97707fc8c64900cf36891127dbf9fba8"},"headline":"Pasar la Navidad en el Casal","datePublished":"2016-12-27T14:51:11+00:00","dateModified":"2023-05-01T17:13:45+00:00","mainEntityOfPage":{"@id":"https:\/\/www.casaldelsinfants.org\/es\/actualidad\/pasar-la-navidad-en-el-casal\/"},"wordCount":542,"commentCount":0,"publisher":{"@id":"https:\/\/www.casaldelsinfants.org\/es\/#organization"},"image":{"@id":"https:\/\/www.casaldelsinfants.org\/es\/actualidad\/pasar-la-navidad-en-el-casal\/#primaryimage"},"thumbnailUrl":"https:\/\/www.casaldelsinfants.org\/wp-content\/uploads\/IMG-20161222-WA0004_0_0.jpg","articleSection":["Noticia"],"inLanguage":"es","potentialAction":[{"@type":"CommentAction","name":"Comment","target":["https:\/\/www.casaldelsinfants.org\/es\/actualidad\/pasar-la-navidad-en-el-casal\/#respond"]}]},{"@type":"WebPage","@id":"https:\/\/www.casaldelsinfants.org\/es\/actualidad\/pasar-la-navidad-en-el-casal\/","url":"https:\/\/www.casaldelsinfants.org\/es\/actualidad\/pasar-la-navidad-en-el-casal\/","name":"Pasar la Navidad en el Casal - Casal dels Infants","isPartOf":{"@id":"https:\/\/www.casaldelsinfants.org\/es\/#website"},"primaryImageOfPage":{"@id":"https:\/\/www.casaldelsinfants.org\/es\/actualidad\/pasar-la-navidad-en-el-casal\/#primaryimage"},"image":{"@id":"https:\/\/www.casaldelsinfants.org\/es\/actualidad\/pasar-la-navidad-en-el-casal\/#primaryimage"},"thumbnailUrl":"https:\/\/www.casaldelsinfants.org\/wp-content\/uploads\/IMG-20161222-WA0004_0_0.jpg","datePublished":"2016-12-27T14:51:11+00:00","dateModified":"2023-05-01T17:13:45+00:00","breadcrumb":{"@id":"https:\/\/www.casaldelsinfants.org\/es\/actualidad\/pasar-la-navidad-en-el-casal\/#breadcrumb"},"inLanguage":"es","potentialAction":[{"@type":"ReadAction","target":["https:\/\/www.casaldelsinfants.org\/es\/actualidad\/pasar-la-navidad-en-el-casal\/"]}]},{"@type":"ImageObject","inLanguage":"es","@id":"https:\/\/www.casaldelsinfants.org\/es\/actualidad\/pasar-la-navidad-en-el-casal\/#primaryimage","url":"https:\/\/www.casaldelsinfants.org\/wp-content\/uploads\/IMG-20161222-WA0004_0_0.jpg","contentUrl":"https:\/\/www.casaldelsinfants.org\/wp-content\/uploads\/IMG-20161222-WA0004_0_0.jpg","width":1600,"height":1200,"caption":"Passar el Nadal al Casal"},{"@type":"BreadcrumbList","@id":"https:\/\/www.casaldelsinfants.org\/es\/actualidad\/pasar-la-navidad-en-el-casal\/#breadcrumb","itemListElement":[{"@type":"ListItem","position":1,"name":"Inici","item":"https:\/\/www.casaldelsinfants.org\/es\/"},{"@type":"ListItem","position":2,"name":"Pasar la Navidad en el Casal"}]},{"@type":"WebSite","@id":"https:\/\/www.casaldelsinfants.org\/es\/#website","url":"https:\/\/www.casaldelsinfants.org\/es\/","name":"Casal dels Infants","description":"","publisher":{"@id":"https:\/\/www.casaldelsinfants.org\/es\/#organization"},"potentialAction":[{"@type":"SearchAction","target":{"@type":"EntryPoint","urlTemplate":"https:\/\/www.casaldelsinfants.org\/es\/?s={search_term_string}"},"query-input":{"@type":"PropertyValueSpecification","valueRequired":true,"valueName":"search_term_string"}}],"inLanguage":"es"},{"@type":"Organization","@id":"https:\/\/www.casaldelsinfants.org\/es\/#organization","name":"Casal dels Infants","url":"https:\/\/www.casaldelsinfants.org\/es\/","logo":{"@type":"ImageObject","inLanguage":"es","@id":"https:\/\/www.casaldelsinfants.org\/es\/#\/schema\/logo\/image\/","url":"https:\/\/www.casaldelsinfants.org\/wp-content\/uploads\/logo-mail.png","contentUrl":"https:\/\/www.casaldelsinfants.org\/wp-content\/uploads\/logo-mail.png","width":380,"height":158,"caption":"Casal dels Infants"},"image":{"@id":"https:\/\/www.casaldelsinfants.org\/es\/#\/schema\/logo\/image\/"},"sameAs":["https:\/\/www.facebook.com\/casalinfants","https:\/\/x.com\/casalinfants","https:\/\/www.youtube.com\/user\/CasaldelsInfants1","https:\/\/www.instagram.com\/casalinfants\/","https:\/\/www.linkedin.com\/company\/casaldelsinfants?trk=organization-update_share-update_actor-text"]},{"@type":"Person","@id":"https:\/\/www.casaldelsinfants.org\/es\/#\/schema\/person\/97707fc8c64900cf36891127dbf9fba8","name":"cdiAdmin","sameAs":["https:\/\/casaldelsinfants.org"]}]}},"publishpress_future_action":{"enabled":false,"date":"2026-05-07 11:34:34","action":"change-status","newStatus":"draft","terms":[],"taxonomy":"category","extraData":[]},"publishpress_future_workflow_manual_trigger":{"enabledWorkflows":[]},"_links":{"self":[{"href":"https:\/\/www.casaldelsinfants.org\/es\/wp-json\/wp\/v2\/posts\/4594","targetHints":{"allow":["GET"]}}],"collection":[{"href":"https:\/\/www.casaldelsinfants.org\/es\/wp-json\/wp\/v2\/posts"}],"about":[{"href":"https:\/\/www.casaldelsinfants.org\/es\/wp-json\/wp\/v2\/types\/post"}],"author":[{"embeddable":true,"href":"https:\/\/www.casaldelsinfants.org\/es\/wp-json\/wp\/v2\/users\/1"}],"replies":[{"embeddable":true,"href":"https:\/\/www.casaldelsinfants.org\/es\/wp-json\/wp\/v2\/comments?post=4594"}],"version-history":[{"count":1,"href":"https:\/\/www.casaldelsinfants.org\/es\/wp-json\/wp\/v2\/posts\/4594\/revisions"}],"predecessor-version":[{"id":6493,"href":"https:\/\/www.casaldelsinfants.org\/es\/wp-json\/wp\/v2\/posts\/4594\/revisions\/6493"}],"wp:featuredmedia":[{"embeddable":true,"href":"https:\/\/www.casaldelsinfants.org\/es\/wp-json\/wp\/v2\/media\/3744"}],"wp:attachment":[{"href":"https:\/\/www.casaldelsinfants.org\/es\/wp-json\/wp\/v2\/media?parent=4594"}],"wp:term":[{"taxonomy":"category","embeddable":true,"href":"https:\/\/www.casaldelsinfants.org\/es\/wp-json\/wp\/v2\/categories?post=4594"},{"taxonomy":"post_tag","embeddable":true,"href":"https:\/\/www.casaldelsinfants.org\/es\/wp-json\/wp\/v2\/tags?post=4594"},{"taxonomy":"seus","embeddable":true,"href":"https:\/\/www.casaldelsinfants.org\/es\/wp-json\/wp\/v2\/seus?post=4594"},{"taxonomy":"eixos","embeddable":true,"href":"https:\/\/www.casaldelsinfants.org\/es\/wp-json\/wp\/v2\/eixos?post=4594"}],"curies":[{"name":"wp","href":"https:\/\/api.w.org\/{rel}","templated":true}]}}