{"id":4595,"date":"2016-12-27T15:29:47","date_gmt":"2016-12-27T13:29:47","guid":{"rendered":"https:\/\/casal.puntzero.cat\/noticies\/empreses-solidaries-nadal-i-durant-tot-lany\/"},"modified":"2023-06-08T12:57:33","modified_gmt":"2023-06-08T10:57:33","slug":"empreses-solidaries-nadal-i-durant-tot-lany","status":"publish","type":"post","link":"https:\/\/www.casaldelsinfants.org\/es\/actualidad\/empresas-solidarias-navidad-y-durante-todo-el-ano\/","title":{"rendered":"Empreses solid\u00e0ries per Nadal i durant tot l\u2019any"},"content":{"rendered":"<h4><img decoding=\"async\" src=\"\/wp-content\/uploads\/inline-images\/empreses-casal-nadal.jpg\" border=\"0\" width=\"675\" style=\"float: left;\" \/><\/h4>\n<h4>\u00a0<\/h4>\n<h4>\u00a0<\/h4>\n<h4>\u00a0<\/h4>\n<h4>La Xarxa d\u2019Empreses del Casal suma el seu esfor\u00e7 durant el Nadal i tots els dies de l\u2019any! Recollim algunes de les col\u00b7laboracions m\u00e9s significatives d\u2019aquests dies.<\/h4>\n<h4 style=\"text-align: justify;\">\u00a0<\/h4>\n<p style=\"text-align: justify;\">Com ja \u00e9s habitual a l\u2019agenda de la sala de concerts <strong>Razzmatazz<\/strong> ha acollit la Nit Solid\u00e0ria aquest divendres 23. No nom\u00e9s s\u2019ha pogut gaudir d\u2019un dels millors ambients musicals de Barcelona sin\u00f3 que a m\u00e9s, el p\u00fablic\u00a0 assistent ha col\u00b7laborat amb el Casal a trav\u00e9s de l\u2019entrada-donatiu. La Nit Solid\u00e0ria es celebra des del 2010, destinant tots els beneficis de l\u2019entrada al Casal. De caire m\u00e9s familiar \u00e9s l\u2019acci\u00f3 solid\u00e0ria que s\u2019est\u00e0 fent des del 16 de desembre al 5 de gener al <strong>Marem\u00e0gnum<\/strong>. Durant aquests dies, rebran la visita del Pare Noel i els Reis d\u2019Orient que estaran esperant les cartes de tots els nens i nenes. A m\u00e9s, qui vulgui podr\u00e0 immortalitzar el moment a canvi d\u2019una donaci\u00f3 d\u20191 euro al Casal!<\/p>\n<p style=\"text-align: justify;\">\u00a0<\/p>\n<p style=\"text-align: justify;\">La cultura tamb\u00e9 es suma al Nadal del Casal:<strong> Cinesa Diagonal Mar<\/strong> obre les portes d\u2019una de les seves sales als infants de La Mina-Bes\u00f2s, que gaudiran de la pel\u00b7l\u00edcula \u201cCanta\u201d en pantalla gran. Per altra banda, el <strong>Teatre Vict\u00f2ria i la Productora de la D\u00e0maris Gelabert<\/strong> ens cedeixen 24 invitacions per a les mares i nadons de Vincles del Raval, que gaudiran de l\u2019espectacle \u201cM\u2019agrada el Nadal\u201d.<\/p>\n<p style=\"text-align: justify;\">\u00a0<\/p>\n<p style=\"text-align: justify;\">En terreny digital, estem rebent el suport de <strong>Melon District<\/strong>, que ha posat en marxa una acci\u00f3 de crowdfunding per refor\u00e7ar el Programa de Beques Educatives del Casal. L\u2019acci\u00f3 est\u00e0 destinada al seu p\u00fablic i equip per\u00f2 \u00e9s oberta a tothom! Pots col\u00b7laborar-hi aqu\u00ed: <a href=\"http:\/\/www.migranodearena.org\/es\/reto\/13811\/becas-educativas-para-jovenes\">http:\/\/www.migranodearena.org\/es\/reto\/13811\/becas-educativas-para-jovenes<\/a><\/p>\n<p style=\"text-align: justify;\">\u00a0<\/p>\n<p style=\"text-align: justify;\">No ens oblidem dels regals solidaris! Durant aquestes festes, l\u2019empresa <strong>Costa Coffee<\/strong> posar\u00e0 a la venda un Xmas solidari al seu espai de Palo Alto, i tot el que es recapti anir\u00e0 destinat al Casal. Per altra banda, l\u2019empresa<strong> Ipsos <\/strong>sortejar\u00e0 entre el seu equip una panera solid\u00e0ria, tamb\u00e9 en benefici del Casal.<\/p>\n<p style=\"text-align: justify;\">\u00a0<\/p>\n<p style=\"text-align: justify;\">En definitiva, \u00e9s imprescindible el suport que rebem durant tot l\u2019any, per\u00f2 ho \u00e9s especialment en aquestes \u00e8poques, en qu\u00e8 els regals i les activitats en fam\u00edlia prenen encara m\u00e9s valor. \u00c9s per aix\u00f2 que <strong>volem agrair a totes les empreses solid\u00e0ries que han ajudat a fer que aquestes festes estiguin plenes d\u2019il\u00b7lusi\u00f3 per a tothom!<\/strong><\/p>\n","protected":false},"excerpt":{"rendered":"<p>\u00a0 \u00a0 \u00a0 La Xarxa d\u2019Empreses del Casal suma el seu esfor\u00e7 durant el Nadal i tots els dies de l\u2019any! Recollim algunes de les col\u00b7laboracions m\u00e9s significatives d\u2019aquests dies. \u00a0 Com ja \u00e9s habitual a l\u2019agenda de la sala de concerts Razzmatazz ha acollit la Nit Solid\u00e0ria aquest divendres 23. No nom\u00e9s s\u2019ha pogut [&hellip;]<\/p>\n","protected":false},"author":1,"featured_media":3747,"comment_status":"open","ping_status":"open","sticky":false,"template":"","format":"standard","meta":{"_acf_changed":false,"_et_pb_use_builder":"","_et_pb_old_content":"","_et_gb_content_width":"","inline_featured_image":false,"footnotes":""},"categories":[125],"tags":[],"seus":[],"eixos":[],"class_list":["post-4595","post","type-post","status-publish","format-standard","has-post-thumbnail","hentry","category-noticias"],"acf":[],"yoast_head":"<!-- This site is optimized with the Yoast SEO plugin v27.4 - https:\/\/yoast.com\/product\/yoast-seo-wordpress\/ -->\n<title>Empreses solid\u00e0ries per Nadal i durant tot l\u2019any - Casal dels Infants<\/title>\n<meta name=\"robots\" content=\"index, follow, max-snippet:-1, max-image-preview:large, max-video-preview:-1\" \/>\n<link rel=\"canonical\" href=\"https:\/\/www.casaldelsinfants.org\/es\/actualidad\/empresas-solidarias-navidad-y-durante-todo-el-ano\/\" \/>\n<meta property=\"og:locale\" content=\"es_ES\" \/>\n<meta property=\"og:type\" content=\"article\" \/>\n<meta property=\"og:title\" content=\"Empreses solid\u00e0ries per Nadal i durant tot l\u2019any - Casal dels Infants\" \/>\n<meta property=\"og:description\" content=\"\u00a0 \u00a0 \u00a0 La Xarxa d\u2019Empreses del Casal suma el seu esfor\u00e7 durant el Nadal i tots els dies de l\u2019any! Recollim algunes de les col\u00b7laboracions m\u00e9s significatives d\u2019aquests dies. \u00a0 Com ja \u00e9s habitual a l\u2019agenda de la sala de concerts Razzmatazz ha acollit la Nit Solid\u00e0ria aquest divendres 23. No nom\u00e9s s\u2019ha pogut [&hellip;]\" \/>\n<meta property=\"og:url\" content=\"https:\/\/www.casaldelsinfants.org\/es\/actualidad\/empresas-solidarias-navidad-y-durante-todo-el-ano\/\" \/>\n<meta property=\"og:site_name\" content=\"Casal dels Infants\" \/>\n<meta property=\"article:publisher\" content=\"https:\/\/www.facebook.com\/casalinfants\" \/>\n<meta property=\"article:published_time\" content=\"2016-12-27T13:29:47+00:00\" \/>\n<meta property=\"article:modified_time\" content=\"2023-06-08T10:57:33+00:00\" \/>\n<meta property=\"og:image\" content=\"https:\/\/www.casaldelsinfants.org\/wp-content\/uploads\/empreses-casal-nadal-scaled.jpg\" \/>\n\t<meta property=\"og:image:width\" content=\"2560\" \/>\n\t<meta property=\"og:image:height\" content=\"1452\" \/>\n\t<meta property=\"og:image:type\" content=\"image\/jpeg\" \/>\n<meta name=\"author\" content=\"cdiAdmin\" \/>\n<meta name=\"twitter:card\" content=\"summary_large_image\" \/>\n<meta name=\"twitter:creator\" content=\"@casalinfants\" \/>\n<meta name=\"twitter:site\" content=\"@casalinfants\" \/>\n<meta name=\"twitter:label1\" content=\"Escrito por\" \/>\n\t<meta name=\"twitter:data1\" content=\"cdiAdmin\" \/>\n\t<meta name=\"twitter:label2\" content=\"Tiempo de lectura\" \/>\n\t<meta name=\"twitter:data2\" content=\"3 minutos\" \/>\n<script type=\"application\/ld+json\" class=\"yoast-schema-graph\">{\"@context\":\"https:\\\/\\\/schema.org\",\"@graph\":[{\"@type\":\"Article\",\"@id\":\"https:\\\/\\\/www.casaldelsinfants.org\\\/es\\\/actualidad\\\/empresas-solidarias-navidad-y-durante-todo-el-ano\\\/#article\",\"isPartOf\":{\"@id\":\"https:\\\/\\\/www.casaldelsinfants.org\\\/es\\\/actualidad\\\/empresas-solidarias-navidad-y-durante-todo-el-ano\\\/\"},\"author\":{\"name\":\"cdiAdmin\",\"@id\":\"https:\\\/\\\/www.casaldelsinfants.org\\\/es\\\/#\\\/schema\\\/person\\\/97707fc8c64900cf36891127dbf9fba8\"},\"headline\":\"Empreses solid\u00e0ries per Nadal i durant tot l\u2019any\",\"datePublished\":\"2016-12-27T13:29:47+00:00\",\"dateModified\":\"2023-06-08T10:57:33+00:00\",\"mainEntityOfPage\":{\"@id\":\"https:\\\/\\\/www.casaldelsinfants.org\\\/es\\\/actualidad\\\/empresas-solidarias-navidad-y-durante-todo-el-ano\\\/\"},\"wordCount\":431,\"commentCount\":0,\"publisher\":{\"@id\":\"https:\\\/\\\/www.casaldelsinfants.org\\\/es\\\/#organization\"},\"image\":{\"@id\":\"https:\\\/\\\/www.casaldelsinfants.org\\\/es\\\/actualidad\\\/empresas-solidarias-navidad-y-durante-todo-el-ano\\\/#primaryimage\"},\"thumbnailUrl\":\"https:\\\/\\\/www.casaldelsinfants.org\\\/wp-content\\\/uploads\\\/empreses-casal-nadal-scaled.jpg\",\"articleSection\":[\"Noticia\"],\"inLanguage\":\"es\",\"potentialAction\":[{\"@type\":\"CommentAction\",\"name\":\"Comment\",\"target\":[\"https:\\\/\\\/www.casaldelsinfants.org\\\/es\\\/actualidad\\\/empresas-solidarias-navidad-y-durante-todo-el-ano\\\/#respond\"]}]},{\"@type\":\"WebPage\",\"@id\":\"https:\\\/\\\/www.casaldelsinfants.org\\\/es\\\/actualidad\\\/empresas-solidarias-navidad-y-durante-todo-el-ano\\\/\",\"url\":\"https:\\\/\\\/www.casaldelsinfants.org\\\/es\\\/actualidad\\\/empresas-solidarias-navidad-y-durante-todo-el-ano\\\/\",\"name\":\"Empreses solid\u00e0ries per Nadal i durant tot l\u2019any - Casal dels Infants\",\"isPartOf\":{\"@id\":\"https:\\\/\\\/www.casaldelsinfants.org\\\/es\\\/#website\"},\"primaryImageOfPage\":{\"@id\":\"https:\\\/\\\/www.casaldelsinfants.org\\\/es\\\/actualidad\\\/empresas-solidarias-navidad-y-durante-todo-el-ano\\\/#primaryimage\"},\"image\":{\"@id\":\"https:\\\/\\\/www.casaldelsinfants.org\\\/es\\\/actualidad\\\/empresas-solidarias-navidad-y-durante-todo-el-ano\\\/#primaryimage\"},\"thumbnailUrl\":\"https:\\\/\\\/www.casaldelsinfants.org\\\/wp-content\\\/uploads\\\/empreses-casal-nadal-scaled.jpg\",\"datePublished\":\"2016-12-27T13:29:47+00:00\",\"dateModified\":\"2023-06-08T10:57:33+00:00\",\"breadcrumb\":{\"@id\":\"https:\\\/\\\/www.casaldelsinfants.org\\\/es\\\/actualidad\\\/empresas-solidarias-navidad-y-durante-todo-el-ano\\\/#breadcrumb\"},\"inLanguage\":\"es\",\"potentialAction\":[{\"@type\":\"ReadAction\",\"target\":[\"https:\\\/\\\/www.casaldelsinfants.org\\\/es\\\/actualidad\\\/empresas-solidarias-navidad-y-durante-todo-el-ano\\\/\"]}]},{\"@type\":\"ImageObject\",\"inLanguage\":\"es\",\"@id\":\"https:\\\/\\\/www.casaldelsinfants.org\\\/es\\\/actualidad\\\/empresas-solidarias-navidad-y-durante-todo-el-ano\\\/#primaryimage\",\"url\":\"https:\\\/\\\/www.casaldelsinfants.org\\\/wp-content\\\/uploads\\\/empreses-casal-nadal-scaled.jpg\",\"contentUrl\":\"https:\\\/\\\/www.casaldelsinfants.org\\\/wp-content\\\/uploads\\\/empreses-casal-nadal-scaled.jpg\",\"width\":2560,\"height\":1452,\"caption\":\"Empreses solid\u00e0ries per Nadal i durant tot l\u2019any\"},{\"@type\":\"BreadcrumbList\",\"@id\":\"https:\\\/\\\/www.casaldelsinfants.org\\\/es\\\/actualidad\\\/empresas-solidarias-navidad-y-durante-todo-el-ano\\\/#breadcrumb\",\"itemListElement\":[{\"@type\":\"ListItem\",\"position\":1,\"name\":\"Inici\",\"item\":\"https:\\\/\\\/www.casaldelsinfants.org\\\/es\\\/\"},{\"@type\":\"ListItem\",\"position\":2,\"name\":\"Empreses solid\u00e0ries per Nadal i durant tot l\u2019any\"}]},{\"@type\":\"WebSite\",\"@id\":\"https:\\\/\\\/www.casaldelsinfants.org\\\/es\\\/#website\",\"url\":\"https:\\\/\\\/www.casaldelsinfants.org\\\/es\\\/\",\"name\":\"Casal dels Infants\",\"description\":\"\",\"publisher\":{\"@id\":\"https:\\\/\\\/www.casaldelsinfants.org\\\/es\\\/#organization\"},\"potentialAction\":[{\"@type\":\"SearchAction\",\"target\":{\"@type\":\"EntryPoint\",\"urlTemplate\":\"https:\\\/\\\/www.casaldelsinfants.org\\\/es\\\/?s={search_term_string}\"},\"query-input\":{\"@type\":\"PropertyValueSpecification\",\"valueRequired\":true,\"valueName\":\"search_term_string\"}}],\"inLanguage\":\"es\"},{\"@type\":\"Organization\",\"@id\":\"https:\\\/\\\/www.casaldelsinfants.org\\\/es\\\/#organization\",\"name\":\"Casal dels Infants\",\"url\":\"https:\\\/\\\/www.casaldelsinfants.org\\\/es\\\/\",\"logo\":{\"@type\":\"ImageObject\",\"inLanguage\":\"es\",\"@id\":\"https:\\\/\\\/www.casaldelsinfants.org\\\/es\\\/#\\\/schema\\\/logo\\\/image\\\/\",\"url\":\"https:\\\/\\\/www.casaldelsinfants.org\\\/wp-content\\\/uploads\\\/logo-mail.png\",\"contentUrl\":\"https:\\\/\\\/www.casaldelsinfants.org\\\/wp-content\\\/uploads\\\/logo-mail.png\",\"width\":380,\"height\":158,\"caption\":\"Casal dels Infants\"},\"image\":{\"@id\":\"https:\\\/\\\/www.casaldelsinfants.org\\\/es\\\/#\\\/schema\\\/logo\\\/image\\\/\"},\"sameAs\":[\"https:\\\/\\\/www.facebook.com\\\/casalinfants\",\"https:\\\/\\\/x.com\\\/casalinfants\",\"https:\\\/\\\/www.youtube.com\\\/user\\\/CasaldelsInfants1\",\"https:\\\/\\\/www.instagram.com\\\/casalinfants\\\/\",\"https:\\\/\\\/www.linkedin.com\\\/company\\\/casaldelsinfants?trk=organization-update_share-update_actor-text\"]},{\"@type\":\"Person\",\"@id\":\"https:\\\/\\\/www.casaldelsinfants.org\\\/es\\\/#\\\/schema\\\/person\\\/97707fc8c64900cf36891127dbf9fba8\",\"name\":\"cdiAdmin\",\"sameAs\":[\"https:\\\/\\\/casaldelsinfants.org\"]}]}<\/script>\n<!-- \/ Yoast SEO plugin. -->","yoast_head_json":{"title":"Empreses solid\u00e0ries per Nadal i durant tot l\u2019any - Casal dels Infants","robots":{"index":"index","follow":"follow","max-snippet":"max-snippet:-1","max-image-preview":"max-image-preview:large","max-video-preview":"max-video-preview:-1"},"canonical":"https:\/\/www.casaldelsinfants.org\/es\/actualidad\/empresas-solidarias-navidad-y-durante-todo-el-ano\/","og_locale":"es_ES","og_type":"article","og_title":"Empreses solid\u00e0ries per Nadal i durant tot l\u2019any - Casal dels Infants","og_description":"\u00a0 \u00a0 \u00a0 La Xarxa d\u2019Empreses del Casal suma el seu esfor\u00e7 durant el Nadal i tots els dies de l\u2019any! Recollim algunes de les col\u00b7laboracions m\u00e9s significatives d\u2019aquests dies. \u00a0 Com ja \u00e9s habitual a l\u2019agenda de la sala de concerts Razzmatazz ha acollit la Nit Solid\u00e0ria aquest divendres 23. No nom\u00e9s s\u2019ha pogut [&hellip;]","og_url":"https:\/\/www.casaldelsinfants.org\/es\/actualidad\/empresas-solidarias-navidad-y-durante-todo-el-ano\/","og_site_name":"Casal dels Infants","article_publisher":"https:\/\/www.facebook.com\/casalinfants","article_published_time":"2016-12-27T13:29:47+00:00","article_modified_time":"2023-06-08T10:57:33+00:00","og_image":[{"width":2560,"height":1452,"url":"https:\/\/www.casaldelsinfants.org\/wp-content\/uploads\/empreses-casal-nadal-scaled.jpg","type":"image\/jpeg"}],"author":"cdiAdmin","twitter_card":"summary_large_image","twitter_creator":"@casalinfants","twitter_site":"@casalinfants","twitter_misc":{"Escrito por":"cdiAdmin","Tiempo de lectura":"3 minutos"},"schema":{"@context":"https:\/\/schema.org","@graph":[{"@type":"Article","@id":"https:\/\/www.casaldelsinfants.org\/es\/actualidad\/empresas-solidarias-navidad-y-durante-todo-el-ano\/#article","isPartOf":{"@id":"https:\/\/www.casaldelsinfants.org\/es\/actualidad\/empresas-solidarias-navidad-y-durante-todo-el-ano\/"},"author":{"name":"cdiAdmin","@id":"https:\/\/www.casaldelsinfants.org\/es\/#\/schema\/person\/97707fc8c64900cf36891127dbf9fba8"},"headline":"Empreses solid\u00e0ries per Nadal i durant tot l\u2019any","datePublished":"2016-12-27T13:29:47+00:00","dateModified":"2023-06-08T10:57:33+00:00","mainEntityOfPage":{"@id":"https:\/\/www.casaldelsinfants.org\/es\/actualidad\/empresas-solidarias-navidad-y-durante-todo-el-ano\/"},"wordCount":431,"commentCount":0,"publisher":{"@id":"https:\/\/www.casaldelsinfants.org\/es\/#organization"},"image":{"@id":"https:\/\/www.casaldelsinfants.org\/es\/actualidad\/empresas-solidarias-navidad-y-durante-todo-el-ano\/#primaryimage"},"thumbnailUrl":"https:\/\/www.casaldelsinfants.org\/wp-content\/uploads\/empreses-casal-nadal-scaled.jpg","articleSection":["Noticia"],"inLanguage":"es","potentialAction":[{"@type":"CommentAction","name":"Comment","target":["https:\/\/www.casaldelsinfants.org\/es\/actualidad\/empresas-solidarias-navidad-y-durante-todo-el-ano\/#respond"]}]},{"@type":"WebPage","@id":"https:\/\/www.casaldelsinfants.org\/es\/actualidad\/empresas-solidarias-navidad-y-durante-todo-el-ano\/","url":"https:\/\/www.casaldelsinfants.org\/es\/actualidad\/empresas-solidarias-navidad-y-durante-todo-el-ano\/","name":"Empreses solid\u00e0ries per Nadal i durant tot l\u2019any - Casal dels Infants","isPartOf":{"@id":"https:\/\/www.casaldelsinfants.org\/es\/#website"},"primaryImageOfPage":{"@id":"https:\/\/www.casaldelsinfants.org\/es\/actualidad\/empresas-solidarias-navidad-y-durante-todo-el-ano\/#primaryimage"},"image":{"@id":"https:\/\/www.casaldelsinfants.org\/es\/actualidad\/empresas-solidarias-navidad-y-durante-todo-el-ano\/#primaryimage"},"thumbnailUrl":"https:\/\/www.casaldelsinfants.org\/wp-content\/uploads\/empreses-casal-nadal-scaled.jpg","datePublished":"2016-12-27T13:29:47+00:00","dateModified":"2023-06-08T10:57:33+00:00","breadcrumb":{"@id":"https:\/\/www.casaldelsinfants.org\/es\/actualidad\/empresas-solidarias-navidad-y-durante-todo-el-ano\/#breadcrumb"},"inLanguage":"es","potentialAction":[{"@type":"ReadAction","target":["https:\/\/www.casaldelsinfants.org\/es\/actualidad\/empresas-solidarias-navidad-y-durante-todo-el-ano\/"]}]},{"@type":"ImageObject","inLanguage":"es","@id":"https:\/\/www.casaldelsinfants.org\/es\/actualidad\/empresas-solidarias-navidad-y-durante-todo-el-ano\/#primaryimage","url":"https:\/\/www.casaldelsinfants.org\/wp-content\/uploads\/empreses-casal-nadal-scaled.jpg","contentUrl":"https:\/\/www.casaldelsinfants.org\/wp-content\/uploads\/empreses-casal-nadal-scaled.jpg","width":2560,"height":1452,"caption":"Empreses solid\u00e0ries per Nadal i durant tot l\u2019any"},{"@type":"BreadcrumbList","@id":"https:\/\/www.casaldelsinfants.org\/es\/actualidad\/empresas-solidarias-navidad-y-durante-todo-el-ano\/#breadcrumb","itemListElement":[{"@type":"ListItem","position":1,"name":"Inici","item":"https:\/\/www.casaldelsinfants.org\/es\/"},{"@type":"ListItem","position":2,"name":"Empreses solid\u00e0ries per Nadal i durant tot l\u2019any"}]},{"@type":"WebSite","@id":"https:\/\/www.casaldelsinfants.org\/es\/#website","url":"https:\/\/www.casaldelsinfants.org\/es\/","name":"Casal dels Infants","description":"","publisher":{"@id":"https:\/\/www.casaldelsinfants.org\/es\/#organization"},"potentialAction":[{"@type":"SearchAction","target":{"@type":"EntryPoint","urlTemplate":"https:\/\/www.casaldelsinfants.org\/es\/?s={search_term_string}"},"query-input":{"@type":"PropertyValueSpecification","valueRequired":true,"valueName":"search_term_string"}}],"inLanguage":"es"},{"@type":"Organization","@id":"https:\/\/www.casaldelsinfants.org\/es\/#organization","name":"Casal dels Infants","url":"https:\/\/www.casaldelsinfants.org\/es\/","logo":{"@type":"ImageObject","inLanguage":"es","@id":"https:\/\/www.casaldelsinfants.org\/es\/#\/schema\/logo\/image\/","url":"https:\/\/www.casaldelsinfants.org\/wp-content\/uploads\/logo-mail.png","contentUrl":"https:\/\/www.casaldelsinfants.org\/wp-content\/uploads\/logo-mail.png","width":380,"height":158,"caption":"Casal dels Infants"},"image":{"@id":"https:\/\/www.casaldelsinfants.org\/es\/#\/schema\/logo\/image\/"},"sameAs":["https:\/\/www.facebook.com\/casalinfants","https:\/\/x.com\/casalinfants","https:\/\/www.youtube.com\/user\/CasaldelsInfants1","https:\/\/www.instagram.com\/casalinfants\/","https:\/\/www.linkedin.com\/company\/casaldelsinfants?trk=organization-update_share-update_actor-text"]},{"@type":"Person","@id":"https:\/\/www.casaldelsinfants.org\/es\/#\/schema\/person\/97707fc8c64900cf36891127dbf9fba8","name":"cdiAdmin","sameAs":["https:\/\/casaldelsinfants.org"]}]}},"publishpress_future_action":{"enabled":false,"date":"2026-05-08 09:07:47","action":"change-status","newStatus":"draft","terms":[],"taxonomy":"category","extraData":[]},"publishpress_future_workflow_manual_trigger":{"enabledWorkflows":[]},"_links":{"self":[{"href":"https:\/\/www.casaldelsinfants.org\/es\/wp-json\/wp\/v2\/posts\/4595","targetHints":{"allow":["GET"]}}],"collection":[{"href":"https:\/\/www.casaldelsinfants.org\/es\/wp-json\/wp\/v2\/posts"}],"about":[{"href":"https:\/\/www.casaldelsinfants.org\/es\/wp-json\/wp\/v2\/types\/post"}],"author":[{"embeddable":true,"href":"https:\/\/www.casaldelsinfants.org\/es\/wp-json\/wp\/v2\/users\/1"}],"replies":[{"embeddable":true,"href":"https:\/\/www.casaldelsinfants.org\/es\/wp-json\/wp\/v2\/comments?post=4595"}],"version-history":[{"count":1,"href":"https:\/\/www.casaldelsinfants.org\/es\/wp-json\/wp\/v2\/posts\/4595\/revisions"}],"predecessor-version":[{"id":9946,"href":"https:\/\/www.casaldelsinfants.org\/es\/wp-json\/wp\/v2\/posts\/4595\/revisions\/9946"}],"wp:featuredmedia":[{"embeddable":true,"href":"https:\/\/www.casaldelsinfants.org\/es\/wp-json\/wp\/v2\/media\/3747"}],"wp:attachment":[{"href":"https:\/\/www.casaldelsinfants.org\/es\/wp-json\/wp\/v2\/media?parent=4595"}],"wp:term":[{"taxonomy":"category","embeddable":true,"href":"https:\/\/www.casaldelsinfants.org\/es\/wp-json\/wp\/v2\/categories?post=4595"},{"taxonomy":"post_tag","embeddable":true,"href":"https:\/\/www.casaldelsinfants.org\/es\/wp-json\/wp\/v2\/tags?post=4595"},{"taxonomy":"seus","embeddable":true,"href":"https:\/\/www.casaldelsinfants.org\/es\/wp-json\/wp\/v2\/seus?post=4595"},{"taxonomy":"eixos","embeddable":true,"href":"https:\/\/www.casaldelsinfants.org\/es\/wp-json\/wp\/v2\/eixos?post=4595"}],"curies":[{"name":"wp","href":"https:\/\/api.w.org\/{rel}","templated":true}]}}