{"id":4596,"date":"2016-11-21T15:32:48","date_gmt":"2016-11-21T13:32:48","guid":{"rendered":"https:\/\/casal.puntzero.cat\/noticies\/20n-dia-universal-de-la-infancia\/"},"modified":"2023-05-01T19:14:07","modified_gmt":"2023-05-01T17:14:07","slug":"20n-dia-universal-de-la-infancia","status":"publish","type":"post","link":"https:\/\/www.casaldelsinfants.org\/es\/actualidad\/20n-dia-universal-de-la-infancia\/","title":{"rendered":"20N: Dia Universal de la Inf\u00e0ncia"},"content":{"rendered":"<p><img decoding=\"async\" border=\"0\" src=\"\/wp-content\/uploads\/inline-images\/drets-dels-infants.jpg\" style=\"float: left; margin-left: 10px; margin-right: 10px;\" width=\"350\" \/><\/p>\n<h4><span style=\"font-family: Arial, Helvetica, sans-serif; font-size: 1em; font-weight: bold; line-height: 1.3em;\">El Casal s\u2019ha sumat a la celebraci\u00f3 d\u2019aquest dia per visibilitzar la import\u00e0ncia de que els infants siguin protagonistes dels seus Drets.<\/span><\/h4>\n<p><span style=\"font-size: 12.16px;\">Les Nacions Unides celebra el Dia Universal de la Inf\u00e0ncia el 20 de novembre, data en que l\u2019Assemblea General de la ONU va aprovar la Declaraci\u00f3 dels Drets dels Infants al 1959. Aquesta declaraci\u00f3, que no tenia legalment car\u00e0cter vinclant, no era suficient per protegir els drets dels infants. Despr\u00e9s de deu anys de negociacions amb governs de tot el m\u00f3n, l\u00edders religiosos, ONG i altres institucions, es va aconseguir redactar el text final de la Convenci\u00f3 sobre els Drets de la Inf\u00e0ncia el 20 de novembre de 1989, de compliment obligatori per a tots els pa\u00efsos que l\u2019han firmat.<\/span><\/p>\n<p>\u00c9s un dia dedicat a tots els nens i nenes del m\u00f3n i des del Casal creiem que \u00e9s una bona data per celebrar les millores que s\u2019ha aconseguit amb els anys per\u00f2 tamb\u00e9 per reinvidicar el seu compliment i reflexionar al voltant de la inf\u00e0ncia. La vulnerabilitat que pateixen milions de nens i nenes al m\u00f3n fa necessari millorar el seu benestar i protegir la seva figura, ja que una inf\u00e0ncia feli\u00e7 condiciona el futur d\u2019una persona, per\u00f2 encara la condiciona m\u00e9s si t\u00e9 una inf\u00e0ncia dif\u00edcil. Cal lluitar dia a dia perqu\u00e8 tot infant tingui una inf\u00e0ncia feli\u00e7 i amb les mateixes oportunitats, des del Casal els acompanyem cada dia per aconseguir-ho i hem volgut aprofitar aquest dia per celebrar-ho per\u00f2 tamb\u00e9 per reivindicar-ho.<\/p>\n<p>A Santa Coloma els m\u00e9s petits han celebrat aquest dia a trav\u00e9s de contes infantils amb l\u2019objectiu de fer-los reflexionar sobre la seva etapa vital. Per altra banda, els m\u00e9s grans del projecte d\u2019Anem i Tornem i els adolescents del Casal Obert Adolescent (COA) estan realitzant una pe\u00e7a audiovisual per reivindicar els drets de la inf\u00e0ncia. Un cop enllestida la pe\u00e7a, s\u2019est\u00e0 planejant organitzar una festa per compartir el v\u00eddeo amb la resta del Casal i aix\u00ed poder fer una reflexi\u00f3 conjunta entre grans i petits. Paral\u00b7lelament, tot el Casal ha participat en una activitat amb altres centres oberts de Santa Coloma amb l\u2019objectiu de reivindicar i visibilitzar els Drets dels Infants a la resta de ciutat.<\/p>\n<p>Al Casal de Salt tots els projectes s\u2019han implicat per treballar aquesta tem\u00e0tica durant tota la setmana i s\u2019ha acabat celebrant aquest dia a la Pla\u00e7a del Mercat. Ha estat un acte obert a la ciutadania i s\u2019ha celebrat conjuntament amb altres entitats del municipi que tamb\u00e9 treballen al voltant de la inf\u00e0ncia. La Cris Artacho, educadora del Casal, ens explica que \u201cs\u2019han organitzat tallers i din\u00e0miques de sensibilitzaci\u00f3 amb l\u2019objectiu de que els m\u00e9s petits prenguin consci\u00e8ncia tant dels seus drets com dels seus deures com a infants. Ha estat una jornada on els nens i nenes del Casal Obert Infantil han jugat i viscut l\u2019espai p\u00fablic d\u2019una manera diferent a l\u2019habitual, reflexionant conjuntament amb infants del barri i altres entitats\u201d. La Cris ens explica tamb\u00e9 que l\u2019acte ha acabat amb un manifest que han preparat els mateixos adolescents del Casal Obert Adolescent i que han llegit els m\u00e9s petits.<\/p>\n<p>A Badalona ho han celebrat els m\u00e9s petits i petites del projecte Vincles, conjuntament amb les seves mares. S\u2019han creat diferents racons de joc a tot el Casal, on cada joc tenia per tem\u00e0tica un dret diferent. Finalment, s\u2019ha creat un mural conjunt al voltant del lema \u201cDret a una educaci\u00f3 basada en la solidaritat.\u201d Ha estat una tarda molt did\u00e0ctica i entretinguda per a infants i mares!<\/p>\n<p>El Casal de La Mina i del Raval tamb\u00e9 s\u2019han sumat a la celebraci\u00f3 organitzant diferents activitats als respectius barris. Aix\u00ed doncs, el Casal sencer s\u2019ha bolcat a la celebraci\u00f3 d\u2019aquest dia posant de manifest la import\u00e0ncia del benestar de tot infant i la import\u00e0ncia de treballar-hi di\u00e0riament.<\/p>\n","protected":false},"excerpt":{"rendered":"<p>El Casal s\u2019ha sumat a la celebraci\u00f3 d\u2019aquest dia per visibilitzar la import\u00e0ncia de que els infants siguin protagonistes dels seus Drets. Les Nacions Unides celebra el Dia Universal de la Inf\u00e0ncia el 20 de novembre, data en que l\u2019Assemblea General de la ONU va aprovar la Declaraci\u00f3 dels Drets dels Infants al 1959. Aquesta [&hellip;]<\/p>\n","protected":false},"author":1,"featured_media":3751,"comment_status":"open","ping_status":"open","sticky":false,"template":"","format":"standard","meta":{"_acf_changed":false,"_et_pb_use_builder":"","_et_pb_old_content":"","_et_gb_content_width":"","inline_featured_image":false,"footnotes":""},"categories":[125],"tags":[],"seus":[],"eixos":[],"class_list":["post-4596","post","type-post","status-publish","format-standard","has-post-thumbnail","hentry","category-noticias"],"acf":[],"yoast_head":"<!-- This site is optimized with the Yoast SEO plugin v27.4 - https:\/\/yoast.com\/product\/yoast-seo-wordpress\/ -->\n<title>20N: Dia Universal de la Inf\u00e0ncia - Casal dels Infants<\/title>\n<meta name=\"robots\" content=\"index, follow, max-snippet:-1, max-image-preview:large, max-video-preview:-1\" \/>\n<link rel=\"canonical\" href=\"https:\/\/www.casaldelsinfants.org\/es\/actualidad\/20n-dia-universal-de-la-infancia\/\" \/>\n<meta property=\"og:locale\" content=\"es_ES\" \/>\n<meta property=\"og:type\" content=\"article\" \/>\n<meta property=\"og:title\" content=\"20N: Dia Universal de la Inf\u00e0ncia - Casal dels Infants\" \/>\n<meta property=\"og:description\" content=\"El Casal s\u2019ha sumat a la celebraci\u00f3 d\u2019aquest dia per visibilitzar la import\u00e0ncia de que els infants siguin protagonistes dels seus Drets. Les Nacions Unides celebra el Dia Universal de la Inf\u00e0ncia el 20 de novembre, data en que l\u2019Assemblea General de la ONU va aprovar la Declaraci\u00f3 dels Drets dels Infants al 1959. Aquesta [&hellip;]\" \/>\n<meta property=\"og:url\" content=\"https:\/\/www.casaldelsinfants.org\/es\/actualidad\/20n-dia-universal-de-la-infancia\/\" \/>\n<meta property=\"og:site_name\" content=\"Casal dels Infants\" \/>\n<meta property=\"article:publisher\" content=\"https:\/\/www.facebook.com\/casalinfants\" \/>\n<meta property=\"article:published_time\" content=\"2016-11-21T13:32:48+00:00\" \/>\n<meta property=\"article:modified_time\" content=\"2023-05-01T17:14:07+00:00\" \/>\n<meta property=\"og:image\" content=\"https:\/\/www.casaldelsinfants.org\/wp-content\/uploads\/drets-dels-infants.jpg\" \/>\n\t<meta property=\"og:image:width\" content=\"961\" \/>\n\t<meta property=\"og:image:height\" content=\"900\" \/>\n\t<meta property=\"og:image:type\" content=\"image\/jpeg\" \/>\n<meta name=\"author\" content=\"cdiAdmin\" \/>\n<meta name=\"twitter:card\" content=\"summary_large_image\" \/>\n<meta name=\"twitter:creator\" content=\"@casalinfants\" \/>\n<meta name=\"twitter:site\" content=\"@casalinfants\" \/>\n<meta name=\"twitter:label1\" content=\"Escrito por\" \/>\n\t<meta name=\"twitter:data1\" content=\"cdiAdmin\" \/>\n\t<meta name=\"twitter:label2\" content=\"Tiempo de lectura\" \/>\n\t<meta name=\"twitter:data2\" content=\"3 minutos\" \/>\n<script type=\"application\/ld+json\" class=\"yoast-schema-graph\">{\"@context\":\"https:\\\/\\\/schema.org\",\"@graph\":[{\"@type\":\"Article\",\"@id\":\"https:\\\/\\\/www.casaldelsinfants.org\\\/es\\\/actualidad\\\/20n-dia-universal-de-la-infancia\\\/#article\",\"isPartOf\":{\"@id\":\"https:\\\/\\\/www.casaldelsinfants.org\\\/es\\\/actualidad\\\/20n-dia-universal-de-la-infancia\\\/\"},\"author\":{\"name\":\"cdiAdmin\",\"@id\":\"https:\\\/\\\/www.casaldelsinfants.org\\\/es\\\/#\\\/schema\\\/person\\\/97707fc8c64900cf36891127dbf9fba8\"},\"headline\":\"20N: Dia Universal de la Inf\u00e0ncia\",\"datePublished\":\"2016-11-21T13:32:48+00:00\",\"dateModified\":\"2023-05-01T17:14:07+00:00\",\"mainEntityOfPage\":{\"@id\":\"https:\\\/\\\/www.casaldelsinfants.org\\\/es\\\/actualidad\\\/20n-dia-universal-de-la-infancia\\\/\"},\"wordCount\":697,\"commentCount\":0,\"publisher\":{\"@id\":\"https:\\\/\\\/www.casaldelsinfants.org\\\/es\\\/#organization\"},\"image\":{\"@id\":\"https:\\\/\\\/www.casaldelsinfants.org\\\/es\\\/actualidad\\\/20n-dia-universal-de-la-infancia\\\/#primaryimage\"},\"thumbnailUrl\":\"https:\\\/\\\/www.casaldelsinfants.org\\\/wp-content\\\/uploads\\\/drets-dels-infants.jpg\",\"articleSection\":[\"Noticia\"],\"inLanguage\":\"es\",\"potentialAction\":[{\"@type\":\"CommentAction\",\"name\":\"Comment\",\"target\":[\"https:\\\/\\\/www.casaldelsinfants.org\\\/es\\\/actualidad\\\/20n-dia-universal-de-la-infancia\\\/#respond\"]}]},{\"@type\":\"WebPage\",\"@id\":\"https:\\\/\\\/www.casaldelsinfants.org\\\/es\\\/actualidad\\\/20n-dia-universal-de-la-infancia\\\/\",\"url\":\"https:\\\/\\\/www.casaldelsinfants.org\\\/es\\\/actualidad\\\/20n-dia-universal-de-la-infancia\\\/\",\"name\":\"20N: Dia Universal de la Inf\u00e0ncia - Casal dels Infants\",\"isPartOf\":{\"@id\":\"https:\\\/\\\/www.casaldelsinfants.org\\\/es\\\/#website\"},\"primaryImageOfPage\":{\"@id\":\"https:\\\/\\\/www.casaldelsinfants.org\\\/es\\\/actualidad\\\/20n-dia-universal-de-la-infancia\\\/#primaryimage\"},\"image\":{\"@id\":\"https:\\\/\\\/www.casaldelsinfants.org\\\/es\\\/actualidad\\\/20n-dia-universal-de-la-infancia\\\/#primaryimage\"},\"thumbnailUrl\":\"https:\\\/\\\/www.casaldelsinfants.org\\\/wp-content\\\/uploads\\\/drets-dels-infants.jpg\",\"datePublished\":\"2016-11-21T13:32:48+00:00\",\"dateModified\":\"2023-05-01T17:14:07+00:00\",\"breadcrumb\":{\"@id\":\"https:\\\/\\\/www.casaldelsinfants.org\\\/es\\\/actualidad\\\/20n-dia-universal-de-la-infancia\\\/#breadcrumb\"},\"inLanguage\":\"es\",\"potentialAction\":[{\"@type\":\"ReadAction\",\"target\":[\"https:\\\/\\\/www.casaldelsinfants.org\\\/es\\\/actualidad\\\/20n-dia-universal-de-la-infancia\\\/\"]}]},{\"@type\":\"ImageObject\",\"inLanguage\":\"es\",\"@id\":\"https:\\\/\\\/www.casaldelsinfants.org\\\/es\\\/actualidad\\\/20n-dia-universal-de-la-infancia\\\/#primaryimage\",\"url\":\"https:\\\/\\\/www.casaldelsinfants.org\\\/wp-content\\\/uploads\\\/drets-dels-infants.jpg\",\"contentUrl\":\"https:\\\/\\\/www.casaldelsinfants.org\\\/wp-content\\\/uploads\\\/drets-dels-infants.jpg\",\"width\":961,\"height\":900,\"caption\":\"Persona adulta i un infant.\"},{\"@type\":\"BreadcrumbList\",\"@id\":\"https:\\\/\\\/www.casaldelsinfants.org\\\/es\\\/actualidad\\\/20n-dia-universal-de-la-infancia\\\/#breadcrumb\",\"itemListElement\":[{\"@type\":\"ListItem\",\"position\":1,\"name\":\"Inici\",\"item\":\"https:\\\/\\\/www.casaldelsinfants.org\\\/es\\\/\"},{\"@type\":\"ListItem\",\"position\":2,\"name\":\"20N: Dia Universal de la Inf\u00e0ncia\"}]},{\"@type\":\"WebSite\",\"@id\":\"https:\\\/\\\/www.casaldelsinfants.org\\\/es\\\/#website\",\"url\":\"https:\\\/\\\/www.casaldelsinfants.org\\\/es\\\/\",\"name\":\"Casal dels Infants\",\"description\":\"\",\"publisher\":{\"@id\":\"https:\\\/\\\/www.casaldelsinfants.org\\\/es\\\/#organization\"},\"potentialAction\":[{\"@type\":\"SearchAction\",\"target\":{\"@type\":\"EntryPoint\",\"urlTemplate\":\"https:\\\/\\\/www.casaldelsinfants.org\\\/es\\\/?s={search_term_string}\"},\"query-input\":{\"@type\":\"PropertyValueSpecification\",\"valueRequired\":true,\"valueName\":\"search_term_string\"}}],\"inLanguage\":\"es\"},{\"@type\":\"Organization\",\"@id\":\"https:\\\/\\\/www.casaldelsinfants.org\\\/es\\\/#organization\",\"name\":\"Casal dels Infants\",\"url\":\"https:\\\/\\\/www.casaldelsinfants.org\\\/es\\\/\",\"logo\":{\"@type\":\"ImageObject\",\"inLanguage\":\"es\",\"@id\":\"https:\\\/\\\/www.casaldelsinfants.org\\\/es\\\/#\\\/schema\\\/logo\\\/image\\\/\",\"url\":\"https:\\\/\\\/www.casaldelsinfants.org\\\/wp-content\\\/uploads\\\/logo-mail.png\",\"contentUrl\":\"https:\\\/\\\/www.casaldelsinfants.org\\\/wp-content\\\/uploads\\\/logo-mail.png\",\"width\":380,\"height\":158,\"caption\":\"Casal dels Infants\"},\"image\":{\"@id\":\"https:\\\/\\\/www.casaldelsinfants.org\\\/es\\\/#\\\/schema\\\/logo\\\/image\\\/\"},\"sameAs\":[\"https:\\\/\\\/www.facebook.com\\\/casalinfants\",\"https:\\\/\\\/x.com\\\/casalinfants\",\"https:\\\/\\\/www.youtube.com\\\/user\\\/CasaldelsInfants1\",\"https:\\\/\\\/www.instagram.com\\\/casalinfants\\\/\",\"https:\\\/\\\/www.linkedin.com\\\/company\\\/casaldelsinfants?trk=organization-update_share-update_actor-text\"]},{\"@type\":\"Person\",\"@id\":\"https:\\\/\\\/www.casaldelsinfants.org\\\/es\\\/#\\\/schema\\\/person\\\/97707fc8c64900cf36891127dbf9fba8\",\"name\":\"cdiAdmin\",\"sameAs\":[\"https:\\\/\\\/casaldelsinfants.org\"]}]}<\/script>\n<!-- \/ Yoast SEO plugin. -->","yoast_head_json":{"title":"20N: Dia Universal de la Inf\u00e0ncia - Casal dels Infants","robots":{"index":"index","follow":"follow","max-snippet":"max-snippet:-1","max-image-preview":"max-image-preview:large","max-video-preview":"max-video-preview:-1"},"canonical":"https:\/\/www.casaldelsinfants.org\/es\/actualidad\/20n-dia-universal-de-la-infancia\/","og_locale":"es_ES","og_type":"article","og_title":"20N: Dia Universal de la Inf\u00e0ncia - Casal dels Infants","og_description":"El Casal s\u2019ha sumat a la celebraci\u00f3 d\u2019aquest dia per visibilitzar la import\u00e0ncia de que els infants siguin protagonistes dels seus Drets. Les Nacions Unides celebra el Dia Universal de la Inf\u00e0ncia el 20 de novembre, data en que l\u2019Assemblea General de la ONU va aprovar la Declaraci\u00f3 dels Drets dels Infants al 1959. Aquesta [&hellip;]","og_url":"https:\/\/www.casaldelsinfants.org\/es\/actualidad\/20n-dia-universal-de-la-infancia\/","og_site_name":"Casal dels Infants","article_publisher":"https:\/\/www.facebook.com\/casalinfants","article_published_time":"2016-11-21T13:32:48+00:00","article_modified_time":"2023-05-01T17:14:07+00:00","og_image":[{"width":961,"height":900,"url":"https:\/\/www.casaldelsinfants.org\/wp-content\/uploads\/drets-dels-infants.jpg","type":"image\/jpeg"}],"author":"cdiAdmin","twitter_card":"summary_large_image","twitter_creator":"@casalinfants","twitter_site":"@casalinfants","twitter_misc":{"Escrito por":"cdiAdmin","Tiempo de lectura":"3 minutos"},"schema":{"@context":"https:\/\/schema.org","@graph":[{"@type":"Article","@id":"https:\/\/www.casaldelsinfants.org\/es\/actualidad\/20n-dia-universal-de-la-infancia\/#article","isPartOf":{"@id":"https:\/\/www.casaldelsinfants.org\/es\/actualidad\/20n-dia-universal-de-la-infancia\/"},"author":{"name":"cdiAdmin","@id":"https:\/\/www.casaldelsinfants.org\/es\/#\/schema\/person\/97707fc8c64900cf36891127dbf9fba8"},"headline":"20N: Dia Universal de la Inf\u00e0ncia","datePublished":"2016-11-21T13:32:48+00:00","dateModified":"2023-05-01T17:14:07+00:00","mainEntityOfPage":{"@id":"https:\/\/www.casaldelsinfants.org\/es\/actualidad\/20n-dia-universal-de-la-infancia\/"},"wordCount":697,"commentCount":0,"publisher":{"@id":"https:\/\/www.casaldelsinfants.org\/es\/#organization"},"image":{"@id":"https:\/\/www.casaldelsinfants.org\/es\/actualidad\/20n-dia-universal-de-la-infancia\/#primaryimage"},"thumbnailUrl":"https:\/\/www.casaldelsinfants.org\/wp-content\/uploads\/drets-dels-infants.jpg","articleSection":["Noticia"],"inLanguage":"es","potentialAction":[{"@type":"CommentAction","name":"Comment","target":["https:\/\/www.casaldelsinfants.org\/es\/actualidad\/20n-dia-universal-de-la-infancia\/#respond"]}]},{"@type":"WebPage","@id":"https:\/\/www.casaldelsinfants.org\/es\/actualidad\/20n-dia-universal-de-la-infancia\/","url":"https:\/\/www.casaldelsinfants.org\/es\/actualidad\/20n-dia-universal-de-la-infancia\/","name":"20N: Dia Universal de la Inf\u00e0ncia - Casal dels Infants","isPartOf":{"@id":"https:\/\/www.casaldelsinfants.org\/es\/#website"},"primaryImageOfPage":{"@id":"https:\/\/www.casaldelsinfants.org\/es\/actualidad\/20n-dia-universal-de-la-infancia\/#primaryimage"},"image":{"@id":"https:\/\/www.casaldelsinfants.org\/es\/actualidad\/20n-dia-universal-de-la-infancia\/#primaryimage"},"thumbnailUrl":"https:\/\/www.casaldelsinfants.org\/wp-content\/uploads\/drets-dels-infants.jpg","datePublished":"2016-11-21T13:32:48+00:00","dateModified":"2023-05-01T17:14:07+00:00","breadcrumb":{"@id":"https:\/\/www.casaldelsinfants.org\/es\/actualidad\/20n-dia-universal-de-la-infancia\/#breadcrumb"},"inLanguage":"es","potentialAction":[{"@type":"ReadAction","target":["https:\/\/www.casaldelsinfants.org\/es\/actualidad\/20n-dia-universal-de-la-infancia\/"]}]},{"@type":"ImageObject","inLanguage":"es","@id":"https:\/\/www.casaldelsinfants.org\/es\/actualidad\/20n-dia-universal-de-la-infancia\/#primaryimage","url":"https:\/\/www.casaldelsinfants.org\/wp-content\/uploads\/drets-dels-infants.jpg","contentUrl":"https:\/\/www.casaldelsinfants.org\/wp-content\/uploads\/drets-dels-infants.jpg","width":961,"height":900,"caption":"Persona adulta i un infant."},{"@type":"BreadcrumbList","@id":"https:\/\/www.casaldelsinfants.org\/es\/actualidad\/20n-dia-universal-de-la-infancia\/#breadcrumb","itemListElement":[{"@type":"ListItem","position":1,"name":"Inici","item":"https:\/\/www.casaldelsinfants.org\/es\/"},{"@type":"ListItem","position":2,"name":"20N: Dia Universal de la Inf\u00e0ncia"}]},{"@type":"WebSite","@id":"https:\/\/www.casaldelsinfants.org\/es\/#website","url":"https:\/\/www.casaldelsinfants.org\/es\/","name":"Casal dels Infants","description":"","publisher":{"@id":"https:\/\/www.casaldelsinfants.org\/es\/#organization"},"potentialAction":[{"@type":"SearchAction","target":{"@type":"EntryPoint","urlTemplate":"https:\/\/www.casaldelsinfants.org\/es\/?s={search_term_string}"},"query-input":{"@type":"PropertyValueSpecification","valueRequired":true,"valueName":"search_term_string"}}],"inLanguage":"es"},{"@type":"Organization","@id":"https:\/\/www.casaldelsinfants.org\/es\/#organization","name":"Casal dels Infants","url":"https:\/\/www.casaldelsinfants.org\/es\/","logo":{"@type":"ImageObject","inLanguage":"es","@id":"https:\/\/www.casaldelsinfants.org\/es\/#\/schema\/logo\/image\/","url":"https:\/\/www.casaldelsinfants.org\/wp-content\/uploads\/logo-mail.png","contentUrl":"https:\/\/www.casaldelsinfants.org\/wp-content\/uploads\/logo-mail.png","width":380,"height":158,"caption":"Casal dels Infants"},"image":{"@id":"https:\/\/www.casaldelsinfants.org\/es\/#\/schema\/logo\/image\/"},"sameAs":["https:\/\/www.facebook.com\/casalinfants","https:\/\/x.com\/casalinfants","https:\/\/www.youtube.com\/user\/CasaldelsInfants1","https:\/\/www.instagram.com\/casalinfants\/","https:\/\/www.linkedin.com\/company\/casaldelsinfants?trk=organization-update_share-update_actor-text"]},{"@type":"Person","@id":"https:\/\/www.casaldelsinfants.org\/es\/#\/schema\/person\/97707fc8c64900cf36891127dbf9fba8","name":"cdiAdmin","sameAs":["https:\/\/casaldelsinfants.org"]}]}},"publishpress_future_action":{"enabled":false,"date":"2026-05-09 10:19:11","action":"change-status","newStatus":"draft","terms":[],"taxonomy":"category","extraData":[]},"publishpress_future_workflow_manual_trigger":{"enabledWorkflows":[]},"_links":{"self":[{"href":"https:\/\/www.casaldelsinfants.org\/es\/wp-json\/wp\/v2\/posts\/4596","targetHints":{"allow":["GET"]}}],"collection":[{"href":"https:\/\/www.casaldelsinfants.org\/es\/wp-json\/wp\/v2\/posts"}],"about":[{"href":"https:\/\/www.casaldelsinfants.org\/es\/wp-json\/wp\/v2\/types\/post"}],"author":[{"embeddable":true,"href":"https:\/\/www.casaldelsinfants.org\/es\/wp-json\/wp\/v2\/users\/1"}],"replies":[{"embeddable":true,"href":"https:\/\/www.casaldelsinfants.org\/es\/wp-json\/wp\/v2\/comments?post=4596"}],"version-history":[{"count":1,"href":"https:\/\/www.casaldelsinfants.org\/es\/wp-json\/wp\/v2\/posts\/4596\/revisions"}],"predecessor-version":[{"id":9947,"href":"https:\/\/www.casaldelsinfants.org\/es\/wp-json\/wp\/v2\/posts\/4596\/revisions\/9947"}],"wp:featuredmedia":[{"embeddable":true,"href":"https:\/\/www.casaldelsinfants.org\/es\/wp-json\/wp\/v2\/media\/3751"}],"wp:attachment":[{"href":"https:\/\/www.casaldelsinfants.org\/es\/wp-json\/wp\/v2\/media?parent=4596"}],"wp:term":[{"taxonomy":"category","embeddable":true,"href":"https:\/\/www.casaldelsinfants.org\/es\/wp-json\/wp\/v2\/categories?post=4596"},{"taxonomy":"post_tag","embeddable":true,"href":"https:\/\/www.casaldelsinfants.org\/es\/wp-json\/wp\/v2\/tags?post=4596"},{"taxonomy":"seus","embeddable":true,"href":"https:\/\/www.casaldelsinfants.org\/es\/wp-json\/wp\/v2\/seus?post=4596"},{"taxonomy":"eixos","embeddable":true,"href":"https:\/\/www.casaldelsinfants.org\/es\/wp-json\/wp\/v2\/eixos?post=4596"}],"curies":[{"name":"wp","href":"https:\/\/api.w.org\/{rel}","templated":true}]}}