{"id":4597,"date":"2016-07-13T14:57:28","date_gmt":"2016-07-13T12:57:28","guid":{"rendered":"https:\/\/casal.puntzero.cat\/noticies\/cinc-estrelles-michelin-la-ii-edicio-de-la-gran-nit-solidaria-al-liceu-en-benefici-del\/"},"modified":"2023-05-01T19:14:13","modified_gmt":"2023-05-01T17:14:13","slug":"cinc-estrelles-michelin-la-ii-edicio-de-la-gran-nit-solidaria-al-liceu-en-benefici-del","status":"publish","type":"post","link":"https:\/\/www.casaldelsinfants.org\/es\/actualidad\/cinco-estrellas-michelin-edicion-noche-solidaria-liceu\/","title":{"rendered":"Cinc Estrelles Michelin a la II edici\u00f3 de la \u201cGran Nit Solid\u00e0ria al Liceu\u201d en benefici del Casal dels Infants"},"content":{"rendered":"<p><span style=\"color:#000000;\">Barcelona, 28 de juny de 2016 \u2013 Cinc xefs amb Estrella Michelin en col\u00b7laboraci\u00f3 amb LetsBonus, el Gran Teatre del Liceu i Gramona organitzen per segon any consecutiu la Gran Nit Solid\u00e0ria al Liceu en favor de Casal dels Infants. Albert Adri\u00e0 (juntament amb Paco M\u00e9ndez del restaurant Hoja Santa), Nandu Jubany, Carles Abellan i Carles Gaig elaboraran un men\u00fa especial sobre l\u2019escenari del Gran Teatre per a 400 persones. La recaptaci\u00f3 anir\u00e0 destinada al \u201cCentre Obert Infantil\u201d destinat a ajudar a m\u00e9s de 6.000 infants i joves en risc d\u2019exclusi\u00f3 social. La Gran Nit Solid\u00e0ria al Liceu tindr\u00e0 lloc el proper 14 de setembre.<\/span><\/p>\n<p><span style=\"color:#000000;\">Despr\u00e9s de l\u2019\u00e8xit de l\u2019any passat, en qu\u00e8 es van recaptar 35.000 euros per al Casal dels Infants, els organitzadors han decidit repetir l\u2019experi\u00e8ncia. Un any m\u00e9s, l\u2019escenari del Liceu ser\u00e0 el lloc escollit perqu\u00e8 400 convidats degustin les creacions d\u2019aquests referents gastron\u00f2mics. Durant l\u2019experi\u00e8ncia culin\u00e0ria, el Cor del Liceu oferir\u00e0 una actuaci\u00f3 musical especial dissenyada per l\u2019ocasi\u00f3. Pr\u00e8viament, els convidats gaudiran de la recepci\u00f3 al Foyer amb una copa de benvinguda i els entrants, preparats pels mateixos xefs.<\/span><\/p>\n<p><span style=\"color:#000000;\">LetsBonus ser\u00e0 el canal exclusiu mitjan\u00e7ant el qual es\u00a0podr\u00e0 adquirir localitat en aquest Sopar de Gala Solidari, el cobert del qual t\u00e9 un import de 149\u20ac. Els fons recaptats aniran destinats a l\u2019ONG Casal dels Infants, dedicada a acompanyar els nens, nenes, adolescents, joves i fam\u00edlies vulnerables, fomentant la seva autonomia i confian\u00e7a personal mitjan\u00e7ant la intervenci\u00f3 educativa perqu\u00e8 puguin tirar endavant.<\/span><\/p>\n<p><span style=\"color:#000000;\">El quatre estrelles de la cuina catalana, Albert Adri\u00e0, Nandu Jubany, Carles Abellan i Carles Gaig, han manifestat el seu orgull per formar part d\u2019aquesta iniciativa que acosta l\u2019alta cuina amb la lluita contra la pobresa i la cerca d\u2019oportunitats infants i fam\u00edlies en risc d\u2019exclusi\u00f3.<\/span><\/p>\n<p><span style=\"color:#000000;\"><strong>Juan Luis Rico, CEO de LetsBonus<\/strong>, ha destacat la singularitat de l\u2019acte: \u201c\u00c9s un orgull participar en aquesta iniciativa. El sopar solidari de l\u2019any pasar va ser una experiencia \u00fanica per als assistents i un \u00e8xit en solidaritat. En aquesta segona edici\u00f3 esperem superar els 35.000 euros recaptats per al Casal dels Infants\u201d.<\/span><\/p>\n<p><span style=\"color:#000000;\"><strong>El director general del Liceu, Roger Guasch<\/strong>, ha afirmat que \u00abla consci\u00e8ncia de barri i la seva rehabilitaci\u00f3 \u00e9s un eix imprescindible pel Liceu, i aix\u00f2 \u00e9s reafirma amb l&#8217;estreta col\u00b7laboraci\u00f3 amb el Casal dels Infants del Raval, no nom\u00e9s donem suport a iniciatives que reverteixen en benefici d\u2019aquesta comunitat, sin\u00f3 que hi tenim di\u00e0leg constant i els impliquem en moltes de les nostres activitats d\u2019inclusi\u00f3 a trav\u00e9s de Tot Raval i Apropa Cultura. El repte del 2016 \u00e9s desenvolupar un projecte social s\u00f2lid que permeti obrir el Liceu a noves iniciatives i a la ciutadania, perqu\u00e8 \u2018el Liceu \u00e9s social o no ser\u00e0\u00bb.<\/span><\/p>\n<p><span style=\"color:#000000;\"><strong>Rosa Balaguer, directora general del Casal dels Infants<\/strong> ha agra\u00eft \u201cla suma d\u2019esfor\u00e7os de LetsBonus i dels millors xefs que demostren, un cop m\u00e9s, el seu comprom\u00eds ferm amb la igualtat d\u2019oportunitats de tots els nens i nenes\u201d i ha subratllat que si s\u2019aconsegueix omplir per segona vegada l\u2019escenari del Liceu amb comensals solidaris \u201cser\u00e1 un \u00e8xit sense precedents que ens permetr\u00e0 garantir l\u2019acompanyament de molts nens i nenes durant el curs escolar\u201d.<\/span><\/p>\n","protected":false},"excerpt":{"rendered":"<p>Barcelona, 28 de juny de 2016 \u2013 Cinc xefs amb Estrella Michelin en col\u00b7laboraci\u00f3 amb LetsBonus, el Gran Teatre del Liceu i Gramona organitzen per segon any consecutiu la Gran Nit Solid\u00e0ria al Liceu en favor de Casal dels Infants. Albert Adri\u00e0 (juntament amb Paco M\u00e9ndez del restaurant Hoja Santa), Nandu Jubany, Carles Abellan i [&hellip;]<\/p>\n","protected":false},"author":1,"featured_media":3754,"comment_status":"open","ping_status":"open","sticky":false,"template":"","format":"standard","meta":{"_acf_changed":false,"_et_pb_use_builder":"","_et_pb_old_content":"","_et_gb_content_width":"","inline_featured_image":false,"footnotes":""},"categories":[125],"tags":[],"seus":[],"eixos":[],"class_list":["post-4597","post","type-post","status-publish","format-standard","has-post-thumbnail","hentry","category-noticias"],"acf":[],"yoast_head":"<!-- This site is optimized with the Yoast SEO plugin v27.4 - https:\/\/yoast.com\/product\/yoast-seo-wordpress\/ -->\n<title>Cinc Estrelles Michelin a la II edici\u00f3 de la \u201cGran Nit Solid\u00e0ria al Liceu\u201d en benefici del Casal dels Infants - Casal dels Infants<\/title>\n<meta name=\"robots\" content=\"index, follow, max-snippet:-1, max-image-preview:large, max-video-preview:-1\" \/>\n<link rel=\"canonical\" href=\"https:\/\/www.casaldelsinfants.org\/es\/actualidad\/cinco-estrellas-michelin-edicion-noche-solidaria-liceu\/\" \/>\n<meta property=\"og:locale\" content=\"es_ES\" \/>\n<meta property=\"og:type\" content=\"article\" \/>\n<meta property=\"og:title\" content=\"Cinc Estrelles Michelin a la II edici\u00f3 de la \u201cGran Nit Solid\u00e0ria al Liceu\u201d en benefici del Casal dels Infants - Casal dels Infants\" \/>\n<meta property=\"og:description\" content=\"Barcelona, 28 de juny de 2016 \u2013 Cinc xefs amb Estrella Michelin en col\u00b7laboraci\u00f3 amb LetsBonus, el Gran Teatre del Liceu i Gramona organitzen per segon any consecutiu la Gran Nit Solid\u00e0ria al Liceu en favor de Casal dels Infants. Albert Adri\u00e0 (juntament amb Paco M\u00e9ndez del restaurant Hoja Santa), Nandu Jubany, Carles Abellan i [&hellip;]\" \/>\n<meta property=\"og:url\" content=\"https:\/\/www.casaldelsinfants.org\/es\/actualidad\/cinco-estrellas-michelin-edicion-noche-solidaria-liceu\/\" \/>\n<meta property=\"og:site_name\" content=\"Casal dels Infants\" \/>\n<meta property=\"article:publisher\" content=\"https:\/\/www.facebook.com\/casalinfants\" \/>\n<meta property=\"article:published_time\" content=\"2016-07-13T12:57:28+00:00\" \/>\n<meta property=\"article:modified_time\" content=\"2023-05-01T17:14:13+00:00\" \/>\n<meta property=\"og:image\" content=\"https:\/\/www.casaldelsinfants.org\/wp-content\/uploads\/gran-nit-solidria-al-liceu.jpg\" \/>\n\t<meta property=\"og:image:width\" content=\"580\" \/>\n\t<meta property=\"og:image:height\" content=\"238\" \/>\n\t<meta property=\"og:image:type\" content=\"image\/jpeg\" \/>\n<meta name=\"author\" content=\"cdiAdmin\" \/>\n<meta name=\"twitter:card\" content=\"summary_large_image\" \/>\n<meta name=\"twitter:creator\" content=\"@casalinfants\" \/>\n<meta name=\"twitter:site\" content=\"@casalinfants\" \/>\n<meta name=\"twitter:label1\" content=\"Escrito por\" \/>\n\t<meta name=\"twitter:data1\" content=\"cdiAdmin\" \/>\n\t<meta name=\"twitter:label2\" content=\"Tiempo de lectura\" \/>\n\t<meta name=\"twitter:data2\" content=\"3 minutos\" \/>\n<script type=\"application\/ld+json\" class=\"yoast-schema-graph\">{\"@context\":\"https:\\\/\\\/schema.org\",\"@graph\":[{\"@type\":\"Article\",\"@id\":\"https:\\\/\\\/www.casaldelsinfants.org\\\/es\\\/actualidad\\\/cinco-estrellas-michelin-edicion-noche-solidaria-liceu\\\/#article\",\"isPartOf\":{\"@id\":\"https:\\\/\\\/www.casaldelsinfants.org\\\/es\\\/actualidad\\\/cinco-estrellas-michelin-edicion-noche-solidaria-liceu\\\/\"},\"author\":{\"name\":\"cdiAdmin\",\"@id\":\"https:\\\/\\\/www.casaldelsinfants.org\\\/es\\\/#\\\/schema\\\/person\\\/97707fc8c64900cf36891127dbf9fba8\"},\"headline\":\"Cinc Estrelles Michelin a la II edici\u00f3 de la \u201cGran Nit Solid\u00e0ria al Liceu\u201d en benefici del Casal dels Infants\",\"datePublished\":\"2016-07-13T12:57:28+00:00\",\"dateModified\":\"2023-05-01T17:14:13+00:00\",\"mainEntityOfPage\":{\"@id\":\"https:\\\/\\\/www.casaldelsinfants.org\\\/es\\\/actualidad\\\/cinco-estrellas-michelin-edicion-noche-solidaria-liceu\\\/\"},\"wordCount\":584,\"commentCount\":0,\"publisher\":{\"@id\":\"https:\\\/\\\/www.casaldelsinfants.org\\\/es\\\/#organization\"},\"image\":{\"@id\":\"https:\\\/\\\/www.casaldelsinfants.org\\\/es\\\/actualidad\\\/cinco-estrellas-michelin-edicion-noche-solidaria-liceu\\\/#primaryimage\"},\"thumbnailUrl\":\"https:\\\/\\\/www.casaldelsinfants.org\\\/wp-content\\\/uploads\\\/gran-nit-solidria-al-liceu.jpg\",\"articleSection\":[\"Noticia\"],\"inLanguage\":\"es\",\"potentialAction\":[{\"@type\":\"CommentAction\",\"name\":\"Comment\",\"target\":[\"https:\\\/\\\/www.casaldelsinfants.org\\\/es\\\/actualidad\\\/cinco-estrellas-michelin-edicion-noche-solidaria-liceu\\\/#respond\"]}]},{\"@type\":\"WebPage\",\"@id\":\"https:\\\/\\\/www.casaldelsinfants.org\\\/es\\\/actualidad\\\/cinco-estrellas-michelin-edicion-noche-solidaria-liceu\\\/\",\"url\":\"https:\\\/\\\/www.casaldelsinfants.org\\\/es\\\/actualidad\\\/cinco-estrellas-michelin-edicion-noche-solidaria-liceu\\\/\",\"name\":\"Cinc Estrelles Michelin a la II edici\u00f3 de la \u201cGran Nit Solid\u00e0ria al Liceu\u201d en benefici del Casal dels Infants - Casal dels Infants\",\"isPartOf\":{\"@id\":\"https:\\\/\\\/www.casaldelsinfants.org\\\/es\\\/#website\"},\"primaryImageOfPage\":{\"@id\":\"https:\\\/\\\/www.casaldelsinfants.org\\\/es\\\/actualidad\\\/cinco-estrellas-michelin-edicion-noche-solidaria-liceu\\\/#primaryimage\"},\"image\":{\"@id\":\"https:\\\/\\\/www.casaldelsinfants.org\\\/es\\\/actualidad\\\/cinco-estrellas-michelin-edicion-noche-solidaria-liceu\\\/#primaryimage\"},\"thumbnailUrl\":\"https:\\\/\\\/www.casaldelsinfants.org\\\/wp-content\\\/uploads\\\/gran-nit-solidria-al-liceu.jpg\",\"datePublished\":\"2016-07-13T12:57:28+00:00\",\"dateModified\":\"2023-05-01T17:14:13+00:00\",\"breadcrumb\":{\"@id\":\"https:\\\/\\\/www.casaldelsinfants.org\\\/es\\\/actualidad\\\/cinco-estrellas-michelin-edicion-noche-solidaria-liceu\\\/#breadcrumb\"},\"inLanguage\":\"es\",\"potentialAction\":[{\"@type\":\"ReadAction\",\"target\":[\"https:\\\/\\\/www.casaldelsinfants.org\\\/es\\\/actualidad\\\/cinco-estrellas-michelin-edicion-noche-solidaria-liceu\\\/\"]}]},{\"@type\":\"ImageObject\",\"inLanguage\":\"es\",\"@id\":\"https:\\\/\\\/www.casaldelsinfants.org\\\/es\\\/actualidad\\\/cinco-estrellas-michelin-edicion-noche-solidaria-liceu\\\/#primaryimage\",\"url\":\"https:\\\/\\\/www.casaldelsinfants.org\\\/wp-content\\\/uploads\\\/gran-nit-solidria-al-liceu.jpg\",\"contentUrl\":\"https:\\\/\\\/www.casaldelsinfants.org\\\/wp-content\\\/uploads\\\/gran-nit-solidria-al-liceu.jpg\",\"width\":580,\"height\":238,\"caption\":\"Gran Nit Solid\u00e0ria al Liceu\"},{\"@type\":\"BreadcrumbList\",\"@id\":\"https:\\\/\\\/www.casaldelsinfants.org\\\/es\\\/actualidad\\\/cinco-estrellas-michelin-edicion-noche-solidaria-liceu\\\/#breadcrumb\",\"itemListElement\":[{\"@type\":\"ListItem\",\"position\":1,\"name\":\"Inici\",\"item\":\"https:\\\/\\\/www.casaldelsinfants.org\\\/es\\\/\"},{\"@type\":\"ListItem\",\"position\":2,\"name\":\"Cinc Estrelles Michelin a la II edici\u00f3 de la \u201cGran Nit Solid\u00e0ria al Liceu\u201d en benefici del Casal dels Infants\"}]},{\"@type\":\"WebSite\",\"@id\":\"https:\\\/\\\/www.casaldelsinfants.org\\\/es\\\/#website\",\"url\":\"https:\\\/\\\/www.casaldelsinfants.org\\\/es\\\/\",\"name\":\"Casal dels Infants\",\"description\":\"\",\"publisher\":{\"@id\":\"https:\\\/\\\/www.casaldelsinfants.org\\\/es\\\/#organization\"},\"potentialAction\":[{\"@type\":\"SearchAction\",\"target\":{\"@type\":\"EntryPoint\",\"urlTemplate\":\"https:\\\/\\\/www.casaldelsinfants.org\\\/es\\\/?s={search_term_string}\"},\"query-input\":{\"@type\":\"PropertyValueSpecification\",\"valueRequired\":true,\"valueName\":\"search_term_string\"}}],\"inLanguage\":\"es\"},{\"@type\":\"Organization\",\"@id\":\"https:\\\/\\\/www.casaldelsinfants.org\\\/es\\\/#organization\",\"name\":\"Casal dels Infants\",\"url\":\"https:\\\/\\\/www.casaldelsinfants.org\\\/es\\\/\",\"logo\":{\"@type\":\"ImageObject\",\"inLanguage\":\"es\",\"@id\":\"https:\\\/\\\/www.casaldelsinfants.org\\\/es\\\/#\\\/schema\\\/logo\\\/image\\\/\",\"url\":\"https:\\\/\\\/www.casaldelsinfants.org\\\/wp-content\\\/uploads\\\/logo-mail.png\",\"contentUrl\":\"https:\\\/\\\/www.casaldelsinfants.org\\\/wp-content\\\/uploads\\\/logo-mail.png\",\"width\":380,\"height\":158,\"caption\":\"Casal dels Infants\"},\"image\":{\"@id\":\"https:\\\/\\\/www.casaldelsinfants.org\\\/es\\\/#\\\/schema\\\/logo\\\/image\\\/\"},\"sameAs\":[\"https:\\\/\\\/www.facebook.com\\\/casalinfants\",\"https:\\\/\\\/x.com\\\/casalinfants\",\"https:\\\/\\\/www.youtube.com\\\/user\\\/CasaldelsInfants1\",\"https:\\\/\\\/www.instagram.com\\\/casalinfants\\\/\",\"https:\\\/\\\/www.linkedin.com\\\/company\\\/casaldelsinfants?trk=organization-update_share-update_actor-text\"]},{\"@type\":\"Person\",\"@id\":\"https:\\\/\\\/www.casaldelsinfants.org\\\/es\\\/#\\\/schema\\\/person\\\/97707fc8c64900cf36891127dbf9fba8\",\"name\":\"cdiAdmin\",\"sameAs\":[\"https:\\\/\\\/casaldelsinfants.org\"]}]}<\/script>\n<!-- \/ Yoast SEO plugin. -->","yoast_head_json":{"title":"Cinc Estrelles Michelin a la II edici\u00f3 de la \u201cGran Nit Solid\u00e0ria al Liceu\u201d en benefici del Casal dels Infants - Casal dels Infants","robots":{"index":"index","follow":"follow","max-snippet":"max-snippet:-1","max-image-preview":"max-image-preview:large","max-video-preview":"max-video-preview:-1"},"canonical":"https:\/\/www.casaldelsinfants.org\/es\/actualidad\/cinco-estrellas-michelin-edicion-noche-solidaria-liceu\/","og_locale":"es_ES","og_type":"article","og_title":"Cinc Estrelles Michelin a la II edici\u00f3 de la \u201cGran Nit Solid\u00e0ria al Liceu\u201d en benefici del Casal dels Infants - Casal dels Infants","og_description":"Barcelona, 28 de juny de 2016 \u2013 Cinc xefs amb Estrella Michelin en col\u00b7laboraci\u00f3 amb LetsBonus, el Gran Teatre del Liceu i Gramona organitzen per segon any consecutiu la Gran Nit Solid\u00e0ria al Liceu en favor de Casal dels Infants. Albert Adri\u00e0 (juntament amb Paco M\u00e9ndez del restaurant Hoja Santa), Nandu Jubany, Carles Abellan i [&hellip;]","og_url":"https:\/\/www.casaldelsinfants.org\/es\/actualidad\/cinco-estrellas-michelin-edicion-noche-solidaria-liceu\/","og_site_name":"Casal dels Infants","article_publisher":"https:\/\/www.facebook.com\/casalinfants","article_published_time":"2016-07-13T12:57:28+00:00","article_modified_time":"2023-05-01T17:14:13+00:00","og_image":[{"width":580,"height":238,"url":"https:\/\/www.casaldelsinfants.org\/wp-content\/uploads\/gran-nit-solidria-al-liceu.jpg","type":"image\/jpeg"}],"author":"cdiAdmin","twitter_card":"summary_large_image","twitter_creator":"@casalinfants","twitter_site":"@casalinfants","twitter_misc":{"Escrito por":"cdiAdmin","Tiempo de lectura":"3 minutos"},"schema":{"@context":"https:\/\/schema.org","@graph":[{"@type":"Article","@id":"https:\/\/www.casaldelsinfants.org\/es\/actualidad\/cinco-estrellas-michelin-edicion-noche-solidaria-liceu\/#article","isPartOf":{"@id":"https:\/\/www.casaldelsinfants.org\/es\/actualidad\/cinco-estrellas-michelin-edicion-noche-solidaria-liceu\/"},"author":{"name":"cdiAdmin","@id":"https:\/\/www.casaldelsinfants.org\/es\/#\/schema\/person\/97707fc8c64900cf36891127dbf9fba8"},"headline":"Cinc Estrelles Michelin a la II edici\u00f3 de la \u201cGran Nit Solid\u00e0ria al Liceu\u201d en benefici del Casal dels Infants","datePublished":"2016-07-13T12:57:28+00:00","dateModified":"2023-05-01T17:14:13+00:00","mainEntityOfPage":{"@id":"https:\/\/www.casaldelsinfants.org\/es\/actualidad\/cinco-estrellas-michelin-edicion-noche-solidaria-liceu\/"},"wordCount":584,"commentCount":0,"publisher":{"@id":"https:\/\/www.casaldelsinfants.org\/es\/#organization"},"image":{"@id":"https:\/\/www.casaldelsinfants.org\/es\/actualidad\/cinco-estrellas-michelin-edicion-noche-solidaria-liceu\/#primaryimage"},"thumbnailUrl":"https:\/\/www.casaldelsinfants.org\/wp-content\/uploads\/gran-nit-solidria-al-liceu.jpg","articleSection":["Noticia"],"inLanguage":"es","potentialAction":[{"@type":"CommentAction","name":"Comment","target":["https:\/\/www.casaldelsinfants.org\/es\/actualidad\/cinco-estrellas-michelin-edicion-noche-solidaria-liceu\/#respond"]}]},{"@type":"WebPage","@id":"https:\/\/www.casaldelsinfants.org\/es\/actualidad\/cinco-estrellas-michelin-edicion-noche-solidaria-liceu\/","url":"https:\/\/www.casaldelsinfants.org\/es\/actualidad\/cinco-estrellas-michelin-edicion-noche-solidaria-liceu\/","name":"Cinc Estrelles Michelin a la II edici\u00f3 de la \u201cGran Nit Solid\u00e0ria al Liceu\u201d en benefici del Casal dels Infants - Casal dels Infants","isPartOf":{"@id":"https:\/\/www.casaldelsinfants.org\/es\/#website"},"primaryImageOfPage":{"@id":"https:\/\/www.casaldelsinfants.org\/es\/actualidad\/cinco-estrellas-michelin-edicion-noche-solidaria-liceu\/#primaryimage"},"image":{"@id":"https:\/\/www.casaldelsinfants.org\/es\/actualidad\/cinco-estrellas-michelin-edicion-noche-solidaria-liceu\/#primaryimage"},"thumbnailUrl":"https:\/\/www.casaldelsinfants.org\/wp-content\/uploads\/gran-nit-solidria-al-liceu.jpg","datePublished":"2016-07-13T12:57:28+00:00","dateModified":"2023-05-01T17:14:13+00:00","breadcrumb":{"@id":"https:\/\/www.casaldelsinfants.org\/es\/actualidad\/cinco-estrellas-michelin-edicion-noche-solidaria-liceu\/#breadcrumb"},"inLanguage":"es","potentialAction":[{"@type":"ReadAction","target":["https:\/\/www.casaldelsinfants.org\/es\/actualidad\/cinco-estrellas-michelin-edicion-noche-solidaria-liceu\/"]}]},{"@type":"ImageObject","inLanguage":"es","@id":"https:\/\/www.casaldelsinfants.org\/es\/actualidad\/cinco-estrellas-michelin-edicion-noche-solidaria-liceu\/#primaryimage","url":"https:\/\/www.casaldelsinfants.org\/wp-content\/uploads\/gran-nit-solidria-al-liceu.jpg","contentUrl":"https:\/\/www.casaldelsinfants.org\/wp-content\/uploads\/gran-nit-solidria-al-liceu.jpg","width":580,"height":238,"caption":"Gran Nit Solid\u00e0ria al Liceu"},{"@type":"BreadcrumbList","@id":"https:\/\/www.casaldelsinfants.org\/es\/actualidad\/cinco-estrellas-michelin-edicion-noche-solidaria-liceu\/#breadcrumb","itemListElement":[{"@type":"ListItem","position":1,"name":"Inici","item":"https:\/\/www.casaldelsinfants.org\/es\/"},{"@type":"ListItem","position":2,"name":"Cinc Estrelles Michelin a la II edici\u00f3 de la \u201cGran Nit Solid\u00e0ria al Liceu\u201d en benefici del Casal dels Infants"}]},{"@type":"WebSite","@id":"https:\/\/www.casaldelsinfants.org\/es\/#website","url":"https:\/\/www.casaldelsinfants.org\/es\/","name":"Casal dels Infants","description":"","publisher":{"@id":"https:\/\/www.casaldelsinfants.org\/es\/#organization"},"potentialAction":[{"@type":"SearchAction","target":{"@type":"EntryPoint","urlTemplate":"https:\/\/www.casaldelsinfants.org\/es\/?s={search_term_string}"},"query-input":{"@type":"PropertyValueSpecification","valueRequired":true,"valueName":"search_term_string"}}],"inLanguage":"es"},{"@type":"Organization","@id":"https:\/\/www.casaldelsinfants.org\/es\/#organization","name":"Casal dels Infants","url":"https:\/\/www.casaldelsinfants.org\/es\/","logo":{"@type":"ImageObject","inLanguage":"es","@id":"https:\/\/www.casaldelsinfants.org\/es\/#\/schema\/logo\/image\/","url":"https:\/\/www.casaldelsinfants.org\/wp-content\/uploads\/logo-mail.png","contentUrl":"https:\/\/www.casaldelsinfants.org\/wp-content\/uploads\/logo-mail.png","width":380,"height":158,"caption":"Casal dels Infants"},"image":{"@id":"https:\/\/www.casaldelsinfants.org\/es\/#\/schema\/logo\/image\/"},"sameAs":["https:\/\/www.facebook.com\/casalinfants","https:\/\/x.com\/casalinfants","https:\/\/www.youtube.com\/user\/CasaldelsInfants1","https:\/\/www.instagram.com\/casalinfants\/","https:\/\/www.linkedin.com\/company\/casaldelsinfants?trk=organization-update_share-update_actor-text"]},{"@type":"Person","@id":"https:\/\/www.casaldelsinfants.org\/es\/#\/schema\/person\/97707fc8c64900cf36891127dbf9fba8","name":"cdiAdmin","sameAs":["https:\/\/casaldelsinfants.org"]}]}},"publishpress_future_action":{"enabled":false,"date":"2026-05-09 11:18:47","action":"change-status","newStatus":"draft","terms":[],"taxonomy":"category","extraData":[]},"publishpress_future_workflow_manual_trigger":{"enabledWorkflows":[]},"_links":{"self":[{"href":"https:\/\/www.casaldelsinfants.org\/es\/wp-json\/wp\/v2\/posts\/4597","targetHints":{"allow":["GET"]}}],"collection":[{"href":"https:\/\/www.casaldelsinfants.org\/es\/wp-json\/wp\/v2\/posts"}],"about":[{"href":"https:\/\/www.casaldelsinfants.org\/es\/wp-json\/wp\/v2\/types\/post"}],"author":[{"embeddable":true,"href":"https:\/\/www.casaldelsinfants.org\/es\/wp-json\/wp\/v2\/users\/1"}],"replies":[{"embeddable":true,"href":"https:\/\/www.casaldelsinfants.org\/es\/wp-json\/wp\/v2\/comments?post=4597"}],"version-history":[{"count":1,"href":"https:\/\/www.casaldelsinfants.org\/es\/wp-json\/wp\/v2\/posts\/4597\/revisions"}],"predecessor-version":[{"id":9948,"href":"https:\/\/www.casaldelsinfants.org\/es\/wp-json\/wp\/v2\/posts\/4597\/revisions\/9948"}],"wp:featuredmedia":[{"embeddable":true,"href":"https:\/\/www.casaldelsinfants.org\/es\/wp-json\/wp\/v2\/media\/3754"}],"wp:attachment":[{"href":"https:\/\/www.casaldelsinfants.org\/es\/wp-json\/wp\/v2\/media?parent=4597"}],"wp:term":[{"taxonomy":"category","embeddable":true,"href":"https:\/\/www.casaldelsinfants.org\/es\/wp-json\/wp\/v2\/categories?post=4597"},{"taxonomy":"post_tag","embeddable":true,"href":"https:\/\/www.casaldelsinfants.org\/es\/wp-json\/wp\/v2\/tags?post=4597"},{"taxonomy":"seus","embeddable":true,"href":"https:\/\/www.casaldelsinfants.org\/es\/wp-json\/wp\/v2\/seus?post=4597"},{"taxonomy":"eixos","embeddable":true,"href":"https:\/\/www.casaldelsinfants.org\/es\/wp-json\/wp\/v2\/eixos?post=4597"}],"curies":[{"name":"wp","href":"https:\/\/api.w.org\/{rel}","templated":true}]}}