{"id":4598,"date":"2016-02-03T16:13:19","date_gmt":"2016-02-03T14:13:19","guid":{"rendered":"https:\/\/casal.puntzero.cat\/noticies\/la-5a-edicio-de-la-tapa-solidaria-aconsegueix-mes-de-30000-euros-infants-i-mares\/"},"modified":"2023-05-01T19:14:21","modified_gmt":"2023-05-01T17:14:21","slug":"la-5a-edicio-de-la-tapa-solidaria-aconsegueix-mes-de-30000-euros-infants-i-mares","status":"publish","type":"post","link":"https:\/\/www.casaldelsinfants.org\/es\/actualidad\/5a-edicion-tapa-solidaria-consigue-dinero-familias\/","title":{"rendered":"La 5a edici\u00f3 de la Tapa Solid\u00e0ria aconsegueix m\u00e9s de 30.000 euros per a infants i mares vulnerables"},"content":{"rendered":"<h4>\n<img decoding=\"async\" src=\"\/wp-content\/uploads\/inline-images\/Tapa%2520solidria%25202015.jpg\" border=\"0\" style=\"float: left; margin-left: 10px; margin-right: 10px;\" \/>Aquesta tarda, el restaurant Arola de l&#8217;Hotel Arts ha estat l\u2019escenari, un any m\u00e9s, de la cloenda de la campanya solid\u00e0ria que suma l&#8217;esfor\u00e7 del sector gastron\u00f2mic i del Casal dels Infants en la lluita per la igualtat d&#8217;oportunitats de tots els infants.<\/h4>\n<h4>\u00a0<\/h4>\n<p>\u00a0<\/p>\n<p>La 5a edici\u00f3\u00a0<a href=\"http:\/\/www.tapasolidaria.org\/\" target=\"_blank\" rel=\"noopener\">Tapa Solid\u00e0ria,\u00a0<\/a>que\u00a0va arrencar el passat mes d&#8217;octubre\u00a0<strong>amb la implicaci\u00f3 de 101 restaurants de Barcelona<\/strong>\u00a0i d&#8217;arreu de Catalunya,\u00a0<strong>ha destinat\u00a00,50 c\u00e8ntims de\u00a0la venda d&#8217;una tapa solid\u00e0ria<\/strong>\u00a0de la seva carta al projecte maternoinfantil \u00ab<strong>Vincles<\/strong>\u00bb de l&#8217;entitat.\u00a0<a href=\"http:\/\/tapasolidaria.org\/casal-dels-infants\/\" target=\"_blank\" rel=\"noopener\">\u00abVincles\u00bb<\/a>\u00a0\u00e9s un projecte arrelat als barris que neix de la consci\u00e8ncia de que\u00a0<strong>invertir en educaci\u00f3, quan abans millor<\/strong>, contribueix a la igualtat d&#8217;oportunitats de tots els nens i nenes. Per aix\u00f2 el servei d\u00f3na\u00a0suport cada dia a les\u00a0<strong>mares amb nadons de 0 a 3 anys en situacions de\u00a0vulnerabilitat<\/strong>. \u00abEn la 5a edici\u00f3 han participat\u00a0<strong>101 restaurants amics\u00a0i\u00a0m\u00e9s de 56.000 persones que han tastat les tapes solid\u00e0ries,\u00a0m\u00e9s de 3.100 ciutadans seguint la tapa a les xarxes socials, 50 impactes als mitjans de comunicaci\u00f3&#8230; Tot un r\u00e8cord!!<\/strong>\u00bb\u00a0ha explicat el vicepresident del Casal dels Infants, Llu\u00eds Prats.\u00a0\u00abLa Tapa es consolida com el\u00a0<strong>comprom\u00eds anual de la restauraci\u00f3 amb la inf\u00e0ncia en situaci\u00f3 de vulnerabilitat&#8230;<\/strong> Gr\u00e0cies a la suma d&#8217;esfor\u00e7os\u00a0<strong>enguany podrem donar suport a 480 mares i nadons<\/strong>\u00ab.<\/p>\n<p>Com a resultat de la campanya, el\u00a0<strong>Casal rebr\u00e0\u00a030.000 euros\u00a0<\/strong>que serviran per refor\u00e7ar els \u00abVincles\u00bb dels barris\u00a0de Barcelona, Santa Coloma de Gramenet, Badalona i Salt<strong>. \u00ab<\/strong>Com exemple del que podrem fer,<strong>\u00a05.700 tapes\u00a0<\/strong>de bomba asseguraran\u00a0<strong>l\u2019acompanyament d\u2019un nad\u00f3 en la Petita Escola\u00a0<\/strong>durant un any,<strong>\u00a02.800 tapes\u00a0<\/strong>del Combinat Espinaler far\u00e0 possibles\u00a0<strong>el suport a 5 mares en la crian\u00e7a dels seus nadons<\/strong>\u00a0durant sis mesos\u00a0i<strong>\u00a02.400 tapes\u00a0<\/strong>de calamars\u00f3 cruixent amb allioli de llima faran possible que els nadons i les seves mares gaudeixin d&#8217;un espai compartit durant un trimestre<strong>\u00bb\u00a0<\/strong>ha explicat Prats davant els periodistes i autoritats presents a l&#8217;acte.<\/p>\n<p>Despr\u00e8s de la intervenci\u00f3 de Prats, ha pres la paraula\u00a0<strong>Sergi Arola, amfitri\u00f3 de l\u2019acte de cloenda per cinqu\u00e8 any consecutiu<\/strong>, que ha assenyalat que en aquesta \u00e8poca s\u00f3n\u00a0<strong>especialment importants iniciatives com la Tapa Solid\u00e0ria \u00ab\u00e9s un deure moral estar aqu\u00ed, i espero que cada cop siguem m\u00e9s i ens tornem a trobar a la inauguraci\u00f3 de la Tapa de l&#8217;any que ve\u00bb, ha remarcat.<\/strong><\/p>\n<p>Per la seva banda, el xef\u00a0<strong>Mariano Andr\u00e9s<\/strong>, propietari del restaurant\u00a0<strong>Seville&#8217;s a Dubai,<\/strong>tamb\u00e9 ha intervingut per fer, en directe,\u00a0<strong>el sorteig d&#8217;un viatge per a dues persones als Emirats \u00c0rabs Units per visitar el seu restaurant.<\/strong>\u00a0Els comensals que han participat a la campanya, no nom\u00e9s han pogut participar en aquest sorteig, sin\u00f3 que, a m\u00e9s, han pogut\u00a0<strong>omplir amb les seves dades uns sotagots entre els que s&#8217;ha sortejat un \u00e0pat per a dues persones en un dels restaurants participants.<\/strong><\/p>\n<p>La campanya de la\u00a0<strong>Tapa Solid\u00e0ria ha estat activa des del mes d&#8217;octubre de l&#8217;any passat<\/strong>. Tres mesos en els que milers de persones han pogut tastar el bo i millor de la nostra cuina, tot i que moltes persones no ho han pogut fer. Per a totes elles Letsbonus ha ofert la possibilitat de\u00a0<a href=\"http:\/\/tapasolidaria.org\/2011\/11\/17\/letsbonus-amb-la-tapa-solidaria-del-casal-dels-infants\/\" target=\"_blank\" rel=\"noopener\">consumir una \u00abTapa 0\u00bb<\/a>. La plataforma on-line\u00a0ha col\u00b7laborat amb la Tapa i el Casal dels Infants per segon any consecutiu.<\/p>\n<p>A l&#8217;acte de cloenda al restaurant Arola tamb\u00e9 han assistit\u00a0<strong>representants d&#8217;institucions p\u00fabliques com\u00a0<\/strong><strong>Joan Aregio,\u00a0secretari Empresa i Competitivitat del Departament d&#8217;Empresa i Coneixement de la Generalitat de Catalunya,\u00a0<\/strong><strong>Maite Fandos Diputada de la Delegaci\u00f3 de Benestar Social de la Diputaci\u00f3 de Barcelona i Xavier Trias, regidor de l&#8217;Ajuntament de Barcelona,\u00a0<\/strong>que com cada any, no ha volgut perdre l&#8217;oportunitat de donar suport a la iniciativa del Casal dels Infants.<\/p>\n<h4>\n<br \/><strong>Quins fruits recollim? La Tapa en n\u00fameros<\/strong><br \/>\n<\/h4>\n<ul>\n<li>\n<strong>101 restaurants\u00a0amics<\/strong>\u00a0s\u2019han convertit en aliats del Casal dels Infants. 15 restaurants m\u00e9s que l\u2019edici\u00f3 anterior.<\/li>\n<li>M\u00e9s de\u00a0<strong>56.000\u00a0persones<\/strong>\u00a0han tastat la solidaritat a trav\u00e9s de la Tapa, 6.000 m\u00e9s que l\u2019any passat.<\/li>\n<li>Entre totes i tots hem aconseguit superar els\u00a0<strong>30.000 euros<\/strong>,\u00a05.000 m\u00e9s que en la edici\u00f3 anterior.<\/li>\n<li>\n<strong>M\u00e9s de 3.100 persones<\/strong>\u00a0han seguit la Tapa a les\u00a0<strong>xarxes socials<\/strong>, 600 m\u00e9s que en la tercera edici\u00f3. \u00a0<\/li>\n<li>Hem pogut veure, llegir o escoltar sobre la Tapa Solid\u00e0ria\u00a0<strong>50 vegades als mitjans de comunicaci\u00f3<\/strong>.<\/li>\n<li>Les tapes solid\u00e0ries es transformen directament en oportunitats per a\u00a0<strong>480 mares\u00a0i els seus nadons<br \/><\/strong><strong style=\"font-size: 12.16px; line-height: 1.3em;\">al\u00a0projecte Vincles\u00a0del Casal<\/strong><span style=\"font-size: 12.16px; line-height: 1.3em;\">.<\/span>\n<\/li>\n<\/ul>\n","protected":false},"excerpt":{"rendered":"<p>Aquesta tarda, el restaurant Arola de l&#8217;Hotel Arts ha estat l\u2019escenari, un any m\u00e9s, de la cloenda de la campanya solid\u00e0ria que suma l&#8217;esfor\u00e7 del sector gastron\u00f2mic i del Casal dels Infants en la lluita per la igualtat d&#8217;oportunitats de tots els infants. \u00a0 \u00a0 La 5a edici\u00f3\u00a0Tapa Solid\u00e0ria,\u00a0que\u00a0va arrencar el passat mes d&#8217;octubre\u00a0amb la [&hellip;]<\/p>\n","protected":false},"author":1,"featured_media":3757,"comment_status":"open","ping_status":"open","sticky":false,"template":"","format":"standard","meta":{"_acf_changed":false,"_et_pb_use_builder":"","_et_pb_old_content":"","_et_gb_content_width":"","inline_featured_image":false,"footnotes":""},"categories":[125],"tags":[],"seus":[],"eixos":[],"class_list":["post-4598","post","type-post","status-publish","format-standard","has-post-thumbnail","hentry","category-noticias"],"acf":[],"yoast_head":"<!-- This site is optimized with the Yoast SEO plugin v27.4 - https:\/\/yoast.com\/product\/yoast-seo-wordpress\/ -->\n<title>La 5a edici\u00f3 de la Tapa Solid\u00e0ria aconsegueix m\u00e9s de 30.000 euros per a infants i mares vulnerables - Casal dels Infants<\/title>\n<meta name=\"robots\" content=\"index, follow, max-snippet:-1, max-image-preview:large, max-video-preview:-1\" \/>\n<link rel=\"canonical\" href=\"https:\/\/www.casaldelsinfants.org\/es\/actualidad\/5a-edicion-tapa-solidaria-consigue-dinero-familias\/\" \/>\n<meta property=\"og:locale\" content=\"es_ES\" \/>\n<meta property=\"og:type\" content=\"article\" \/>\n<meta property=\"og:title\" content=\"La 5a edici\u00f3 de la Tapa Solid\u00e0ria aconsegueix m\u00e9s de 30.000 euros per a infants i mares vulnerables - Casal dels Infants\" \/>\n<meta property=\"og:description\" content=\"Aquesta tarda, el restaurant Arola de l&#8217;Hotel Arts ha estat l\u2019escenari, un any m\u00e9s, de la cloenda de la campanya solid\u00e0ria que suma l&#8217;esfor\u00e7 del sector gastron\u00f2mic i del Casal dels Infants en la lluita per la igualtat d&#8217;oportunitats de tots els infants. \u00a0 \u00a0 La 5a edici\u00f3\u00a0Tapa Solid\u00e0ria,\u00a0que\u00a0va arrencar el passat mes d&#8217;octubre\u00a0amb la [&hellip;]\" \/>\n<meta property=\"og:url\" content=\"https:\/\/www.casaldelsinfants.org\/es\/actualidad\/5a-edicion-tapa-solidaria-consigue-dinero-familias\/\" \/>\n<meta property=\"og:site_name\" content=\"Casal dels Infants\" \/>\n<meta property=\"article:publisher\" content=\"https:\/\/www.facebook.com\/casalinfants\" \/>\n<meta property=\"article:published_time\" content=\"2016-02-03T14:13:19+00:00\" \/>\n<meta property=\"article:modified_time\" content=\"2023-05-01T17:14:21+00:00\" \/>\n<meta property=\"og:image\" content=\"https:\/\/www.casaldelsinfants.org\/wp-content\/uploads\/Tapa20solidria202015.jpg\" \/>\n\t<meta property=\"og:image:width\" content=\"350\" \/>\n\t<meta property=\"og:image:height\" content=\"233\" \/>\n\t<meta property=\"og:image:type\" content=\"image\/jpeg\" \/>\n<meta name=\"author\" content=\"cdiAdmin\" \/>\n<meta name=\"twitter:card\" content=\"summary_large_image\" \/>\n<meta name=\"twitter:creator\" content=\"@casalinfants\" \/>\n<meta name=\"twitter:site\" content=\"@casalinfants\" \/>\n<meta name=\"twitter:label1\" content=\"Escrito por\" \/>\n\t<meta name=\"twitter:data1\" content=\"cdiAdmin\" \/>\n\t<meta name=\"twitter:label2\" content=\"Tiempo de lectura\" \/>\n\t<meta name=\"twitter:data2\" content=\"4 minutos\" \/>\n<script type=\"application\/ld+json\" class=\"yoast-schema-graph\">{\"@context\":\"https:\\\/\\\/schema.org\",\"@graph\":[{\"@type\":\"Article\",\"@id\":\"https:\\\/\\\/www.casaldelsinfants.org\\\/es\\\/actualidad\\\/5a-edicion-tapa-solidaria-consigue-dinero-familias\\\/#article\",\"isPartOf\":{\"@id\":\"https:\\\/\\\/www.casaldelsinfants.org\\\/es\\\/actualidad\\\/5a-edicion-tapa-solidaria-consigue-dinero-familias\\\/\"},\"author\":{\"name\":\"cdiAdmin\",\"@id\":\"https:\\\/\\\/www.casaldelsinfants.org\\\/es\\\/#\\\/schema\\\/person\\\/97707fc8c64900cf36891127dbf9fba8\"},\"headline\":\"La 5a edici\u00f3 de la Tapa Solid\u00e0ria aconsegueix m\u00e9s de 30.000 euros per a infants i mares vulnerables\",\"datePublished\":\"2016-02-03T14:13:19+00:00\",\"dateModified\":\"2023-05-01T17:14:21+00:00\",\"mainEntityOfPage\":{\"@id\":\"https:\\\/\\\/www.casaldelsinfants.org\\\/es\\\/actualidad\\\/5a-edicion-tapa-solidaria-consigue-dinero-familias\\\/\"},\"wordCount\":802,\"commentCount\":0,\"publisher\":{\"@id\":\"https:\\\/\\\/www.casaldelsinfants.org\\\/es\\\/#organization\"},\"image\":{\"@id\":\"https:\\\/\\\/www.casaldelsinfants.org\\\/es\\\/actualidad\\\/5a-edicion-tapa-solidaria-consigue-dinero-familias\\\/#primaryimage\"},\"thumbnailUrl\":\"https:\\\/\\\/www.casaldelsinfants.org\\\/wp-content\\\/uploads\\\/Tapa20solidria202015.jpg\",\"articleSection\":[\"Noticia\"],\"inLanguage\":\"es\",\"potentialAction\":[{\"@type\":\"CommentAction\",\"name\":\"Comment\",\"target\":[\"https:\\\/\\\/www.casaldelsinfants.org\\\/es\\\/actualidad\\\/5a-edicion-tapa-solidaria-consigue-dinero-familias\\\/#respond\"]}]},{\"@type\":\"WebPage\",\"@id\":\"https:\\\/\\\/www.casaldelsinfants.org\\\/es\\\/actualidad\\\/5a-edicion-tapa-solidaria-consigue-dinero-familias\\\/\",\"url\":\"https:\\\/\\\/www.casaldelsinfants.org\\\/es\\\/actualidad\\\/5a-edicion-tapa-solidaria-consigue-dinero-familias\\\/\",\"name\":\"La 5a edici\u00f3 de la Tapa Solid\u00e0ria aconsegueix m\u00e9s de 30.000 euros per a infants i mares vulnerables - Casal dels Infants\",\"isPartOf\":{\"@id\":\"https:\\\/\\\/www.casaldelsinfants.org\\\/es\\\/#website\"},\"primaryImageOfPage\":{\"@id\":\"https:\\\/\\\/www.casaldelsinfants.org\\\/es\\\/actualidad\\\/5a-edicion-tapa-solidaria-consigue-dinero-familias\\\/#primaryimage\"},\"image\":{\"@id\":\"https:\\\/\\\/www.casaldelsinfants.org\\\/es\\\/actualidad\\\/5a-edicion-tapa-solidaria-consigue-dinero-familias\\\/#primaryimage\"},\"thumbnailUrl\":\"https:\\\/\\\/www.casaldelsinfants.org\\\/wp-content\\\/uploads\\\/Tapa20solidria202015.jpg\",\"datePublished\":\"2016-02-03T14:13:19+00:00\",\"dateModified\":\"2023-05-01T17:14:21+00:00\",\"breadcrumb\":{\"@id\":\"https:\\\/\\\/www.casaldelsinfants.org\\\/es\\\/actualidad\\\/5a-edicion-tapa-solidaria-consigue-dinero-familias\\\/#breadcrumb\"},\"inLanguage\":\"es\",\"potentialAction\":[{\"@type\":\"ReadAction\",\"target\":[\"https:\\\/\\\/www.casaldelsinfants.org\\\/es\\\/actualidad\\\/5a-edicion-tapa-solidaria-consigue-dinero-familias\\\/\"]}]},{\"@type\":\"ImageObject\",\"inLanguage\":\"es\",\"@id\":\"https:\\\/\\\/www.casaldelsinfants.org\\\/es\\\/actualidad\\\/5a-edicion-tapa-solidaria-consigue-dinero-familias\\\/#primaryimage\",\"url\":\"https:\\\/\\\/www.casaldelsinfants.org\\\/wp-content\\\/uploads\\\/Tapa20solidria202015.jpg\",\"contentUrl\":\"https:\\\/\\\/www.casaldelsinfants.org\\\/wp-content\\\/uploads\\\/Tapa20solidria202015.jpg\",\"width\":350,\"height\":233,\"caption\":\"Grup de persones col.locat per foto durant l'event \\\"Tapa Solid\u00e0ria\\\"\"},{\"@type\":\"BreadcrumbList\",\"@id\":\"https:\\\/\\\/www.casaldelsinfants.org\\\/es\\\/actualidad\\\/5a-edicion-tapa-solidaria-consigue-dinero-familias\\\/#breadcrumb\",\"itemListElement\":[{\"@type\":\"ListItem\",\"position\":1,\"name\":\"Inici\",\"item\":\"https:\\\/\\\/www.casaldelsinfants.org\\\/es\\\/\"},{\"@type\":\"ListItem\",\"position\":2,\"name\":\"La 5a edici\u00f3 de la Tapa Solid\u00e0ria aconsegueix m\u00e9s de 30.000 euros per a infants i mares vulnerables\"}]},{\"@type\":\"WebSite\",\"@id\":\"https:\\\/\\\/www.casaldelsinfants.org\\\/es\\\/#website\",\"url\":\"https:\\\/\\\/www.casaldelsinfants.org\\\/es\\\/\",\"name\":\"Casal dels Infants\",\"description\":\"\",\"publisher\":{\"@id\":\"https:\\\/\\\/www.casaldelsinfants.org\\\/es\\\/#organization\"},\"potentialAction\":[{\"@type\":\"SearchAction\",\"target\":{\"@type\":\"EntryPoint\",\"urlTemplate\":\"https:\\\/\\\/www.casaldelsinfants.org\\\/es\\\/?s={search_term_string}\"},\"query-input\":{\"@type\":\"PropertyValueSpecification\",\"valueRequired\":true,\"valueName\":\"search_term_string\"}}],\"inLanguage\":\"es\"},{\"@type\":\"Organization\",\"@id\":\"https:\\\/\\\/www.casaldelsinfants.org\\\/es\\\/#organization\",\"name\":\"Casal dels Infants\",\"url\":\"https:\\\/\\\/www.casaldelsinfants.org\\\/es\\\/\",\"logo\":{\"@type\":\"ImageObject\",\"inLanguage\":\"es\",\"@id\":\"https:\\\/\\\/www.casaldelsinfants.org\\\/es\\\/#\\\/schema\\\/logo\\\/image\\\/\",\"url\":\"https:\\\/\\\/www.casaldelsinfants.org\\\/wp-content\\\/uploads\\\/logo-mail.png\",\"contentUrl\":\"https:\\\/\\\/www.casaldelsinfants.org\\\/wp-content\\\/uploads\\\/logo-mail.png\",\"width\":380,\"height\":158,\"caption\":\"Casal dels Infants\"},\"image\":{\"@id\":\"https:\\\/\\\/www.casaldelsinfants.org\\\/es\\\/#\\\/schema\\\/logo\\\/image\\\/\"},\"sameAs\":[\"https:\\\/\\\/www.facebook.com\\\/casalinfants\",\"https:\\\/\\\/x.com\\\/casalinfants\",\"https:\\\/\\\/www.youtube.com\\\/user\\\/CasaldelsInfants1\",\"https:\\\/\\\/www.instagram.com\\\/casalinfants\\\/\",\"https:\\\/\\\/www.linkedin.com\\\/company\\\/casaldelsinfants?trk=organization-update_share-update_actor-text\"]},{\"@type\":\"Person\",\"@id\":\"https:\\\/\\\/www.casaldelsinfants.org\\\/es\\\/#\\\/schema\\\/person\\\/97707fc8c64900cf36891127dbf9fba8\",\"name\":\"cdiAdmin\",\"sameAs\":[\"https:\\\/\\\/casaldelsinfants.org\"]}]}<\/script>\n<!-- \/ Yoast SEO plugin. -->","yoast_head_json":{"title":"La 5a edici\u00f3 de la Tapa Solid\u00e0ria aconsegueix m\u00e9s de 30.000 euros per a infants i mares vulnerables - Casal dels Infants","robots":{"index":"index","follow":"follow","max-snippet":"max-snippet:-1","max-image-preview":"max-image-preview:large","max-video-preview":"max-video-preview:-1"},"canonical":"https:\/\/www.casaldelsinfants.org\/es\/actualidad\/5a-edicion-tapa-solidaria-consigue-dinero-familias\/","og_locale":"es_ES","og_type":"article","og_title":"La 5a edici\u00f3 de la Tapa Solid\u00e0ria aconsegueix m\u00e9s de 30.000 euros per a infants i mares vulnerables - Casal dels Infants","og_description":"Aquesta tarda, el restaurant Arola de l&#8217;Hotel Arts ha estat l\u2019escenari, un any m\u00e9s, de la cloenda de la campanya solid\u00e0ria que suma l&#8217;esfor\u00e7 del sector gastron\u00f2mic i del Casal dels Infants en la lluita per la igualtat d&#8217;oportunitats de tots els infants. \u00a0 \u00a0 La 5a edici\u00f3\u00a0Tapa Solid\u00e0ria,\u00a0que\u00a0va arrencar el passat mes d&#8217;octubre\u00a0amb la [&hellip;]","og_url":"https:\/\/www.casaldelsinfants.org\/es\/actualidad\/5a-edicion-tapa-solidaria-consigue-dinero-familias\/","og_site_name":"Casal dels Infants","article_publisher":"https:\/\/www.facebook.com\/casalinfants","article_published_time":"2016-02-03T14:13:19+00:00","article_modified_time":"2023-05-01T17:14:21+00:00","og_image":[{"width":350,"height":233,"url":"https:\/\/www.casaldelsinfants.org\/wp-content\/uploads\/Tapa20solidria202015.jpg","type":"image\/jpeg"}],"author":"cdiAdmin","twitter_card":"summary_large_image","twitter_creator":"@casalinfants","twitter_site":"@casalinfants","twitter_misc":{"Escrito por":"cdiAdmin","Tiempo de lectura":"4 minutos"},"schema":{"@context":"https:\/\/schema.org","@graph":[{"@type":"Article","@id":"https:\/\/www.casaldelsinfants.org\/es\/actualidad\/5a-edicion-tapa-solidaria-consigue-dinero-familias\/#article","isPartOf":{"@id":"https:\/\/www.casaldelsinfants.org\/es\/actualidad\/5a-edicion-tapa-solidaria-consigue-dinero-familias\/"},"author":{"name":"cdiAdmin","@id":"https:\/\/www.casaldelsinfants.org\/es\/#\/schema\/person\/97707fc8c64900cf36891127dbf9fba8"},"headline":"La 5a edici\u00f3 de la Tapa Solid\u00e0ria aconsegueix m\u00e9s de 30.000 euros per a infants i mares vulnerables","datePublished":"2016-02-03T14:13:19+00:00","dateModified":"2023-05-01T17:14:21+00:00","mainEntityOfPage":{"@id":"https:\/\/www.casaldelsinfants.org\/es\/actualidad\/5a-edicion-tapa-solidaria-consigue-dinero-familias\/"},"wordCount":802,"commentCount":0,"publisher":{"@id":"https:\/\/www.casaldelsinfants.org\/es\/#organization"},"image":{"@id":"https:\/\/www.casaldelsinfants.org\/es\/actualidad\/5a-edicion-tapa-solidaria-consigue-dinero-familias\/#primaryimage"},"thumbnailUrl":"https:\/\/www.casaldelsinfants.org\/wp-content\/uploads\/Tapa20solidria202015.jpg","articleSection":["Noticia"],"inLanguage":"es","potentialAction":[{"@type":"CommentAction","name":"Comment","target":["https:\/\/www.casaldelsinfants.org\/es\/actualidad\/5a-edicion-tapa-solidaria-consigue-dinero-familias\/#respond"]}]},{"@type":"WebPage","@id":"https:\/\/www.casaldelsinfants.org\/es\/actualidad\/5a-edicion-tapa-solidaria-consigue-dinero-familias\/","url":"https:\/\/www.casaldelsinfants.org\/es\/actualidad\/5a-edicion-tapa-solidaria-consigue-dinero-familias\/","name":"La 5a edici\u00f3 de la Tapa Solid\u00e0ria aconsegueix m\u00e9s de 30.000 euros per a infants i mares vulnerables - Casal dels Infants","isPartOf":{"@id":"https:\/\/www.casaldelsinfants.org\/es\/#website"},"primaryImageOfPage":{"@id":"https:\/\/www.casaldelsinfants.org\/es\/actualidad\/5a-edicion-tapa-solidaria-consigue-dinero-familias\/#primaryimage"},"image":{"@id":"https:\/\/www.casaldelsinfants.org\/es\/actualidad\/5a-edicion-tapa-solidaria-consigue-dinero-familias\/#primaryimage"},"thumbnailUrl":"https:\/\/www.casaldelsinfants.org\/wp-content\/uploads\/Tapa20solidria202015.jpg","datePublished":"2016-02-03T14:13:19+00:00","dateModified":"2023-05-01T17:14:21+00:00","breadcrumb":{"@id":"https:\/\/www.casaldelsinfants.org\/es\/actualidad\/5a-edicion-tapa-solidaria-consigue-dinero-familias\/#breadcrumb"},"inLanguage":"es","potentialAction":[{"@type":"ReadAction","target":["https:\/\/www.casaldelsinfants.org\/es\/actualidad\/5a-edicion-tapa-solidaria-consigue-dinero-familias\/"]}]},{"@type":"ImageObject","inLanguage":"es","@id":"https:\/\/www.casaldelsinfants.org\/es\/actualidad\/5a-edicion-tapa-solidaria-consigue-dinero-familias\/#primaryimage","url":"https:\/\/www.casaldelsinfants.org\/wp-content\/uploads\/Tapa20solidria202015.jpg","contentUrl":"https:\/\/www.casaldelsinfants.org\/wp-content\/uploads\/Tapa20solidria202015.jpg","width":350,"height":233,"caption":"Grup de persones col.locat per foto durant l'event \"Tapa Solid\u00e0ria\""},{"@type":"BreadcrumbList","@id":"https:\/\/www.casaldelsinfants.org\/es\/actualidad\/5a-edicion-tapa-solidaria-consigue-dinero-familias\/#breadcrumb","itemListElement":[{"@type":"ListItem","position":1,"name":"Inici","item":"https:\/\/www.casaldelsinfants.org\/es\/"},{"@type":"ListItem","position":2,"name":"La 5a edici\u00f3 de la Tapa Solid\u00e0ria aconsegueix m\u00e9s de 30.000 euros per a infants i mares vulnerables"}]},{"@type":"WebSite","@id":"https:\/\/www.casaldelsinfants.org\/es\/#website","url":"https:\/\/www.casaldelsinfants.org\/es\/","name":"Casal dels Infants","description":"","publisher":{"@id":"https:\/\/www.casaldelsinfants.org\/es\/#organization"},"potentialAction":[{"@type":"SearchAction","target":{"@type":"EntryPoint","urlTemplate":"https:\/\/www.casaldelsinfants.org\/es\/?s={search_term_string}"},"query-input":{"@type":"PropertyValueSpecification","valueRequired":true,"valueName":"search_term_string"}}],"inLanguage":"es"},{"@type":"Organization","@id":"https:\/\/www.casaldelsinfants.org\/es\/#organization","name":"Casal dels Infants","url":"https:\/\/www.casaldelsinfants.org\/es\/","logo":{"@type":"ImageObject","inLanguage":"es","@id":"https:\/\/www.casaldelsinfants.org\/es\/#\/schema\/logo\/image\/","url":"https:\/\/www.casaldelsinfants.org\/wp-content\/uploads\/logo-mail.png","contentUrl":"https:\/\/www.casaldelsinfants.org\/wp-content\/uploads\/logo-mail.png","width":380,"height":158,"caption":"Casal dels Infants"},"image":{"@id":"https:\/\/www.casaldelsinfants.org\/es\/#\/schema\/logo\/image\/"},"sameAs":["https:\/\/www.facebook.com\/casalinfants","https:\/\/x.com\/casalinfants","https:\/\/www.youtube.com\/user\/CasaldelsInfants1","https:\/\/www.instagram.com\/casalinfants\/","https:\/\/www.linkedin.com\/company\/casaldelsinfants?trk=organization-update_share-update_actor-text"]},{"@type":"Person","@id":"https:\/\/www.casaldelsinfants.org\/es\/#\/schema\/person\/97707fc8c64900cf36891127dbf9fba8","name":"cdiAdmin","sameAs":["https:\/\/casaldelsinfants.org"]}]}},"publishpress_future_action":{"enabled":false,"date":"2026-05-09 00:15:56","action":"change-status","newStatus":"draft","terms":[],"taxonomy":"category","extraData":[]},"publishpress_future_workflow_manual_trigger":{"enabledWorkflows":[]},"_links":{"self":[{"href":"https:\/\/www.casaldelsinfants.org\/es\/wp-json\/wp\/v2\/posts\/4598","targetHints":{"allow":["GET"]}}],"collection":[{"href":"https:\/\/www.casaldelsinfants.org\/es\/wp-json\/wp\/v2\/posts"}],"about":[{"href":"https:\/\/www.casaldelsinfants.org\/es\/wp-json\/wp\/v2\/types\/post"}],"author":[{"embeddable":true,"href":"https:\/\/www.casaldelsinfants.org\/es\/wp-json\/wp\/v2\/users\/1"}],"replies":[{"embeddable":true,"href":"https:\/\/www.casaldelsinfants.org\/es\/wp-json\/wp\/v2\/comments?post=4598"}],"version-history":[{"count":1,"href":"https:\/\/www.casaldelsinfants.org\/es\/wp-json\/wp\/v2\/posts\/4598\/revisions"}],"predecessor-version":[{"id":9949,"href":"https:\/\/www.casaldelsinfants.org\/es\/wp-json\/wp\/v2\/posts\/4598\/revisions\/9949"}],"wp:featuredmedia":[{"embeddable":true,"href":"https:\/\/www.casaldelsinfants.org\/es\/wp-json\/wp\/v2\/media\/3757"}],"wp:attachment":[{"href":"https:\/\/www.casaldelsinfants.org\/es\/wp-json\/wp\/v2\/media?parent=4598"}],"wp:term":[{"taxonomy":"category","embeddable":true,"href":"https:\/\/www.casaldelsinfants.org\/es\/wp-json\/wp\/v2\/categories?post=4598"},{"taxonomy":"post_tag","embeddable":true,"href":"https:\/\/www.casaldelsinfants.org\/es\/wp-json\/wp\/v2\/tags?post=4598"},{"taxonomy":"seus","embeddable":true,"href":"https:\/\/www.casaldelsinfants.org\/es\/wp-json\/wp\/v2\/seus?post=4598"},{"taxonomy":"eixos","embeddable":true,"href":"https:\/\/www.casaldelsinfants.org\/es\/wp-json\/wp\/v2\/eixos?post=4598"}],"curies":[{"name":"wp","href":"https:\/\/api.w.org\/{rel}","templated":true}]}}