{"id":46550,"date":"2026-01-20T17:34:03","date_gmt":"2026-01-20T15:34:03","guid":{"rendered":"https:\/\/www.casaldelsinfants.org\/?p=46550"},"modified":"2026-01-21T17:22:35","modified_gmt":"2026-01-21T15:22:35","slug":"jornada-rassif-2025-cast","status":"publish","type":"post","link":"https:\/\/www.casaldelsinfants.org\/es\/actualidad\/jornada-rassif-2025-cast\/","title":{"rendered":"J\u00f3venes migrados y entidades reclaman cumplir el marco jur\u00eddico en la protecci\u00f3n de ni\u00f1os y ni\u00f1as migrados solos y m\u00e1s coordinaci\u00f3n entre territorios"},"content":{"rendered":"<p>En el marco de la jornada Rassif &#8216;<b>Infants, migrats i sols: triple vulnerabilitat, m\u00e9s protecci\u00f3&#8217;<\/b><span style=\"font-weight: 400;\">, celebrada el pasado diciembre en el Museu Mar\u00edtim de Barcelona, j\u00f3venes y entidades reclamaron <strong>el cumplimiento del marco jur\u00eddico en la protecci\u00f3n de los ni\u00f1os y ni\u00f1as migrados solos y<\/strong> <strong>m\u00e1s mecanismos de seguimiento compartido<\/strong> y trabajo en red entre comunidades aut\u00f3nomas y los estados por donde transitan estos chicos y chicas.\u00a0<\/span><\/p>\n<p>Con la presentaci\u00f3n del informe \u00abMarc j<span style=\"font-weight: 400;\">ur\u00eddic del sistema de protecci\u00f3 de menors i jovent migrant sol i les seves vulneracions a Catalunya\u201d, de la <\/span><b>Fundaci\u00f3n Ficat<\/b><span style=\"font-weight: 400;\"> y el Casal dels Infants, alertaron que la falta de esta coordinaci\u00f3n impide garantizar la protecci\u00f3n de los menores y puede llegar a tener <strong>consecuencias graves en sus vidas<\/strong>, como demuestra alguno de los casos documentados.\u00a0<\/span><\/p>\n<p>&nbsp;<\/p>\n<h2><b>Pruebas de determinaci\u00f3n de edad y la expulsi\u00f3n de centros de protecci\u00f3n de menores\u00a0<\/b><\/h2>\n<p><span style=\"font-weight: 400;\">El documento, que present\u00f3 Laia Costa, jurista de la Fundaci\u00f3n Ficat, hace un examen exhaustivo actual en materia de protecci\u00f3n a la infancia y se\u00f1alaba graves incumplimientos de la misma \u2014por parte de las administraciones competentes en materia de protecci\u00f3n a la infancia, como la Generalitat de Catalunya, la Fiscal\u00eda de Menores y la Oficina de Extranjer\u00eda\u2014, como la <strong>pr\u00e1ctica de pruebas de determinaci\u00f3n de la edad a ni\u00f1os<\/strong> que cuentan con un pasaporte que los acredita como menores y no ha sido declarado falso por ning\u00fan procedimiento judicial, y la <strong>no tramitaci\u00f3n de la correspondiente autorizaci\u00f3n de residencia y trabajo<\/strong> de estos menores.<\/span><\/p>\n<p>&nbsp;<\/p>\n<p><img decoding=\"async\" class=\"aligncenter wp-image-46460\" src=\"https:\/\/www.casaldelsinfants.org\/wp-content\/uploads\/DSC03179-scaled.webp\" alt=\"Jornada Rassif 2\" width=\"616\" height=\"347\" \/><\/p>\n<p>&nbsp;<\/p>\n<p><span style=\"font-weight: 400;\">Practicarlas supone el incumplimiento de recomendaciones del Comit\u00e9 de los Derechos del Ni\u00f1o de Naciones Unidas y la jurisprudencia del Tribunal Supremo, y genera situaciones de \u00ablimbos legales\u00bb y la <strong>expulsi\u00f3n de centros de protecci\u00f3n de menores cuando a\u00fan no lo son<\/strong>. Tambi\u00e9n recoge casos donde <strong>no se tramita la autorizaci\u00f3n de residencia y trabajo a los ni\u00f1os y ni\u00f1as durante su tutela<\/strong> en el plazo de tres meses que la ley prev\u00e9, dificultando la integraci\u00f3n y la autonom\u00eda de los j\u00f3venes.\u00a0<\/span><\/p>\n<p>&nbsp;<\/p>\n<h2><b>La precariedad en el salto a la adultez y la invisibilidad de las chicas que migran<\/b><\/h2>\n<p><span style=\"font-weight: 400;\">En cuanto a los <strong>programas de vivienda y prestaciones para j\u00f3venes ex tutelados<\/strong>, el informe se\u00f1ala que <strong>cubren una proporci\u00f3n muy baja de j\u00f3venes<\/strong> y que los que acceden tardan meses en beneficiarse, a pesar que el sistema de protecci\u00f3n a la infancia en Catalunya tiene la obligaci\u00f3n de garantizar apoyo a los chicos y chicas en el paso a la adultez.\u00a0<\/span><\/p>\n<p>Los datos recogidos muestran una baja cobertura de los programas de apoyo a la emancipaci\u00f3n: el a\u00f1o 2023, <strong>mientras 1.762 j\u00f3venes tutelados alcanzaron la mayor\u00eda de edad, solo 746 fueron dados de alta en el servicio de apoyo<\/strong> (ASJTET). Esta falta de recursos hace que un 29% de los j\u00f3venes que viven en la calle en Barcelona hayan pasado previamente por centros de protecci\u00f3n. Adem\u00e1s, <strong>no hay suficientes profesionales para la gesti\u00f3n de estos programas ni para garantizar acompa\u00f1amiento socioeducativo a los chicos y chicas en cumplir los 18 a\u00f1os<\/strong>, como tambi\u00e9n ya <a href=\"https:\/\/www.sindic.cat\/ca\/page.asp?id=53&amp;ui=10951\" target=\"_blank\" rel=\"noopener\">alert\u00f3 el S\u00edndic de Greuges<\/a>.<\/p>\n<p>&nbsp;<\/p>\n<p><img decoding=\"async\" class=\" wp-image-46463 aligncenter\" src=\"https:\/\/www.casaldelsinfants.org\/wp-content\/uploads\/DSC03327-scaled.webp\" alt=\"Jornada Rassif 3\" width=\"630\" height=\"355\" \/><\/p>\n<p>&nbsp;<\/p>\n<p><span style=\"font-weight: 400;\">M\u00e1s all\u00e1 de la falta de recursos desplegados por la administraci\u00f3n, la juventud migrada ex tutelada tambi\u00e9n tiene que afrontar la <strong>discriminaci\u00f3n en el acceso al mercado de vivienda<\/strong>. <\/span><\/p>\n<p>Otro aspecto a destacar es la <strong>falta de medidas espec\u00edficas con perspectiva de g\u00e9nero para mejorar la protecci\u00f3n de las chicas migradas solas<\/strong>, a menudo invisibilizadas y expuestas a m\u00e1s violencia y vulnerabilidad por el hecho de ser mujeres. Adem\u00e1s, una vez llegan a Catalunya, presentan tasas m\u00e1s bajas de detecci\u00f3n por el sistema de protecci\u00f3n.<\/p>\n<p>&nbsp;<\/p>\n<blockquote><p><a href=\"https:\/\/www.casaldelsinfants.org\/wp-content\/uploads\/Informe-Ficat-2025final-3.pdf\" target=\"_blank\" rel=\"noopener\"><img decoding=\"async\" class=\"alignnone wp-image-46563\" src=\"https:\/\/www.casaldelsinfants.org\/wp-content\/uploads\/HHHHHHHHHHH-png.webp\" alt=\"Portada Informa FICAT \u00abMarc jur\u00eddic del sistema de protecci\u00f3 de menors i jovent migrant sol i les seves vulneracions a Catalunya\u201d\" width=\"237\" height=\"336\" \/><\/a><\/p>\n<p><a href=\"https:\/\/www.casaldelsinfants.org\/wp-content\/uploads\/Informe-Ficat-2025final-3.pdf\" target=\"_blank\" rel=\"noopener\">Informe FICAT: \u00abMarc j<span style=\"font-weight: 400;\">ur\u00eddic del sistema de protecci\u00f3 de menors i jovent migrant sol i les seves vulneracions a Catalunya\u201d<\/span><\/a><\/p><\/blockquote>\n<p>&nbsp;<\/p>\n<h2><b>\u201cMenores y j\u00f3venes migrados\u201d, el informe de la Universitat Pompeu Fabra<\/b><\/h2>\n<p><span style=\"font-weight: 400;\">Tambi\u00e9n en el marco del programa Rassif, se elabor\u00f3 un segundo informe, de la Universidad Pompeu Fabra (UPF) y el Casal. El informe \u00ab<b>Menors i joves migrants: campaments, portes d\u2019entrada i drets humans\u201d<\/b> presenta los resultados de un amplio trabajo de campo hecho en Marruecos y Catalunya sobre la situaci\u00f3n de los menores y j\u00f3venes migrados en mobilidad transnacional.\u00a0<\/span><\/p>\n<p>El estudio, elaborado por los investigadores J<span style=\"font-weight: 400;\">os\u00e9 S\u00e1nchez-Garc\u00eda i Carles Freixa, analiza como <strong>el \u00abconjunto fronterizo\u00bb formado por ambos territorios se convierte en un espacio de vulneraci\u00f3n sistem\u00e1tica de derechos<\/strong>, especialmente a trav\u00e9s de la \u00absecuratizaci\u00f3n\u00bb de las fronteras y la externalizaci\u00f3n del control migratorio. Campamentos, puertas de entrada y espacios de tr\u00e1nsito concentran situaciones de precariedad extrema, violencia institucional y falta de acceso efectivo a derechos b\u00e1sicos como la protecci\u00f3n jur\u00eddica, la salud, la educaci\u00f3n o una vida digna.\u00a0<\/span><\/p>\n<p>El informe concluye que, a pesar de las diferencias legales entre menores marroquines y subsaharianos, ambos colectivos comparten<strong> altos niveles de vulnerabilidad a lo largo de su itinerario migratorio y tambi\u00e9n en la llegada a Catalunya<\/strong>. Los sistemas de acogida existentes resultan insuficientes y desiguales, mientras que el <strong>tercer sector y los profesionales sociales asumen un papel clave en la defensa de los derechos de los j\u00f3venes<\/strong> en contextos de falta de recursos y presi\u00f3n institucional.<\/p>\n<p>Ante esta realidad, el documento defiende la necesidad de un enfoque basado en los derechos humanos y la interseccionalidad, y reclama una <strong>mejor coordinaci\u00f3n entre instituciones y entidades para garantizar una protecci\u00f3n real y efectiva de los menores y j\u00f3venes migrados<\/strong>.<\/p>\n<p>&nbsp;<\/p>\n<blockquote><p><img decoding=\"async\" class=\"alignnone wp-image-46567 \" src=\"https:\/\/www.casaldelsinfants.org\/wp-content\/uploads\/JJJJJJJJ-png.webp\" alt=\"Portada informe UPF &quot;Menors i joves migrants: campaments, portes d\u2019entrada i drets humans\u201d\" width=\"246\" height=\"349\" \/><\/p>\n<p><a href=\"https:\/\/www.casaldelsinfants.org\/wp-content\/uploads\/Informe-UPF-2025-3.pdf\" target=\"_blank\" rel=\"noopener\">Informe UPF: \u00abMenors i joves migrants: campaments, portes d\u2019entrada i drets humans\u201d<\/a><\/p><\/blockquote>\n<h2><\/h2>\n<h2><b>Mesas redondas con j\u00f3venes, entidades y agentes p\u00fablicos<\/b><\/h2>\n<p><span style=\"font-weight: 400;\">Durante el acto, presentado y conducido por el periodista Ferran Moreno, tambi\u00e9n tuvo lugar una mesa redonda posterior dividida en tres partes: la primera, con Madou Cessay, Mohamed Hamadah, Ebou Faal Jaiteh y Bilal Knioine, <\/span><b>j\u00f3venes de Gambia y Marruecos que han hecho el proceso migratoria solos<\/b><span style=\"font-weight: 400;\">.\u00a0<\/span><\/p>\n<p>&nbsp;<\/p>\n<p><img decoding=\"async\" class=\" wp-image-46466 aligncenter\" src=\"https:\/\/www.casaldelsinfants.org\/wp-content\/uploads\/editada_DSC0320000-1-scaled.webp\" alt=\"Jornada Rassif 4\" width=\"603\" height=\"340\" \/><\/p>\n<p>&nbsp;<\/p>\n<p><span style=\"font-weight: 400;\">La segunda mesa redonda cont\u00f3 con la directora del Casal dels Infants al Marroc, Claire Trichot, y Dounya Moussaoui, t\u00e9cnica de proyectos de la <strong>Fundaci\u00f3n SURT<\/strong>. Expusieron los principales resultados del <strong>proyecto Chams, que trabaja para la protecci\u00f3n y visibilidad de las chicas menores y j\u00f3venes<\/strong> en situaci\u00f3n de violencia de g\u00e9nero entre T\u00e1nger y Barcelona con el objetivo de contribuir a visibilizar y garantizar los derechos de las chicas menores y j\u00f3venes en situaci\u00f3n y riesgo mediante la respuesta colectiva y coordinada de los actores implicados en Marruecos y Catalunya.\u00a0<\/span><\/p>\n<p>Para cerrar el acto, este se acab\u00f3 con una mesa con representantes de algunos organismos p\u00fablicos que intervienen en esta realidad, con <strong>Esther Vallbona<\/strong>, subdirectora <span style=\"font-weight: 400;\">general de Prevenci\u00f3n y Atenci\u00f3n a la Infancia y la Adolescencia del Departamento de Derechos Sociales e Inclusi\u00f3n de la Generalitat de Catalunya, y <strong>Anna Piferrer<\/strong>, asesora del \u00e1rea de Infancia de la S\u00edndica de Greuges de Catalunya.<\/span><\/p>\n<p>&nbsp;<\/p>\n<p><img decoding=\"async\" class=\"wp-image-46469 aligncenter\" src=\"https:\/\/www.casaldelsinfants.org\/wp-content\/uploads\/DSC03308-1-scaled.webp\" alt=\"Jornada Rassif 5\" width=\"619\" height=\"349\" \/><\/p>\n<h2><\/h2>\n<h2><b>El proyecto Rassif<\/b><\/h2>\n<p><span style=\"font-weight: 400;\">La jornada se enmarca en el <strong>proyecto Rassif<\/strong>, que lidera el Casal dels Infants en colaboraci\u00f3n con una red de entidades en Catalunya y Marruecos para <strong>mejorar la protecci\u00f3n transnacional de los derechos de los ni\u00f1os, ni\u00f1as y j\u00f3venes migrantes solas en ambos territorios<\/strong>.\u00a0<\/span><\/p>\n<p>Las entidades que han participado en la elaboraci\u00f3n del informe de an\u00e1lisis del marco jur\u00eddico son: <span style=\"font-weight: 400;\">Casal dels Infants, Fundaci\u00f3n Ficat, La Xixa, Fundaci\u00f3n Idea, Fundaci\u00f3n Putxet, Punt de Refer\u00e8ncia y Cepaim.\u00a0<\/span><\/p>\n<p>Las entidades que forman parte del proyecto Rassif a Catalunya son: <span style=\"font-weight: 400;\">Casal dels Infants, Bayt al-Thaqafa, Cepaim, Centre de Dia Dar Chabab, Fundaci\u00f3n Ficat, UPF, Aida, Iniciatives Solid\u00e0ries, Fundaci\u00f3n Putxet, Fundesplai, Fundaci\u00f3n Idea, Fundaci\u00f3n Esperan\u00e7a-Casa Rec\u00e9s, Punt de Refer\u00e8ncia, La Xixa Teatre y el Servei de Detecci\u00f3 i Intervenci\u00f3 (SDI), gestionado por PROGESS, del Departament de Serveis Socials d\u2019Intervenci\u00f3 a l\u2019Espai P\u00fablic, Institut Municipal de Serveis Socials (IMSS).<\/span><\/p>\n","protected":false},"excerpt":{"rendered":"<p>En el marco de la jornada Rassif &#8216;Infants, migrats i sols: triple vulnerabilitat, m\u00e9s protecci\u00f3&#8217;, celebrada el pasado diciembre en el Museu Mar\u00edtim de Barcelona, j\u00f3venes y entidades reclamaron el cumplimiento del marco jur\u00eddico en la protecci\u00f3n de los ni\u00f1os y ni\u00f1as migrados solos y m\u00e1s mecanismos de seguimiento compartido y trabajo en red entre [&hellip;]<\/p>\n","protected":false},"author":9,"featured_media":46459,"comment_status":"open","ping_status":"open","sticky":false,"template":"","format":"standard","meta":{"_acf_changed":false,"_et_pb_use_builder":"","_et_pb_old_content":"","_et_gb_content_width":"","inline_featured_image":false,"footnotes":""},"categories":[125],"tags":[],"seus":[158],"eixos":[223],"class_list":["post-46550","post","type-post","status-publish","format-standard","has-post-thumbnail","hentry","category-noticias","seus-marruecos","eixos-joves-es"],"acf":[],"yoast_head":"<!-- This site is optimized with the Yoast SEO plugin v27.4 - https:\/\/yoast.com\/product\/yoast-seo-wordpress\/ -->\n<title>Jornada Rassif 2026 - Casal dels Infants<\/title>\n<meta name=\"robots\" content=\"index, follow, max-snippet:-1, max-image-preview:large, max-video-preview:-1\" \/>\n<link rel=\"canonical\" href=\"https:\/\/www.casaldelsinfants.org\/es\/actualidad\/jornada-rassif-2025-cast\/\" \/>\n<meta property=\"og:locale\" content=\"es_ES\" \/>\n<meta property=\"og:type\" content=\"article\" \/>\n<meta property=\"og:title\" content=\"Jornada Rassif 2026 - Casal dels Infants\" \/>\n<meta property=\"og:description\" content=\"En el marco de la jornada Rassif &#8216;Infants, migrats i sols: triple vulnerabilitat, m\u00e9s protecci\u00f3&#8217;, celebrada el pasado diciembre en el Museu Mar\u00edtim de Barcelona, j\u00f3venes y entidades reclamaron el cumplimiento del marco jur\u00eddico en la protecci\u00f3n de los ni\u00f1os y ni\u00f1as migrados solos y m\u00e1s mecanismos de seguimiento compartido y trabajo en red entre [&hellip;]\" \/>\n<meta property=\"og:url\" content=\"https:\/\/www.casaldelsinfants.org\/es\/actualidad\/jornada-rassif-2025-cast\/\" \/>\n<meta property=\"og:site_name\" content=\"Casal dels Infants\" \/>\n<meta property=\"article:publisher\" content=\"https:\/\/www.facebook.com\/casalinfants\" \/>\n<meta property=\"article:published_time\" content=\"2026-01-20T15:34:03+00:00\" \/>\n<meta property=\"article:modified_time\" content=\"2026-01-21T15:22:35+00:00\" \/>\n<meta property=\"og:image\" content=\"https:\/\/www.casaldelsinfants.org\/wp-content\/uploads\/DSC03240-scaled.webp\" \/>\n\t<meta property=\"og:image:width\" content=\"2560\" \/>\n\t<meta property=\"og:image:height\" content=\"1440\" \/>\n\t<meta property=\"og:image:type\" content=\"image\/jpeg\" \/>\n<meta name=\"author\" content=\"julia\" \/>\n<meta name=\"twitter:card\" content=\"summary_large_image\" \/>\n<meta name=\"twitter:creator\" content=\"@casalinfants\" \/>\n<meta name=\"twitter:site\" content=\"@casalinfants\" \/>\n<meta name=\"twitter:label1\" content=\"Escrito por\" \/>\n\t<meta name=\"twitter:data1\" content=\"julia\" \/>\n\t<meta name=\"twitter:label2\" content=\"Tiempo de lectura\" \/>\n\t<meta name=\"twitter:data2\" content=\"8 minutos\" \/>\n<script type=\"application\/ld+json\" class=\"yoast-schema-graph\">{\"@context\":\"https:\\\/\\\/schema.org\",\"@graph\":[{\"@type\":\"Article\",\"@id\":\"https:\\\/\\\/www.casaldelsinfants.org\\\/es\\\/actualidad\\\/jornada-rassif-2025-cast\\\/#article\",\"isPartOf\":{\"@id\":\"https:\\\/\\\/www.casaldelsinfants.org\\\/es\\\/actualidad\\\/jornada-rassif-2025-cast\\\/\"},\"author\":{\"name\":\"julia\",\"@id\":\"https:\\\/\\\/www.casaldelsinfants.org\\\/es\\\/#\\\/schema\\\/person\\\/e870791b50f03fd60f872e1cd83910fc\"},\"headline\":\"J\u00f3venes migrados y entidades reclaman cumplir el marco jur\u00eddico en la protecci\u00f3n de ni\u00f1os y ni\u00f1as migrados solos y m\u00e1s coordinaci\u00f3n entre territorios\",\"datePublished\":\"2026-01-20T15:34:03+00:00\",\"dateModified\":\"2026-01-21T15:22:35+00:00\",\"mainEntityOfPage\":{\"@id\":\"https:\\\/\\\/www.casaldelsinfants.org\\\/es\\\/actualidad\\\/jornada-rassif-2025-cast\\\/\"},\"wordCount\":1419,\"commentCount\":0,\"publisher\":{\"@id\":\"https:\\\/\\\/www.casaldelsinfants.org\\\/es\\\/#organization\"},\"image\":{\"@id\":\"https:\\\/\\\/www.casaldelsinfants.org\\\/es\\\/actualidad\\\/jornada-rassif-2025-cast\\\/#primaryimage\"},\"thumbnailUrl\":\"https:\\\/\\\/www.casaldelsinfants.org\\\/wp-content\\\/uploads\\\/DSC03240-scaled.webp\",\"articleSection\":[\"Noticia\"],\"inLanguage\":\"es\",\"potentialAction\":[{\"@type\":\"CommentAction\",\"name\":\"Comment\",\"target\":[\"https:\\\/\\\/www.casaldelsinfants.org\\\/es\\\/actualidad\\\/jornada-rassif-2025-cast\\\/#respond\"]}]},{\"@type\":\"WebPage\",\"@id\":\"https:\\\/\\\/www.casaldelsinfants.org\\\/es\\\/actualidad\\\/jornada-rassif-2025-cast\\\/\",\"url\":\"https:\\\/\\\/www.casaldelsinfants.org\\\/es\\\/actualidad\\\/jornada-rassif-2025-cast\\\/\",\"name\":\"Jornada Rassif 2026 - Casal dels Infants\",\"isPartOf\":{\"@id\":\"https:\\\/\\\/www.casaldelsinfants.org\\\/es\\\/#website\"},\"primaryImageOfPage\":{\"@id\":\"https:\\\/\\\/www.casaldelsinfants.org\\\/es\\\/actualidad\\\/jornada-rassif-2025-cast\\\/#primaryimage\"},\"image\":{\"@id\":\"https:\\\/\\\/www.casaldelsinfants.org\\\/es\\\/actualidad\\\/jornada-rassif-2025-cast\\\/#primaryimage\"},\"thumbnailUrl\":\"https:\\\/\\\/www.casaldelsinfants.org\\\/wp-content\\\/uploads\\\/DSC03240-scaled.webp\",\"datePublished\":\"2026-01-20T15:34:03+00:00\",\"dateModified\":\"2026-01-21T15:22:35+00:00\",\"breadcrumb\":{\"@id\":\"https:\\\/\\\/www.casaldelsinfants.org\\\/es\\\/actualidad\\\/jornada-rassif-2025-cast\\\/#breadcrumb\"},\"inLanguage\":\"es\",\"potentialAction\":[{\"@type\":\"ReadAction\",\"target\":[\"https:\\\/\\\/www.casaldelsinfants.org\\\/es\\\/actualidad\\\/jornada-rassif-2025-cast\\\/\"]}]},{\"@type\":\"ImageObject\",\"inLanguage\":\"es\",\"@id\":\"https:\\\/\\\/www.casaldelsinfants.org\\\/es\\\/actualidad\\\/jornada-rassif-2025-cast\\\/#primaryimage\",\"url\":\"https:\\\/\\\/www.casaldelsinfants.org\\\/wp-content\\\/uploads\\\/DSC03240-scaled.webp\",\"contentUrl\":\"https:\\\/\\\/www.casaldelsinfants.org\\\/wp-content\\\/uploads\\\/DSC03240-scaled.webp\",\"width\":2560,\"height\":1440,\"caption\":\"Jornada Rassif 1\"},{\"@type\":\"BreadcrumbList\",\"@id\":\"https:\\\/\\\/www.casaldelsinfants.org\\\/es\\\/actualidad\\\/jornada-rassif-2025-cast\\\/#breadcrumb\",\"itemListElement\":[{\"@type\":\"ListItem\",\"position\":1,\"name\":\"Inici\",\"item\":\"https:\\\/\\\/www.casaldelsinfants.org\\\/es\\\/\"},{\"@type\":\"ListItem\",\"position\":2,\"name\":\"J\u00f3venes migrados y entidades reclaman cumplir el marco jur\u00eddico en la protecci\u00f3n de ni\u00f1os y ni\u00f1as migrados solos y m\u00e1s coordinaci\u00f3n entre territorios\"}]},{\"@type\":\"WebSite\",\"@id\":\"https:\\\/\\\/www.casaldelsinfants.org\\\/es\\\/#website\",\"url\":\"https:\\\/\\\/www.casaldelsinfants.org\\\/es\\\/\",\"name\":\"Casal dels Infants\",\"description\":\"\",\"publisher\":{\"@id\":\"https:\\\/\\\/www.casaldelsinfants.org\\\/es\\\/#organization\"},\"potentialAction\":[{\"@type\":\"SearchAction\",\"target\":{\"@type\":\"EntryPoint\",\"urlTemplate\":\"https:\\\/\\\/www.casaldelsinfants.org\\\/es\\\/?s={search_term_string}\"},\"query-input\":{\"@type\":\"PropertyValueSpecification\",\"valueRequired\":true,\"valueName\":\"search_term_string\"}}],\"inLanguage\":\"es\"},{\"@type\":\"Organization\",\"@id\":\"https:\\\/\\\/www.casaldelsinfants.org\\\/es\\\/#organization\",\"name\":\"Casal dels Infants\",\"url\":\"https:\\\/\\\/www.casaldelsinfants.org\\\/es\\\/\",\"logo\":{\"@type\":\"ImageObject\",\"inLanguage\":\"es\",\"@id\":\"https:\\\/\\\/www.casaldelsinfants.org\\\/es\\\/#\\\/schema\\\/logo\\\/image\\\/\",\"url\":\"https:\\\/\\\/www.casaldelsinfants.org\\\/wp-content\\\/uploads\\\/logo-mail.png\",\"contentUrl\":\"https:\\\/\\\/www.casaldelsinfants.org\\\/wp-content\\\/uploads\\\/logo-mail.png\",\"width\":380,\"height\":158,\"caption\":\"Casal dels Infants\"},\"image\":{\"@id\":\"https:\\\/\\\/www.casaldelsinfants.org\\\/es\\\/#\\\/schema\\\/logo\\\/image\\\/\"},\"sameAs\":[\"https:\\\/\\\/www.facebook.com\\\/casalinfants\",\"https:\\\/\\\/x.com\\\/casalinfants\",\"https:\\\/\\\/www.youtube.com\\\/user\\\/CasaldelsInfants1\",\"https:\\\/\\\/www.instagram.com\\\/casalinfants\\\/\",\"https:\\\/\\\/www.linkedin.com\\\/company\\\/casaldelsinfants?trk=organization-update_share-update_actor-text\"]},{\"@type\":\"Person\",\"@id\":\"https:\\\/\\\/www.casaldelsinfants.org\\\/es\\\/#\\\/schema\\\/person\\\/e870791b50f03fd60f872e1cd83910fc\",\"name\":\"julia\"}]}<\/script>\n<!-- \/ Yoast SEO plugin. -->","yoast_head_json":{"title":"Jornada Rassif 2026 - Casal dels Infants","robots":{"index":"index","follow":"follow","max-snippet":"max-snippet:-1","max-image-preview":"max-image-preview:large","max-video-preview":"max-video-preview:-1"},"canonical":"https:\/\/www.casaldelsinfants.org\/es\/actualidad\/jornada-rassif-2025-cast\/","og_locale":"es_ES","og_type":"article","og_title":"Jornada Rassif 2026 - Casal dels Infants","og_description":"En el marco de la jornada Rassif &#8216;Infants, migrats i sols: triple vulnerabilitat, m\u00e9s protecci\u00f3&#8217;, celebrada el pasado diciembre en el Museu Mar\u00edtim de Barcelona, j\u00f3venes y entidades reclamaron el cumplimiento del marco jur\u00eddico en la protecci\u00f3n de los ni\u00f1os y ni\u00f1as migrados solos y m\u00e1s mecanismos de seguimiento compartido y trabajo en red entre [&hellip;]","og_url":"https:\/\/www.casaldelsinfants.org\/es\/actualidad\/jornada-rassif-2025-cast\/","og_site_name":"Casal dels Infants","article_publisher":"https:\/\/www.facebook.com\/casalinfants","article_published_time":"2026-01-20T15:34:03+00:00","article_modified_time":"2026-01-21T15:22:35+00:00","og_image":[{"width":2560,"height":1440,"url":"https:\/\/www.casaldelsinfants.org\/wp-content\/uploads\/DSC03240-scaled.webp","type":"image\/jpeg"}],"author":"julia","twitter_card":"summary_large_image","twitter_creator":"@casalinfants","twitter_site":"@casalinfants","twitter_misc":{"Escrito por":"julia","Tiempo de lectura":"8 minutos"},"schema":{"@context":"https:\/\/schema.org","@graph":[{"@type":"Article","@id":"https:\/\/www.casaldelsinfants.org\/es\/actualidad\/jornada-rassif-2025-cast\/#article","isPartOf":{"@id":"https:\/\/www.casaldelsinfants.org\/es\/actualidad\/jornada-rassif-2025-cast\/"},"author":{"name":"julia","@id":"https:\/\/www.casaldelsinfants.org\/es\/#\/schema\/person\/e870791b50f03fd60f872e1cd83910fc"},"headline":"J\u00f3venes migrados y entidades reclaman cumplir el marco jur\u00eddico en la protecci\u00f3n de ni\u00f1os y ni\u00f1as migrados solos y m\u00e1s coordinaci\u00f3n entre territorios","datePublished":"2026-01-20T15:34:03+00:00","dateModified":"2026-01-21T15:22:35+00:00","mainEntityOfPage":{"@id":"https:\/\/www.casaldelsinfants.org\/es\/actualidad\/jornada-rassif-2025-cast\/"},"wordCount":1419,"commentCount":0,"publisher":{"@id":"https:\/\/www.casaldelsinfants.org\/es\/#organization"},"image":{"@id":"https:\/\/www.casaldelsinfants.org\/es\/actualidad\/jornada-rassif-2025-cast\/#primaryimage"},"thumbnailUrl":"https:\/\/www.casaldelsinfants.org\/wp-content\/uploads\/DSC03240-scaled.webp","articleSection":["Noticia"],"inLanguage":"es","potentialAction":[{"@type":"CommentAction","name":"Comment","target":["https:\/\/www.casaldelsinfants.org\/es\/actualidad\/jornada-rassif-2025-cast\/#respond"]}]},{"@type":"WebPage","@id":"https:\/\/www.casaldelsinfants.org\/es\/actualidad\/jornada-rassif-2025-cast\/","url":"https:\/\/www.casaldelsinfants.org\/es\/actualidad\/jornada-rassif-2025-cast\/","name":"Jornada Rassif 2026 - Casal dels Infants","isPartOf":{"@id":"https:\/\/www.casaldelsinfants.org\/es\/#website"},"primaryImageOfPage":{"@id":"https:\/\/www.casaldelsinfants.org\/es\/actualidad\/jornada-rassif-2025-cast\/#primaryimage"},"image":{"@id":"https:\/\/www.casaldelsinfants.org\/es\/actualidad\/jornada-rassif-2025-cast\/#primaryimage"},"thumbnailUrl":"https:\/\/www.casaldelsinfants.org\/wp-content\/uploads\/DSC03240-scaled.webp","datePublished":"2026-01-20T15:34:03+00:00","dateModified":"2026-01-21T15:22:35+00:00","breadcrumb":{"@id":"https:\/\/www.casaldelsinfants.org\/es\/actualidad\/jornada-rassif-2025-cast\/#breadcrumb"},"inLanguage":"es","potentialAction":[{"@type":"ReadAction","target":["https:\/\/www.casaldelsinfants.org\/es\/actualidad\/jornada-rassif-2025-cast\/"]}]},{"@type":"ImageObject","inLanguage":"es","@id":"https:\/\/www.casaldelsinfants.org\/es\/actualidad\/jornada-rassif-2025-cast\/#primaryimage","url":"https:\/\/www.casaldelsinfants.org\/wp-content\/uploads\/DSC03240-scaled.webp","contentUrl":"https:\/\/www.casaldelsinfants.org\/wp-content\/uploads\/DSC03240-scaled.webp","width":2560,"height":1440,"caption":"Jornada Rassif 1"},{"@type":"BreadcrumbList","@id":"https:\/\/www.casaldelsinfants.org\/es\/actualidad\/jornada-rassif-2025-cast\/#breadcrumb","itemListElement":[{"@type":"ListItem","position":1,"name":"Inici","item":"https:\/\/www.casaldelsinfants.org\/es\/"},{"@type":"ListItem","position":2,"name":"J\u00f3venes migrados y entidades reclaman cumplir el marco jur\u00eddico en la protecci\u00f3n de ni\u00f1os y ni\u00f1as migrados solos y m\u00e1s coordinaci\u00f3n entre territorios"}]},{"@type":"WebSite","@id":"https:\/\/www.casaldelsinfants.org\/es\/#website","url":"https:\/\/www.casaldelsinfants.org\/es\/","name":"Casal dels Infants","description":"","publisher":{"@id":"https:\/\/www.casaldelsinfants.org\/es\/#organization"},"potentialAction":[{"@type":"SearchAction","target":{"@type":"EntryPoint","urlTemplate":"https:\/\/www.casaldelsinfants.org\/es\/?s={search_term_string}"},"query-input":{"@type":"PropertyValueSpecification","valueRequired":true,"valueName":"search_term_string"}}],"inLanguage":"es"},{"@type":"Organization","@id":"https:\/\/www.casaldelsinfants.org\/es\/#organization","name":"Casal dels Infants","url":"https:\/\/www.casaldelsinfants.org\/es\/","logo":{"@type":"ImageObject","inLanguage":"es","@id":"https:\/\/www.casaldelsinfants.org\/es\/#\/schema\/logo\/image\/","url":"https:\/\/www.casaldelsinfants.org\/wp-content\/uploads\/logo-mail.png","contentUrl":"https:\/\/www.casaldelsinfants.org\/wp-content\/uploads\/logo-mail.png","width":380,"height":158,"caption":"Casal dels Infants"},"image":{"@id":"https:\/\/www.casaldelsinfants.org\/es\/#\/schema\/logo\/image\/"},"sameAs":["https:\/\/www.facebook.com\/casalinfants","https:\/\/x.com\/casalinfants","https:\/\/www.youtube.com\/user\/CasaldelsInfants1","https:\/\/www.instagram.com\/casalinfants\/","https:\/\/www.linkedin.com\/company\/casaldelsinfants?trk=organization-update_share-update_actor-text"]},{"@type":"Person","@id":"https:\/\/www.casaldelsinfants.org\/es\/#\/schema\/person\/e870791b50f03fd60f872e1cd83910fc","name":"julia"}]}},"publishpress_future_action":{"enabled":false,"date":"2026-05-05 18:23:50","action":"change-status","newStatus":"draft","terms":[],"taxonomy":"category","extraData":[]},"publishpress_future_workflow_manual_trigger":{"enabledWorkflows":[]},"_links":{"self":[{"href":"https:\/\/www.casaldelsinfants.org\/es\/wp-json\/wp\/v2\/posts\/46550","targetHints":{"allow":["GET"]}}],"collection":[{"href":"https:\/\/www.casaldelsinfants.org\/es\/wp-json\/wp\/v2\/posts"}],"about":[{"href":"https:\/\/www.casaldelsinfants.org\/es\/wp-json\/wp\/v2\/types\/post"}],"author":[{"embeddable":true,"href":"https:\/\/www.casaldelsinfants.org\/es\/wp-json\/wp\/v2\/users\/9"}],"replies":[{"embeddable":true,"href":"https:\/\/www.casaldelsinfants.org\/es\/wp-json\/wp\/v2\/comments?post=46550"}],"version-history":[{"count":10,"href":"https:\/\/www.casaldelsinfants.org\/es\/wp-json\/wp\/v2\/posts\/46550\/revisions"}],"predecessor-version":[{"id":46671,"href":"https:\/\/www.casaldelsinfants.org\/es\/wp-json\/wp\/v2\/posts\/46550\/revisions\/46671"}],"wp:featuredmedia":[{"embeddable":true,"href":"https:\/\/www.casaldelsinfants.org\/es\/wp-json\/wp\/v2\/media\/46459"}],"wp:attachment":[{"href":"https:\/\/www.casaldelsinfants.org\/es\/wp-json\/wp\/v2\/media?parent=46550"}],"wp:term":[{"taxonomy":"category","embeddable":true,"href":"https:\/\/www.casaldelsinfants.org\/es\/wp-json\/wp\/v2\/categories?post=46550"},{"taxonomy":"post_tag","embeddable":true,"href":"https:\/\/www.casaldelsinfants.org\/es\/wp-json\/wp\/v2\/tags?post=46550"},{"taxonomy":"seus","embeddable":true,"href":"https:\/\/www.casaldelsinfants.org\/es\/wp-json\/wp\/v2\/seus?post=46550"},{"taxonomy":"eixos","embeddable":true,"href":"https:\/\/www.casaldelsinfants.org\/es\/wp-json\/wp\/v2\/eixos?post=46550"}],"curies":[{"name":"wp","href":"https:\/\/api.w.org\/{rel}","templated":true}]}}